{"id":1967,"date":"2010-10-16T23:07:30","date_gmt":"2010-10-16T22:07:30","guid":{"rendered":"http:\/\/unser-niedersaubach.de\/?p=1967"},"modified":"2013-06-26T15:23:01","modified_gmt":"2013-06-26T14:23:01","slug":"festgottesdienst","status":"publish","type":"post","link":"https:\/\/unser-niedersaubach.de\/?p=1967","title":{"rendered":"Festgottesdienst"},"content":{"rendered":"<p style=\"text-align: justify;\"><span style=\"color: #000000;\">Am 22. August 2010 fand anl\u00e4sslich unseres Jubil\u00e4umsfestes &#8222;100 Jahre St. Antonius Niedersaubach&#8220; ein Festgottesdienst statt, der vom Saarl\u00e4ndischen Rundfunk \u00fcbertragen wurde.<\/span><\/p>\n<p style=\"text-align: justify;\"><span style=\"color: #000000;\">Die Messe wurde zelebriert von unserem Dechanten, Pastor Franz-Rudolf M\u00fcller, und unserem Schirmherrn, Pastor Hermann Ludwig Meiser; musikalisch umrahmt wurde sie vom Lebacher Kirchenchor C\u00c4CILIA unter der Leitung des Kantors J\u00fcrgen Fr\u00f6hlich, begleitet von einer Bl\u00e4sergruppe des Gresaubacher Musikvereins.<\/span><\/p>\n<p style=\"text-align: justify;\"><span style=\"color: #000000;\">\u00dcberzeugen kann man sich nun noch einmal von der hohen Qualit\u00e4t der Kirchenmusik, die wir genie\u00dfen durften.<\/span><\/p>\n<p style=\"text-align: justify;\"><span style=\"color: #000000;\">Nochmals herzlichen Dank!<\/span><\/p>\n<p style=\"text-align: justify;\"><span style=\"color: #000000;\">Lothar Schmidt<\/span><\/p>\n<p style=\"text-align: justify;\"><span style=\"color: #000000;\">P.S.:<\/span><\/p>\n<p style=\"text-align: justify;\"><span style=\"color: #000000;\">Die Urheberrechte f\u00fcr diese Aufnahme liegen beim Lebacher Kirchenchor und dem Saarl\u00e4ndischen Rundfunk. Wir bedanken uns daf\u00fcr, dass wir sie hier abspielen d\u00fcrfen.<\/span><\/p>\n<p style=\"text-align: center;\">[media id=2 width=450 height=450]<\/p>\n<p style=\"text-align: justify;\"><span style=\"color: #000000;\">Wer sich diese Audio-Aufnahme &#8211; zusammen mit den Bildern, die uns freundlicherweise Thomas Seeber, Saarbr\u00fccker Zeitung, \u00fcberlassen hat, herunter laden m\u00f6chte, klickt einfach das unten beigef\u00fcgte Startbild an. Zur Klarstellung: Die Urheberrechte f\u00fcr die Bilder liegen weiterhin bei Thomas Seeber, Saarbr\u00fccker Zeitung.<\/span><\/p>\n<div id=\"attachment_2098\" style=\"width: 460px\" class=\"wp-caption aligncenter\"><a class=\"wpGallery\" title=\"Festgottesdienst &quot;100 Jahre St. Antoniuskapelle Niedersaubach&quot;\" href=\"http:\/\/unser-niedersaubach.de\/Musik\/100822_Festgottesdienst.pdf\" target=\"_blank\"><img loading=\"lazy\" decoding=\"async\" aria-describedby=\"caption-attachment-2098\" class=\"size-full wp-image-2098 \" title=\"sz_stantonius_3_450\" alt=\"\" src=\"http:\/\/unser-niedersaubach.de\/wp-content\/uploads\/2010\/10\/sz_stantonius_3_450.jpg\" width=\"450\" height=\"311\" srcset=\"https:\/\/unser-niedersaubach.de\/wp-content\/uploads\/2010\/10\/sz_stantonius_3_450.jpg 450w, https:\/\/unser-niedersaubach.de\/wp-content\/uploads\/2010\/10\/sz_stantonius_3_450-300x207.jpg 300w\" sizes=\"auto, (max-width: 450px) 100vw, 450px\" \/><\/a><p id=\"caption-attachment-2098\" class=\"wp-caption-text\">Festgottesdienst &#8222;100 Jahre St. Antonius Niedersaubach&#8220; am 22. August 2010, Foto: Thomas Seeber, Saarbr\u00fccker Zeitung<\/p><\/div>\n<p style=\"text-align: justify;\">\n<p style=\"text-align: center;\"><span style=\"color: #ff0000;\">Dieses Startbild zum Herunterladen der Bilder und der Musik einfach anklicken, aber Achtung: 56 MB!<\/span><\/p>\n","protected":false},"excerpt":{"rendered":"<p>Am 22. August 2010 fand anl\u00e4sslich unseres Jubil\u00e4umsfestes &#8222;100 Jahre St. Antonius Niedersaubach&#8220; ein Festgottesdienst statt, der vom Saarl\u00e4ndischen Rundfunk \u00fcbertragen wurde. Die Messe wurde zelebriert von unserem Dechanten, Pastor Franz-Rudolf M\u00fcller, und unserem Schirmherrn, Pastor Hermann Ludwig Meiser; musikalisch &hellip; <a href=\"https:\/\/unser-niedersaubach.de\/?p=1967\">Weiterlesen <span class=\"meta-nav\">&rarr;<\/span><\/a><\/p>\n","protected":false},"author":2,"featured_media":0,"comment_status":"open","ping_status":"open","sticky":false,"template":"","format":"gallery","meta":{"ngg_post_thumbnail":0,"footnotes":""},"categories":[13,71,48],"tags":[49,111,113,112,110],"class_list":["post-1967","post","type-post","status-publish","format-gallery","hentry","category-antoniuskapelle","category-festveranstaltung","category-jubilaum","tag-100-jahre","tag-festgottesdienst","tag-kantor-jurgen-frohlich","tag-kirchenchor-cacilia","tag-st-antoniuskapelle","post_format-post-format-gallery"],"_links":{"self":[{"href":"https:\/\/unser-niedersaubach.de\/index.php?rest_route=\/wp\/v2\/posts\/1967","targetHints":{"allow":["GET"]}}],"collection":[{"href":"https:\/\/unser-niedersaubach.de\/index.php?rest_route=\/wp\/v2\/posts"}],"about":[{"href":"https:\/\/unser-niedersaubach.de\/index.php?rest_route=\/wp\/v2\/types\/post"}],"author":[{"embeddable":true,"href":"https:\/\/unser-niedersaubach.de\/index.php?rest_route=\/wp\/v2\/users\/2"}],"replies":[{"embeddable":true,"href":"https:\/\/unser-niedersaubach.de\/index.php?rest_route=%2Fwp%2Fv2%2Fcomments&post=1967"}],"version-history":[{"count":61,"href":"https:\/\/unser-niedersaubach.de\/index.php?rest_route=\/wp\/v2\/posts\/1967\/revisions"}],"predecessor-version":[{"id":2095,"href":"https:\/\/unser-niedersaubach.de\/index.php?rest_route=\/wp\/v2\/posts\/1967\/revisions\/2095"}],"wp:attachment":[{"href":"https:\/\/unser-niedersaubach.de\/index.php?rest_route=%2Fwp%2Fv2%2Fmedia&parent=1967"}],"wp:term":[{"taxonomy":"category","embeddable":true,"href":"https:\/\/unser-niedersaubach.de\/index.php?rest_route=%2Fwp%2Fv2%2Fcategories&post=1967"},{"taxonomy":"post_tag","embeddable":true,"href":"https:\/\/unser-niedersaubach.de\/index.php?rest_route=%2Fwp%2Fv2%2Ftags&post=1967"}],"curies":[{"name":"wp","href":"https:\/\/api.w.org\/{rel}","templated":true}]}}