{"id":3162,"date":"2011-06-06T19:31:51","date_gmt":"2011-06-06T18:31:51","guid":{"rendered":"http:\/\/unser-niedersaubach.de\/?p=3162"},"modified":"2013-06-26T14:42:06","modified_gmt":"2013-06-26T13:42:06","slug":"tragischer-schwelbrand-bei-oschdersch-in-rummelbach","status":"publish","type":"post","link":"https:\/\/unser-niedersaubach.de\/?p=3162","title":{"rendered":"Tragischer Schwelbrand bei Oschdersch in R\u00fcmmelbach"},"content":{"rendered":"<p style=\"text-align: justify;\"><span style=\"color: #000000;\">Susanne Leider (Historischer Verein Lebach) schickt uns einen Auszug aus dem <strong><a title=\"Saarlouiser Journal\" href=\"http:\/\/books.google.de\/books?id=xyX26cb6SfkC&amp;pg=PA47&amp;lpg=PA47&amp;dq=saarlouiser+journal&amp;source=bl&amp;ots=ric1CnOJia&amp;sig=ALoDWR4MHNxb6n2ocaBBIyQ7N_o&amp;hl=de&amp;ei=WB7tTcSmHMPPsgb3qsDnCg&amp;sa=X&amp;oi=book_result&amp;ct=result&amp;resnum=8&amp;ved=0CEgQ6AEwBw#v=onepage&amp;q=saarlouiser%20journal&amp;f=false\" target=\"_blank\"><span style=\"color: #0000ff;\">Saarlouiser Journal<\/span><\/a><\/strong> vom 5. Mai 1911 \u00fcber einen Schwelbrand bei Franz Oster in R\u00fcmmelbach, der von einem alten Schirmflicker, dem er in der Nacht vom 1. Mai Unterschlupf im Stall gew\u00e4hrt hatte, verursacht wurde. Der alte Mann \u00fcberlebte den Brand, nicht aber alle Tiere, die erstickten und notgeschlachtet werden mussten.<\/span><\/p>\n<div id=\"attachment_3163\" style=\"width: 460px\" class=\"wp-caption aligncenter\"><img loading=\"lazy\" decoding=\"async\" aria-describedby=\"caption-attachment-3163\" class=\"size-full wp-image-3163\" title=\"Franz-Oster_01-05-1911_Brand\" alt=\"\" src=\"http:\/\/unser-niedersaubach.de\/wp-content\/uploads\/2011\/06\/Franz-Oster_01-05-1911_Brand.jpg\" width=\"450\" height=\"372\" srcset=\"https:\/\/unser-niedersaubach.de\/wp-content\/uploads\/2011\/06\/Franz-Oster_01-05-1911_Brand.jpg 450w, https:\/\/unser-niedersaubach.de\/wp-content\/uploads\/2011\/06\/Franz-Oster_01-05-1911_Brand-300x248.jpg 300w\" sizes=\"auto, (max-width: 450px) 100vw, 450px\" \/><p id=\"caption-attachment-3163\" class=\"wp-caption-text\">Saarlouiser Journal vom 5. Mai 1911, Schwelbrand bei Franz Oster in R\u00fcmmelbach<\/p><\/div>\n<p style=\"text-align: justify;\">Vielen Dank an Susanne Leidinger f\u00fcr diesen Unfallbericht aus vergangenen R\u00fcmmelbacher Tagen!<\/p>\n<p style=\"text-align: justify;\">Lothar Schmidt<\/p>\n","protected":false},"excerpt":{"rendered":"<p>Susanne Leider (Historischer Verein Lebach) schickt uns einen Auszug aus dem Saarlouiser Journal vom 5. Mai 1911 \u00fcber einen Schwelbrand bei Franz Oster in R\u00fcmmelbach, der von einem alten Schirmflicker, dem er in der Nacht vom 1. Mai Unterschlupf im &hellip; <a href=\"https:\/\/unser-niedersaubach.de\/?p=3162\">Weiterlesen <span class=\"meta-nav\">&rarr;<\/span><\/a><\/p>\n","protected":false},"author":2,"featured_media":0,"comment_status":"open","ping_status":"open","sticky":false,"template":"","format":"gallery","meta":{"ngg_post_thumbnail":0,"footnotes":""},"categories":[27,139],"tags":[141,140,142],"class_list":["post-3162","post","type-post","status-publish","format-gallery","hentry","category-rummelbach","category-unfall","tag-brand","tag-franz-oster","tag-saarlouiser-journal","post_format-post-format-gallery"],"_links":{"self":[{"href":"https:\/\/unser-niedersaubach.de\/index.php?rest_route=\/wp\/v2\/posts\/3162","targetHints":{"allow":["GET"]}}],"collection":[{"href":"https:\/\/unser-niedersaubach.de\/index.php?rest_route=\/wp\/v2\/posts"}],"about":[{"href":"https:\/\/unser-niedersaubach.de\/index.php?rest_route=\/wp\/v2\/types\/post"}],"author":[{"embeddable":true,"href":"https:\/\/unser-niedersaubach.de\/index.php?rest_route=\/wp\/v2\/users\/2"}],"replies":[{"embeddable":true,"href":"https:\/\/unser-niedersaubach.de\/index.php?rest_route=%2Fwp%2Fv2%2Fcomments&post=3162"}],"version-history":[{"count":8,"href":"https:\/\/unser-niedersaubach.de\/index.php?rest_route=\/wp\/v2\/posts\/3162\/revisions"}],"predecessor-version":[{"id":3165,"href":"https:\/\/unser-niedersaubach.de\/index.php?rest_route=\/wp\/v2\/posts\/3162\/revisions\/3165"}],"wp:attachment":[{"href":"https:\/\/unser-niedersaubach.de\/index.php?rest_route=%2Fwp%2Fv2%2Fmedia&parent=3162"}],"wp:term":[{"taxonomy":"category","embeddable":true,"href":"https:\/\/unser-niedersaubach.de\/index.php?rest_route=%2Fwp%2Fv2%2Fcategories&post=3162"},{"taxonomy":"post_tag","embeddable":true,"href":"https:\/\/unser-niedersaubach.de\/index.php?rest_route=%2Fwp%2Fv2%2Ftags&post=3162"}],"curies":[{"name":"wp","href":"https:\/\/api.w.org\/{rel}","templated":true}]}}