{"id":3283,"date":"2011-07-05T15:27:54","date_gmt":"2011-07-05T14:27:54","guid":{"rendered":"http:\/\/unser-niedersaubach.de\/?p=3283"},"modified":"2013-06-26T14:41:35","modified_gmt":"2013-06-26T13:41:35","slug":"lebsen-bersch","status":"publish","type":"post","link":"https:\/\/unser-niedersaubach.de\/?p=3283","title":{"rendered":"Lebsen Bersch"},"content":{"rendered":"<p style=\"text-align: justify;\"><span style=\"color: #000000;\">Der Tage konnte man es in der Saarbr\u00fccker Zeitung lesen. Die NABU-Landesgesch\u00e4ftsstelle in der Antoniusstra\u00dfe ist 25 Jahre in Niedersaubach.<\/span><\/p>\n<div id=\"attachment_3284\" style=\"width: 460px\" class=\"wp-caption aligncenter\"><img loading=\"lazy\" decoding=\"async\" aria-describedby=\"caption-attachment-3284\" class=\"size-full wp-image-3284\" title=\"edeka\" alt=\"\" src=\"http:\/\/unser-niedersaubach.de\/wp-content\/uploads\/2011\/07\/edeka.jpg\" width=\"450\" height=\"306\" srcset=\"https:\/\/unser-niedersaubach.de\/wp-content\/uploads\/2011\/07\/edeka.jpg 450w, https:\/\/unser-niedersaubach.de\/wp-content\/uploads\/2011\/07\/edeka-300x204.jpg 300w\" sizes=\"auto, (max-width: 450px) 100vw, 450px\" \/><p id=\"caption-attachment-3284\" class=\"wp-caption-text\">Lebsen Haus am Lebsen Bersch in der Antoniusstra\u00dfe Mitte\/ Ende der 50er Jahre; Fotoarchiv: G\u00fcnter Schmidt (Holdter)<\/p><\/div>\n<p style=\"text-align: justify;\">Ich kannte das Anwesen noch so, wie auf dem Bild Mitte\/ Ende der 50er Jahre abgebildet, als EDEKA-Gesch\u00e4ft, das damals von Familie Schmidt aus der Holdt (sp\u00e4ter von Bernadette und Maria Schwinn aus Lach) betrieben wurde. Das Haus geh\u00f6rte damals Willi Riehm (Fabrikdirektor bei der Jyldis in Saarlouis).<\/p>\n<p style=\"text-align: justify;\"><span style=\"color: #000000;\">Lothar Schmidt<br \/>\n<\/span><\/p>\n","protected":false},"excerpt":{"rendered":"<p>Der Tage konnte man es in der Saarbr\u00fccker Zeitung lesen. Die NABU-Landesgesch\u00e4ftsstelle in der Antoniusstra\u00dfe ist 25 Jahre in Niedersaubach. Ich kannte das Anwesen noch so, wie auf dem Bild Mitte\/ Ende der 50er Jahre abgebildet, als EDEKA-Gesch\u00e4ft, das damals &hellip; <a href=\"https:\/\/unser-niedersaubach.de\/?p=3283\">Weiterlesen <span class=\"meta-nav\">&rarr;<\/span><\/a><\/p>\n","protected":false},"author":2,"featured_media":0,"comment_status":"open","ping_status":"open","sticky":false,"template":"","format":"gallery","meta":{"ngg_post_thumbnail":0,"footnotes":""},"categories":[69,145,144],"tags":[147,146],"class_list":["post-3283","post","type-post","status-publish","format-gallery","hentry","category-dorfansichten","category-familien","category-hauser","tag-edeka","tag-lebsen-bersch","post_format-post-format-gallery"],"_links":{"self":[{"href":"https:\/\/unser-niedersaubach.de\/index.php?rest_route=\/wp\/v2\/posts\/3283","targetHints":{"allow":["GET"]}}],"collection":[{"href":"https:\/\/unser-niedersaubach.de\/index.php?rest_route=\/wp\/v2\/posts"}],"about":[{"href":"https:\/\/unser-niedersaubach.de\/index.php?rest_route=\/wp\/v2\/types\/post"}],"author":[{"embeddable":true,"href":"https:\/\/unser-niedersaubach.de\/index.php?rest_route=\/wp\/v2\/users\/2"}],"replies":[{"embeddable":true,"href":"https:\/\/unser-niedersaubach.de\/index.php?rest_route=%2Fwp%2Fv2%2Fcomments&post=3283"}],"version-history":[{"count":5,"href":"https:\/\/unser-niedersaubach.de\/index.php?rest_route=\/wp\/v2\/posts\/3283\/revisions"}],"predecessor-version":[{"id":5932,"href":"https:\/\/unser-niedersaubach.de\/index.php?rest_route=\/wp\/v2\/posts\/3283\/revisions\/5932"}],"wp:attachment":[{"href":"https:\/\/unser-niedersaubach.de\/index.php?rest_route=%2Fwp%2Fv2%2Fmedia&parent=3283"}],"wp:term":[{"taxonomy":"category","embeddable":true,"href":"https:\/\/unser-niedersaubach.de\/index.php?rest_route=%2Fwp%2Fv2%2Fcategories&post=3283"},{"taxonomy":"post_tag","embeddable":true,"href":"https:\/\/unser-niedersaubach.de\/index.php?rest_route=%2Fwp%2Fv2%2Ftags&post=3283"}],"curies":[{"name":"wp","href":"https:\/\/api.w.org\/{rel}","templated":true}]}}