{"id":3583,"date":"2011-09-11T19:46:48","date_gmt":"2011-09-11T18:46:48","guid":{"rendered":"http:\/\/unser-niedersaubach.de\/?p=3583"},"modified":"2013-06-25T12:38:55","modified_gmt":"2013-06-25T11:38:55","slug":"seniorenverein-wird-35","status":"publish","type":"post","link":"https:\/\/unser-niedersaubach.de\/?p=3583","title":{"rendered":"Seniorenverein wird 35"},"content":{"rendered":"<h3><span style=\"color: #000000;\">Laudatio des Ortsvorstehers, Werner Schmidt, gehalten am Sonntag, 21. August 2011 zum 35-j\u00e4hrigen Gr\u00fcndungsjubil\u00e4um<\/span><\/h3>\n<p style=\"text-align: justify;\">Am 21. August feierte der Seniorenverein Niedersaubach auf dem Gel\u00e4nde des Antoniusheimes Geburtstag.<\/p>\n<div id=\"attachment_3584\" style=\"width: 460px\" class=\"wp-caption aligncenter\"><img loading=\"lazy\" decoding=\"async\" aria-describedby=\"caption-attachment-3584\" class=\"size-full wp-image-3584\" title=\"Der Vorsitzende\" alt=\"\" src=\"http:\/\/unser-niedersaubach.de\/wp-content\/uploads\/2011\/09\/Der-Vorsitzende_Engel-Alt_450.jpg\" width=\"450\" height=\"338\" srcset=\"https:\/\/unser-niedersaubach.de\/wp-content\/uploads\/2011\/09\/Der-Vorsitzende_Engel-Alt_450.jpg 450w, https:\/\/unser-niedersaubach.de\/wp-content\/uploads\/2011\/09\/Der-Vorsitzende_Engel-Alt_450-300x225.jpg 300w\" sizes=\"auto, (max-width: 450px) 100vw, 450px\" \/><p id=\"caption-attachment-3584\" class=\"wp-caption-text\">Der 1. Vorsitzende, Engelbert Alt, begr\u00fc\u00dfte die G\u00e4ste aus unserem Dorf und den befreundeten Seniorenvereinen aus Landsweiler und Gresaubach, Foto: Magda Sch\u00e4fer<\/p><\/div>\n<p style=\"text-align: justify;\"><span style=\"color: #000000;\">Dabei lie\u00df Ortsvorsteher Werner Schmidt die rege Vereinsgeschichte\u00a0 Revue passieren: &#8222;In der nunmehr 35j\u00e4hrigen Vereinsgeschichte ziehen sich die Aktivit\u00e4ten wie ein roter Faden durch die Jahre. Die Mitglieder m\u00f6chten Veranstaltungen wie die zweij\u00e4hrlichen Wandertage, die Tagesfahrten, die Weihnachtsfeiern oder die Fastnachtsveranstaltungen nicht mehr missen.<\/span>&#8222;<\/p>\n<p style=\"text-align: justify;\"><a title=\"Seniorenverein Niedersaubach wird 35\" href=\"http:\/\/unser-niedersaubach.de\/Dokumente\/Seniorenverein\/110821_Laudatio_Seniorenverein.pdf\" target=\"_blank\">Die vollst\u00e4ndige Rede, die er als Laudatio am 21. August d.J. hielt, kann hier abgerufen werden (einfach anklicken). Sie ist eine wunderbare Quelle, um die Geschichte des Seniorenvereins auch hier auf unserer Internetseite festzuhalten.<\/a><\/p>\n<p style=\"text-align: justify;\">Ein paar Bilder dokumentieren die Vereinsfeier, die wie immer gut besucht und &#8211; was in den Tagen dieses Sommers nicht immer der Fall war &#8211; von Sonnenschein gesegnet war (um die Bilder zu sehen, das Startbild unten einfach anklicken und auf der Fotoseite die einzelnen Bilder anklicken, um sie zu vergr\u00f6\u00dfern).<\/p>\n<div id=\"attachment_3585\" style=\"width: 460px\" class=\"wp-caption aligncenter\"><a title=\"Niedersaubacher Seniorenverein wird 35, Fotos: Werner Schmidt\" href=\"http:\/\/unser-niedersaubach.de\/Fotos\/Seniorenverein-2011\/index.htm\" target=\"_blank\"><img loading=\"lazy\" decoding=\"async\" aria-describedby=\"caption-attachment-3585\" class=\"size-full wp-image-3585\" title=\"Krone Buwwi\" alt=\"\" src=\"http:\/\/unser-niedersaubach.de\/wp-content\/uploads\/2011\/09\/Lieblingsthema-Krankheit_450.jpg\" width=\"450\" height=\"338\" srcset=\"https:\/\/unser-niedersaubach.de\/wp-content\/uploads\/2011\/09\/Lieblingsthema-Krankheit_450.jpg 450w, https:\/\/unser-niedersaubach.de\/wp-content\/uploads\/2011\/09\/Lieblingsthema-Krankheit_450-300x225.jpg 300w\" sizes=\"auto, (max-width: 450px) 100vw, 450px\" \/><\/a><p id=\"caption-attachment-3585\" class=\"wp-caption-text\">Lieblingsthema &#8222;Krankheit&#8220;, Foto: Magda Sch\u00e4fer<\/p><\/div>\n<p>Lothar Schmidt<\/p>\n","protected":false},"excerpt":{"rendered":"<p>Laudatio des Ortsvorstehers, Werner Schmidt, gehalten am Sonntag, 21. August 2011 zum 35-j\u00e4hrigen Gr\u00fcndungsjubil\u00e4um Am 21. August feierte der Seniorenverein Niedersaubach auf dem Gel\u00e4nde des Antoniusheimes Geburtstag. Dabei lie\u00df Ortsvorsteher Werner Schmidt die rege Vereinsgeschichte\u00a0 Revue passieren: &#8222;In der nunmehr &hellip; <a href=\"https:\/\/unser-niedersaubach.de\/?p=3583\">Weiterlesen <span class=\"meta-nav\">&rarr;<\/span><\/a><\/p>\n","protected":false},"author":2,"featured_media":0,"comment_status":"open","ping_status":"open","sticky":false,"template":"","format":"gallery","meta":{"ngg_post_thumbnail":0,"footnotes":""},"categories":[72,71,48,161,12],"tags":[92],"class_list":["post-3583","post","type-post","status-publish","format-gallery","hentry","category-dorfgemeinschaft","category-festveranstaltung","category-jubilaum","category-seniorenverein","category-vereine","tag-jubilaumsfeier","post_format-post-format-gallery"],"_links":{"self":[{"href":"https:\/\/unser-niedersaubach.de\/index.php?rest_route=\/wp\/v2\/posts\/3583","targetHints":{"allow":["GET"]}}],"collection":[{"href":"https:\/\/unser-niedersaubach.de\/index.php?rest_route=\/wp\/v2\/posts"}],"about":[{"href":"https:\/\/unser-niedersaubach.de\/index.php?rest_route=\/wp\/v2\/types\/post"}],"author":[{"embeddable":true,"href":"https:\/\/unser-niedersaubach.de\/index.php?rest_route=\/wp\/v2\/users\/2"}],"replies":[{"embeddable":true,"href":"https:\/\/unser-niedersaubach.de\/index.php?rest_route=%2Fwp%2Fv2%2Fcomments&post=3583"}],"version-history":[{"count":4,"href":"https:\/\/unser-niedersaubach.de\/index.php?rest_route=\/wp\/v2\/posts\/3583\/revisions"}],"predecessor-version":[{"id":5908,"href":"https:\/\/unser-niedersaubach.de\/index.php?rest_route=\/wp\/v2\/posts\/3583\/revisions\/5908"}],"wp:attachment":[{"href":"https:\/\/unser-niedersaubach.de\/index.php?rest_route=%2Fwp%2Fv2%2Fmedia&parent=3583"}],"wp:term":[{"taxonomy":"category","embeddable":true,"href":"https:\/\/unser-niedersaubach.de\/index.php?rest_route=%2Fwp%2Fv2%2Fcategories&post=3583"},{"taxonomy":"post_tag","embeddable":true,"href":"https:\/\/unser-niedersaubach.de\/index.php?rest_route=%2Fwp%2Fv2%2Ftags&post=3583"}],"curies":[{"name":"wp","href":"https:\/\/api.w.org\/{rel}","templated":true}]}}