{"id":3733,"date":"2011-11-07T22:15:20","date_gmt":"2011-11-07T21:15:20","guid":{"rendered":"http:\/\/unser-niedersaubach.de\/?p=3733"},"modified":"2013-06-25T12:37:33","modified_gmt":"2013-06-25T11:37:33","slug":"die-gefallenen-sohne-unseres-dorfes-durfen-nicht-vergessen-werden","status":"publish","type":"post","link":"https:\/\/unser-niedersaubach.de\/?p=3733","title":{"rendered":"Die gefallenen S\u00f6hne unseres Dorfes d\u00fcrfen nicht vergessen werden"},"content":{"rendered":"<h2><span style=\"color: #0000ff;\"><strong>Volkstrauertag mahnt zur Erinnerung \u2013 f\u00fcr Frieden und V\u00f6lkerverst\u00e4ndigung in Europa<br \/>\n<\/strong><\/span><\/h2>\n<p style=\"text-align: justify;\"><span style=\"color: #000000;\">Erstmalig 1926 beging Deutschland nach den Schrecken des 1. Weltkrieges auf Initiative des Volksbundes den Volkstrauertag.<\/span><br \/>\n<span style=\"color: #000000;\">In unserem Dorf ist die Tradition, der Opfer von Krieg und Gewalt zu gedenken, irgendwann nach dem 2. Weltkrieg verloren gegangen.<\/span><br \/>\n<span style=\"color: #000000;\">Im n\u00e4chsten Jahr, wenn wir 800 Jahre Saubach (1212 \u2013 2012) auf vielf\u00e4ltige Weise feiern wollen, m\u00f6chten wir die Erinnerung an die jungen M\u00e4nner unseres Dorfes, die in den beiden Weltkriegen gefallen sind, wieder aufleben lassen. Wir wollen um sie trauern und ihre Schicksale als Mahnung f\u00fcr Friedenspolitik auf unserem Kontinent verstehen. In die Erinnerung einschlie\u00dfen wollen wir die schrecklichen Umst\u00e4nde in den letzten Kriegstagen 1945, als 2 neugierige Jugendliche in unserem Dorf durch Kriegsger\u00e4t bzw. Kriegsmunition get\u00f6tet wurden, und den mutigen Mann aus der Hold, der 1941 als Gegner des Naziregimes im KZ Dachau umgebracht wurde.<\/span><br \/>\n<span style=\"color: #000000;\">Pastor Meiser wird uns bei der Gedenkfeier in der Antoniuskapelle zur Seite stehen; er hatte dort Ende der 70er Jahre die Namenstafeln erneuert und so f\u00fcr die Bewahrung der Erinnerung an die Opfer der beiden Weltkriege Vorsorge getroffen.<\/span><\/p>\n<div id=\"attachment_3734\" style=\"width: 460px\" class=\"wp-caption aligncenter\"><img loading=\"lazy\" decoding=\"async\" aria-describedby=\"caption-attachment-3734\" class=\"size-full wp-image-3734\" title=\"engel-mill\" alt=\"\" src=\"http:\/\/unser-niedersaubach.de\/wp-content\/uploads\/2011\/11\/engel-mill.jpg\" width=\"450\" height=\"294\" srcset=\"https:\/\/unser-niedersaubach.de\/wp-content\/uploads\/2011\/11\/engel-mill.jpg 450w, https:\/\/unser-niedersaubach.de\/wp-content\/uploads\/2011\/11\/engel-mill-300x196.jpg 300w\" sizes=\"auto, (max-width: 450px) 100vw, 450px\" \/><p id=\"caption-attachment-3734\" class=\"wp-caption-text\">Der 18-j\u00e4hrige Offiziersanw\u00e4rter G\u00fcnther Engel auf Heimaturlaub in der &#8222;Mill&#8220;, Fotoarchiv: Adalbert Herrmann (Krone Buwi)<\/p><\/div>\n<p style=\"text-align: justify;\"><span style=\"color: #000000;\">Wir sind dabei, f\u00fcr den Volkstrauertag im n\u00e4chsten Jahr die Schicksale der Gefallenen aufzuarbeiten. Bei den 16 jungen M\u00e4nnern aus dem 1. Weltkrieg und den 27 jungen M\u00e4nnern aus dem 2. Weltkrieg haben wir zum Teil erstaunliche Dinge herausgefunden. Wir sind selber \u00fcberrascht, dass es nach so vielen Jahren noch m\u00f6glich war, die Todesumst\u00e4nde einigerma\u00dfen gut nachzuvollziehen und oft genug auch die Grablage mehr oder weniger pr\u00e4zise zu ermitteln. Die Recherche w\u00e4re nicht m\u00f6glich gewesen ohne die Orts- und Schulchronik von unserem ersten Dorfschullehrer, Peter Adam, die Lebacher Familienb\u00fccher von Gerhard Storb, den Gr\u00e4bersuchdienst des Volksbundes in Kassel und das Archiv der Wehrmachtsauskunftsstelle in Berlin.<\/span><br \/>\n<span style=\"color: #000000;\">Ich m\u00f6chte die Familien unseres Dorfes, aus denen die Gefallenen bzw. Get\u00f6teten stammten, bitten, uns \u2013 falls noch vorhanden \u2013 Briefe, Bilder oder sonstige Dokumente aus den Kriegstagen zur Verf\u00fcgung zu stellen, um sie in unserer Erinnerungsprojekt einarbeiten zu k\u00f6nnen. Keiner der jungen M\u00e4nner soll in Vergessenheit geraten. Das sind wir ihnen schuldig!<\/span><\/p>\n<p><span style=\"color: #000000;\">Lothar Schmidt, Am Sch\u00fctzenberg 34, Tel.: 91333<\/span><\/p>\n<p><span style=\"color: #000000;\">P.S.:<\/span><br \/>\n<span style=\"color: #000000;\">Ich m\u00f6chte einladen, am Beispiel des 18-j\u00e4hrigen Offiziersanw\u00e4rters G\u00fcnther Engel aus der &#8222;Mill&#8220; nachzuvollziehen, wie sinnlos die Opfer der jungen Soldaten des Flieger-Ersatzbataillons VII in den letzten Kriegstagen gewesen sind. 43 junge Grenadiere dieses Ausbildungsverbandes wurden am 3. April 1945 bei Ibbenb\u00fcren im Brumleytal &#8211; unzureichend ausgebildet und schlecht ausger\u00fcstet &#8211; heillos \u00fcberlegenen britischen Panzerverb\u00e4nden entgegengeworfen und ohne jede Chance geopfert. Man denkt unwillk\u00fcrlich an den Film &#8222;Die Br\u00fccke&#8220; von Bernhard Wicki aus dem Jahr 1959. <\/span><\/p>\n<p style=\"text-align: justify;\"><span style=\"color: #000000;\"><strong><span style=\"color: #0000ff;\"><a title=\"G\u00fcnther Engel\" href=\"http:\/\/unser-niedersaubach.de\/?page_id=2618\"><span style=\"color: #0000ff;\">Das Schicksal unseres jungen Mannes aus der &#8222;Mill&#8220; ist hier nachzulesen (einfach anklicken).<\/span><\/a><\/span><\/strong><\/span><\/p>\n","protected":false},"excerpt":{"rendered":"<p>Volkstrauertag mahnt zur Erinnerung \u2013 f\u00fcr Frieden und V\u00f6lkerverst\u00e4ndigung in Europa Erstmalig 1926 beging Deutschland nach den Schrecken des 1. Weltkrieges auf Initiative des Volksbundes den Volkstrauertag. In unserem Dorf ist die Tradition, der Opfer von Krieg und Gewalt zu &hellip; <a href=\"https:\/\/unser-niedersaubach.de\/?p=3733\">Weiterlesen <span class=\"meta-nav\">&rarr;<\/span><\/a><\/p>\n","protected":false},"author":2,"featured_media":0,"comment_status":"open","ping_status":"open","sticky":false,"template":"","format":"gallery","meta":{"ngg_post_thumbnail":0,"footnotes":""},"categories":[25,165],"tags":[166,115],"class_list":["post-3733","post","type-post","status-publish","format-gallery","hentry","category-gefallene","category-krieg","tag-gunther-engel","tag-volkstrauertag","post_format-post-format-gallery"],"_links":{"self":[{"href":"https:\/\/unser-niedersaubach.de\/index.php?rest_route=\/wp\/v2\/posts\/3733","targetHints":{"allow":["GET"]}}],"collection":[{"href":"https:\/\/unser-niedersaubach.de\/index.php?rest_route=\/wp\/v2\/posts"}],"about":[{"href":"https:\/\/unser-niedersaubach.de\/index.php?rest_route=\/wp\/v2\/types\/post"}],"author":[{"embeddable":true,"href":"https:\/\/unser-niedersaubach.de\/index.php?rest_route=\/wp\/v2\/users\/2"}],"replies":[{"embeddable":true,"href":"https:\/\/unser-niedersaubach.de\/index.php?rest_route=%2Fwp%2Fv2%2Fcomments&post=3733"}],"version-history":[{"count":6,"href":"https:\/\/unser-niedersaubach.de\/index.php?rest_route=\/wp\/v2\/posts\/3733\/revisions"}],"predecessor-version":[{"id":3736,"href":"https:\/\/unser-niedersaubach.de\/index.php?rest_route=\/wp\/v2\/posts\/3733\/revisions\/3736"}],"wp:attachment":[{"href":"https:\/\/unser-niedersaubach.de\/index.php?rest_route=%2Fwp%2Fv2%2Fmedia&parent=3733"}],"wp:term":[{"taxonomy":"category","embeddable":true,"href":"https:\/\/unser-niedersaubach.de\/index.php?rest_route=%2Fwp%2Fv2%2Fcategories&post=3733"},{"taxonomy":"post_tag","embeddable":true,"href":"https:\/\/unser-niedersaubach.de\/index.php?rest_route=%2Fwp%2Fv2%2Ftags&post=3733"}],"curies":[{"name":"wp","href":"https:\/\/api.w.org\/{rel}","templated":true}]}}