{"id":3966,"date":"2012-01-04T19:12:31","date_gmt":"2012-01-04T18:12:31","guid":{"rendered":"http:\/\/unser-niedersaubach.de\/?p=3966"},"modified":"2013-06-25T12:36:15","modified_gmt":"2013-06-25T11:36:15","slug":"mgv-1967","status":"publish","type":"post","link":"https:\/\/unser-niedersaubach.de\/?p=3966","title":{"rendered":"MGV 1967"},"content":{"rendered":"<p style=\"text-align: justify;\"><span style=\"color: #000000;\">Axel Alt (Bejtzer) hat uns einen SZ-Artikel (Ausgabe: Dillingen und Saarlouis) vom 5. Juli 1967 \u00fcbermittelt. In diesem Artikel<\/span> unter der \u00dcberschrift &#8222;Kommers der S\u00e4nger in Niedersaubach &#8211; Beispielhafter Festabend von gutem Niveau&#8220; wird \u00fcber das 65. Stiftungsfest des M\u00e4nnergesangvereins Niedersaubach berichtet.<\/p>\n<div id=\"attachment_3967\" style=\"width: 460px\" class=\"wp-caption aligncenter\"><a title=\"SZ (Dillingen und Saarlouis) vom 5. Juli 1967, 65. Stiftungsfest des MGV, Archiv: Axel Alt (Bejtzer)\" href=\"http:\/\/unser-niedersaubach.de\/Dokumente\/MGV\/MGV_1967.pdf\" target=\"_blank\"><img loading=\"lazy\" decoding=\"async\" aria-describedby=\"caption-attachment-3967\" class=\"size-full wp-image-3967\" title=\"MGV_1967_1_Ausschnitt_450\" alt=\"\" src=\"http:\/\/unser-niedersaubach.de\/wp-content\/uploads\/2012\/01\/MGV_1967_1_Ausschnitt_450.jpg\" width=\"450\" height=\"416\" srcset=\"https:\/\/unser-niedersaubach.de\/wp-content\/uploads\/2012\/01\/MGV_1967_1_Ausschnitt_450.jpg 450w, https:\/\/unser-niedersaubach.de\/wp-content\/uploads\/2012\/01\/MGV_1967_1_Ausschnitt_450-300x277.jpg 300w\" sizes=\"auto, (max-width: 450px) 100vw, 450px\" \/><\/a><p id=\"caption-attachment-3967\" class=\"wp-caption-text\">SZ (Dillingen und Saarlouis) vom 5. Juli 1967; Archiv: Axel Alt (Bejtzer)<\/p><\/div>\n<p>Wer den Artikel \u00fcber den stolzen Festabend lesen will, klickt einfach oben den Bildausschnitt an!<\/p>\n<p>Lothar Schmidt<\/p>\n","protected":false},"excerpt":{"rendered":"<p>Axel Alt (Bejtzer) hat uns einen SZ-Artikel (Ausgabe: Dillingen und Saarlouis) vom 5. Juli 1967 \u00fcbermittelt. In diesem Artikel unter der \u00dcberschrift &#8222;Kommers der S\u00e4nger in Niedersaubach &#8211; Beispielhafter Festabend von gutem Niveau&#8220; wird \u00fcber das 65. Stiftungsfest des M\u00e4nnergesangvereins &hellip; <a href=\"https:\/\/unser-niedersaubach.de\/?p=3966\">Weiterlesen <span class=\"meta-nav\">&rarr;<\/span><\/a><\/p>\n","protected":false},"author":2,"featured_media":0,"comment_status":"open","ping_status":"open","sticky":false,"template":"","format":"gallery","meta":{"ngg_post_thumbnail":0,"footnotes":""},"categories":[48,12],"tags":[171,170,169],"class_list":["post-3966","post","type-post","status-publish","format-gallery","hentry","category-jubilaum","category-vereine","tag-171","tag-65-stiftungsfest","tag-mgv","post_format-post-format-gallery"],"_links":{"self":[{"href":"https:\/\/unser-niedersaubach.de\/index.php?rest_route=\/wp\/v2\/posts\/3966","targetHints":{"allow":["GET"]}}],"collection":[{"href":"https:\/\/unser-niedersaubach.de\/index.php?rest_route=\/wp\/v2\/posts"}],"about":[{"href":"https:\/\/unser-niedersaubach.de\/index.php?rest_route=\/wp\/v2\/types\/post"}],"author":[{"embeddable":true,"href":"https:\/\/unser-niedersaubach.de\/index.php?rest_route=\/wp\/v2\/users\/2"}],"replies":[{"embeddable":true,"href":"https:\/\/unser-niedersaubach.de\/index.php?rest_route=%2Fwp%2Fv2%2Fcomments&post=3966"}],"version-history":[{"count":3,"href":"https:\/\/unser-niedersaubach.de\/index.php?rest_route=\/wp\/v2\/posts\/3966\/revisions"}],"predecessor-version":[{"id":3969,"href":"https:\/\/unser-niedersaubach.de\/index.php?rest_route=\/wp\/v2\/posts\/3966\/revisions\/3969"}],"wp:attachment":[{"href":"https:\/\/unser-niedersaubach.de\/index.php?rest_route=%2Fwp%2Fv2%2Fmedia&parent=3966"}],"wp:term":[{"taxonomy":"category","embeddable":true,"href":"https:\/\/unser-niedersaubach.de\/index.php?rest_route=%2Fwp%2Fv2%2Fcategories&post=3966"},{"taxonomy":"post_tag","embeddable":true,"href":"https:\/\/unser-niedersaubach.de\/index.php?rest_route=%2Fwp%2Fv2%2Ftags&post=3966"}],"curies":[{"name":"wp","href":"https:\/\/api.w.org\/{rel}","templated":true}]}}