{"id":4033,"date":"2012-01-15T21:58:58","date_gmt":"2012-01-15T20:58:58","guid":{"rendered":"http:\/\/unser-niedersaubach.de\/?p=4033"},"modified":"2013-06-25T12:33:27","modified_gmt":"2013-06-25T11:33:27","slug":"niedersaubach-wird-800-jahre-alt","status":"publish","type":"post","link":"https:\/\/unser-niedersaubach.de\/?p=4033","title":{"rendered":"Niedersaubach wird 800 Jahre alt"},"content":{"rendered":"<h3 style=\"text-align: justify;\">Wir feiern den Geburtstag unseres Dorfes \u2013 und das richtig z\u00fcnftig<\/h3>\n<div id=\"attachment_4038\" style=\"width: 460px\" class=\"wp-caption aligncenter\"><a title=\"Postkarte von Ivica Maksimovic zur 800-Jahrfeier\" href=\"http:\/\/unser-niedersaubach.de\/Dokumente\/800\/800_Postkarte.pdf\" target=\"_blank\"><img loading=\"lazy\" decoding=\"async\" aria-describedby=\"caption-attachment-4038\" class=\"size-full wp-image-4038\" title=\"800_Postkarte_Seite_1_450\" alt=\"\" src=\"http:\/\/unser-niedersaubach.de\/wp-content\/uploads\/2012\/01\/800_Postkarte_Seite_1_450.jpg\" width=\"450\" height=\"319\" srcset=\"https:\/\/unser-niedersaubach.de\/wp-content\/uploads\/2012\/01\/800_Postkarte_Seite_1_450.jpg 450w, https:\/\/unser-niedersaubach.de\/wp-content\/uploads\/2012\/01\/800_Postkarte_Seite_1_450-300x212.jpg 300w\" sizes=\"auto, (max-width: 450px) 100vw, 450px\" \/><\/a><p id=\"caption-attachment-4038\" class=\"wp-caption-text\">Niedersaubach wird 800 Jahre alt; Postkarte von Ivica Maksimovic<\/p><\/div>\n<p style=\"text-align: center;\"><span style=\"color: #ff0000;\">Bild oben anklicken, um zur PDF-Datei zu kommen (beinhaltet auch Veranstaltungsprogramm)<\/span><\/p>\n<p style=\"text-align: justify;\"><span style=\"color: #000000;\"><a title=\"Erste urkundliche Erw\u00e4hnung aus dem Jahr 1212\" href=\"http:\/\/unser-niedersaubach.de\/?page_id=29\"><strong><span style=\"color: #0000ff;\">1212 ist unser fr\u00e4nkisches Dorf zwischen Mosel und Saar auf der linken Rheinseite erstmals urkundlich erw\u00e4hnt worden<\/span><\/strong><\/a>. 1212 wurde der Staufer Friedrich II deutscher K\u00f6nig und sp\u00e4ter (1220) deutscher Kaiser. 1212 machten sich aus Frankreich und Deutschland die Kinderkreuzz\u00fcge auf, Pal\u00e4stina zu befreien; sie endeten in einer Katastrophe. 1212 errangen die Spanier in Andalusien einen ersten gro\u00dfen Sieg auf dem Weg zur Befreiung der iberischen Halbinsel von der Besetzung durch die islamischen Mauren.<\/span><br \/>\n<span style=\"color: #000000;\">Unser Dorf ist sicherlich \u00e4lter; aufgrund der Namensgebung \u201eSaubach\u201c (erst viele 100 Jahre sp\u00e4ter haben es die Franzosen und die Preu\u00dfen auf ihren Milit\u00e4rkarten zur Unterscheidung vom lothringischen Gresaubauch \u201eNiedersaubach\u201c genannt) darf man vermuten, dass es im Zug der sogenannten 3. fr\u00e4nkischen Landnahme nach dem Zusammenbruch des R\u00f6mischen Reiches besiedelt wurde.<\/span><br \/>\n<span style=\"color: #000000;\">Saubach hat \u00fcber die Jahrhunderte gute und schlechte Tage erlebt. Aus diesen Erfahrungen wollen wir verwertbare Schl\u00fcsse f\u00fcr die Zukunft ziehen.<\/span><br \/>\n<span style=\"color: #000000;\">Saubach war bis zur Franz\u00f6sischen Revolution immer ein integraler Bestandteil der Lebacher Vierherrschaft und damit beherrscht vom Bistum Trier, dem Herzog von Lothringen, dem Kloster Fraulautern und den Rittern von Hagen auf Schloss La Motte. Auch danach ist es \u2013 in unterschiedlichen Formen \u2013 bis jetzt unter der Vormundschaft der Lebacher Verwaltung geblieben.<\/span><\/p>\n<div id=\"attachment_4039\" style=\"width: 460px\" class=\"wp-caption aligncenter\"><a title=\"Sitzung des Festkomitees am 12. Januar 2012 in Homes, Foto: Lothar Schmidt\" href=\"http:\/\/unser-niedersaubach.de\/Fotos\/800\/120112_Festkomitee_Homes.pdf\" target=\"_blank\"><img loading=\"lazy\" decoding=\"async\" aria-describedby=\"caption-attachment-4039\" class=\" wp-image-4039\" title=\"Festkomitee_12-01-2012_450\" alt=\"\" src=\"http:\/\/unser-niedersaubach.de\/wp-content\/uploads\/2012\/01\/Festkomitee_12-01-2012_450.jpg\" width=\"450\" height=\"338\" srcset=\"https:\/\/unser-niedersaubach.de\/wp-content\/uploads\/2012\/01\/Festkomitee_12-01-2012_450.jpg 450w, https:\/\/unser-niedersaubach.de\/wp-content\/uploads\/2012\/01\/Festkomitee_12-01-2012_450-300x225.jpg 300w\" sizes=\"auto, (max-width: 450px) 100vw, 450px\" \/><\/a><p id=\"caption-attachment-4039\" class=\"wp-caption-text\">Festkomitee am 12. Januar 2012 in Homes, Foto: Lothar Schmidt<\/p><\/div>\n<p style=\"text-align: justify;\"><em>Das Foto zeigt (links beginnend, rechts endend) um den Tisch herum: Helga Krohn, Adalbert Herrmann, Engelbert Alt, Irene Alt, Frank Buchheit, Alois Schneiders, Hiltrud Demuth, Ivica Maksimovic, Werner Schmidt, Hans Schmitz, Siggi Steimer, Rudolf Oster, Elisabeth Warken, J\u00fcrgen Fr\u00f6hlich, Paul Mattick, Edmund Bohlen, Arnold Sch\u00e4fer und Manfred Warken.<\/em><\/p>\n<p style=\"text-align: center;\"><em><span style=\"color: #ff0000;\">Startbild anklicken, um zur Diaschau zu kommen!<\/span><br \/>\n<\/em><\/p>\n<p style=\"text-align: justify;\"><span style=\"color: #000000;\">Unser Jubil\u00e4umsjahr 2012 ist ein Jahr, das durch Schuldenbremse, Euro-Krise und Energiewende gepr\u00e4gt sein wird. Trotzdem: Wir wollen uns r\u00fcckbesinnen, um zu lernen: in Erinnerung an die Vergangenheit \u2013 als Ermutigung f\u00fcr die Zukunft.<\/span><br \/>\n<span style=\"color: #000000;\">Dem 800. Geburtstag soll gerecht werden eine Reihe von 8 Festveranstaltungen (4 finden vor, 4 finden nach den Gro\u00dfen Ferien statt), wobei die Veranstaltungsformen ganz unterschiedlich sein werden (wir werden noch dar\u00fcber berichten). Was aber bei allen Veranstaltungen ganz wichtig sein wird: Wir Saubacher wollen mit unseren Festg\u00e4sten z\u00fcnftig feiern und Gemeinschaft erleben.<\/span><\/p>\n<p style=\"text-align: justify;\"><span style=\"color: #000000;\">Das Fest-Komitee<\/span><\/p>\n","protected":false},"excerpt":{"rendered":"<p>Wir feiern den Geburtstag unseres Dorfes \u2013 und das richtig z\u00fcnftig Bild oben anklicken, um zur PDF-Datei zu kommen (beinhaltet auch Veranstaltungsprogramm) 1212 ist unser fr\u00e4nkisches Dorf zwischen Mosel und Saar auf der linken Rheinseite erstmals urkundlich erw\u00e4hnt worden. 1212 &hellip; <a href=\"https:\/\/unser-niedersaubach.de\/?p=4033\">Weiterlesen <span class=\"meta-nav\">&rarr;<\/span><\/a><\/p>\n","protected":false},"author":2,"featured_media":0,"comment_status":"open","ping_status":"open","sticky":false,"template":"","format":"gallery","meta":{"ngg_post_thumbnail":0,"footnotes":""},"categories":[10,72,71,48,129,132],"tags":[88,175,87],"class_list":["post-4033","post","type-post","status-publish","format-gallery","hentry","category-die-ursprunge","category-dorfgemeinschaft","category-festveranstaltung","category-jubilaum","category-kulturprogramm","category-veranstaltungen","tag-88","tag-175","tag-800-jahrfeier","post_format-post-format-gallery"],"_links":{"self":[{"href":"https:\/\/unser-niedersaubach.de\/index.php?rest_route=\/wp\/v2\/posts\/4033","targetHints":{"allow":["GET"]}}],"collection":[{"href":"https:\/\/unser-niedersaubach.de\/index.php?rest_route=\/wp\/v2\/posts"}],"about":[{"href":"https:\/\/unser-niedersaubach.de\/index.php?rest_route=\/wp\/v2\/types\/post"}],"author":[{"embeddable":true,"href":"https:\/\/unser-niedersaubach.de\/index.php?rest_route=\/wp\/v2\/users\/2"}],"replies":[{"embeddable":true,"href":"https:\/\/unser-niedersaubach.de\/index.php?rest_route=%2Fwp%2Fv2%2Fcomments&post=4033"}],"version-history":[{"count":19,"href":"https:\/\/unser-niedersaubach.de\/index.php?rest_route=\/wp\/v2\/posts\/4033\/revisions"}],"predecessor-version":[{"id":5898,"href":"https:\/\/unser-niedersaubach.de\/index.php?rest_route=\/wp\/v2\/posts\/4033\/revisions\/5898"}],"wp:attachment":[{"href":"https:\/\/unser-niedersaubach.de\/index.php?rest_route=%2Fwp%2Fv2%2Fmedia&parent=4033"}],"wp:term":[{"taxonomy":"category","embeddable":true,"href":"https:\/\/unser-niedersaubach.de\/index.php?rest_route=%2Fwp%2Fv2%2Fcategories&post=4033"},{"taxonomy":"post_tag","embeddable":true,"href":"https:\/\/unser-niedersaubach.de\/index.php?rest_route=%2Fwp%2Fv2%2Ftags&post=4033"}],"curies":[{"name":"wp","href":"https:\/\/api.w.org\/{rel}","templated":true}]}}