{"id":4371,"date":"2012-02-27T11:06:28","date_gmt":"2012-02-27T10:06:28","guid":{"rendered":"http:\/\/unser-niedersaubach.de\/?p=4371"},"modified":"2013-06-25T12:31:17","modified_gmt":"2013-06-25T11:31:17","slug":"eine-kulturelle-ara-unseres-dorfes-geht-zu-ende","status":"publish","type":"post","link":"https:\/\/unser-niedersaubach.de\/?p=4371","title":{"rendered":"Eine kulturelle \u00c4ra unseres Dorfes geht zu Ende"},"content":{"rendered":"<h2><strong>Aus f\u00fcr den Gemischten Chor<\/strong><\/h2>\n<p style=\"text-align: justify;\"><span style=\"color: #000000;\">Nach nunmehr 41 Jahren Gemischter Chor Niedersaubach und 110 Jahren Chorgesang in unserem Dorf hat dem Chor die letzte Stunde geschlagen. Am Donnerstag, dem 23. Februar, rief der Vorstand seine Mitglieder zur letzten Versammlung auf. Einziger Tagesordnungspunkt: Aufl\u00f6sung des Vereines. Die Anwesenden votierten einstimmig f\u00fcr die Aufl\u00f6sung, da die Altersstruktur und die Besetzung der Stimmen keine Zukunftsperspektive mehr bieten.<\/span><\/p>\n<div id=\"attachment_4372\" style=\"width: 460px\" class=\"wp-caption aligncenter\"><a title=\"Gemischter Chor auf Reisen\" href=\"http:\/\/unser-niedersaubach.de\/Fotos\/Gemischter-Chor\/Gemischter-Chor-auf-Reisen.pdf\" target=\"_blank\"><img loading=\"lazy\" decoding=\"async\" aria-describedby=\"caption-attachment-4372\" class=\"size-full wp-image-4372\" title=\"Gemischter-Chor-auf-Reisen\" alt=\"\" src=\"http:\/\/unser-niedersaubach.de\/wp-content\/uploads\/2012\/02\/Gemischter-Chor-auf-Reisen.jpg\" width=\"450\" height=\"323\" srcset=\"https:\/\/unser-niedersaubach.de\/wp-content\/uploads\/2012\/02\/Gemischter-Chor-auf-Reisen.jpg 450w, https:\/\/unser-niedersaubach.de\/wp-content\/uploads\/2012\/02\/Gemischter-Chor-auf-Reisen-300x215.jpg 300w\" sizes=\"auto, (max-width: 450px) 100vw, 450px\" \/><\/a><p id=\"caption-attachment-4372\" class=\"wp-caption-text\">Ein Bild aus besseren Tagen: Der Gemischte Chor vom 17. &#8211; 19.\u00a0 Juni 1988 auf gro\u00dfer Fahrt nach Rot am See. Der Chor posiert bei einem Ausflug nach Rothenburg ob der Tauber vor dem Landgasthof\u00a0 &#8222;Cafe Mack&#8220;; Foto: Jakob Britz<\/p><\/div>\n<p style=\"text-align: center;\"><em><span style=\"color: #ff0000;\">Dieses Startbil zum Vergr\u00f6\u00dfern anklicken!<\/span><\/em><\/p>\n<p style=\"text-align: justify;\"><span style=\"color: #000000;\">Mit Wehmut blicken die Mitglieder in die Vergangenheit, als der Chor noch rauschende S\u00e4ngerfeste \u00fcber mehrere Tage feierte oder viel beachtete Konzerte vortrug. Der MGV, der in den Jahren von 1953 bis 1971 das kulturelle Leben in Niedersaubach entscheidend mitgestaltete, z\u00e4hlte in seiner Bl\u00fctezeit mehr als 40 aktive S\u00e4nger. Ma\u00dfgeblichen Anteil am Gedeihen des Vereines hatte der Chorleiter August K\u00fchn, der den MGV von 1963 bis zu seiner \u00dcberleitung in den Gemischten Chor 1971 leitete. 1977 \u00fcbergab August K\u00fchn den Dirigentenstab an Walter Nimmesgern.<\/span><\/p>\n<p style=\"text-align: justify;\"><span style=\"color: #000000;\">Den H\u00f6hepunkt seiner Leistungsf\u00e4higkeit erreichte \u00a0der Chor 1982, als er die anspruchsvolle Matth\u00e4uspassion von Heinrich Sch\u00fctz in der Antoniuskapelle auff\u00fchrte. Anwesende Musikfachleute zollten dem Chorleiter h\u00f6chstes Lob f\u00fcr die \u00e4u\u00dferst gelungene Auff\u00fchrung.<\/span><\/p>\n<p style=\"text-align: justify;\"><span style=\"color: #000000;\">Im Jahr 1982 z\u00e4hlte der Chor 42 aktive S\u00e4ngerinnen und S\u00e4nger in seinen Reihen. In diesen Jahren waren die S\u00e4nger\/innen gern gesehene G\u00e4ste bei verschiedensten Festen im Dorf und bei Konzerten oder S\u00e4ngerfesten au\u00dferhalb unserer Heimatgemeinde.<\/span><\/p>\n<p style=\"text-align: justify;\"><span style=\"color: #000000;\">Ich m\u00f6chte es nicht vers\u00e4umen, den S\u00e4ngerinnen und S\u00e4ngern zu danken f\u00fcr die Freude, die sie mit ihren Liedern schenkten. Mein Dank gilt auch dem langj\u00e4hrigen Vorsitzenden Josef Heinrich f\u00fcr das gro\u00dfe Engagement, das er mit seinem Vorstand f\u00fcr den Verein einbrachte. Ehre und Anerkennung auch f\u00fcr Walter Nimmesgern, der den Chor zu gro\u00dfen Erfolgen f\u00fchrte und diesem bis zuletzt treu blieb.<\/span><\/p>\n<p style=\"text-align: justify;\"><span style=\"color: #000000;\">Werner Schmidt, Ortsvorsteher<\/span><\/p>\n","protected":false},"excerpt":{"rendered":"<p>Aus f\u00fcr den Gemischten Chor Nach nunmehr 41 Jahren Gemischter Chor Niedersaubach und 110 Jahren Chorgesang in unserem Dorf hat dem Chor die letzte Stunde geschlagen. Am Donnerstag, dem 23. Februar, rief der Vorstand seine Mitglieder zur letzten Versammlung auf. &hellip; <a href=\"https:\/\/unser-niedersaubach.de\/?p=4371\">Weiterlesen <span class=\"meta-nav\">&rarr;<\/span><\/a><\/p>\n","protected":false},"author":2,"featured_media":0,"comment_status":"open","ping_status":"open","sticky":false,"template":"","format":"gallery","meta":{"ngg_post_thumbnail":0,"footnotes":""},"categories":[12],"tags":[194,193],"class_list":["post-4371","post","type-post","status-publish","format-gallery","hentry","category-vereine","tag-auflosung","tag-gemischter-chor","post_format-post-format-gallery"],"_links":{"self":[{"href":"https:\/\/unser-niedersaubach.de\/index.php?rest_route=\/wp\/v2\/posts\/4371","targetHints":{"allow":["GET"]}}],"collection":[{"href":"https:\/\/unser-niedersaubach.de\/index.php?rest_route=\/wp\/v2\/posts"}],"about":[{"href":"https:\/\/unser-niedersaubach.de\/index.php?rest_route=\/wp\/v2\/types\/post"}],"author":[{"embeddable":true,"href":"https:\/\/unser-niedersaubach.de\/index.php?rest_route=\/wp\/v2\/users\/2"}],"replies":[{"embeddable":true,"href":"https:\/\/unser-niedersaubach.de\/index.php?rest_route=%2Fwp%2Fv2%2Fcomments&post=4371"}],"version-history":[{"count":9,"href":"https:\/\/unser-niedersaubach.de\/index.php?rest_route=\/wp\/v2\/posts\/4371\/revisions"}],"predecessor-version":[{"id":5893,"href":"https:\/\/unser-niedersaubach.de\/index.php?rest_route=\/wp\/v2\/posts\/4371\/revisions\/5893"}],"wp:attachment":[{"href":"https:\/\/unser-niedersaubach.de\/index.php?rest_route=%2Fwp%2Fv2%2Fmedia&parent=4371"}],"wp:term":[{"taxonomy":"category","embeddable":true,"href":"https:\/\/unser-niedersaubach.de\/index.php?rest_route=%2Fwp%2Fv2%2Fcategories&post=4371"},{"taxonomy":"post_tag","embeddable":true,"href":"https:\/\/unser-niedersaubach.de\/index.php?rest_route=%2Fwp%2Fv2%2Ftags&post=4371"}],"curies":[{"name":"wp","href":"https:\/\/api.w.org\/{rel}","templated":true}]}}