{"id":4450,"date":"2012-03-28T16:18:38","date_gmt":"2012-03-28T15:18:38","guid":{"rendered":"http:\/\/unser-niedersaubach.de\/?p=4450"},"modified":"2013-06-25T12:30:27","modified_gmt":"2013-06-25T11:30:27","slug":"einweihung","status":"publish","type":"post","link":"https:\/\/unser-niedersaubach.de\/?p=4450","title":{"rendered":"Einweihung"},"content":{"rendered":"<h2>R\u00fcmmelbacher Feuerwehrger\u00e4tehaus\u00a01955 feierlich eingeweiht<\/h2>\n<p style=\"text-align: justify;\">Berta Leinenbach (geb\u00fcrtig aus R\u00fcmmelbach, aus dem Haus Hambuch stammend) hat uns die beiden Bilder \u00fcberlassen, die 1955 anl\u00e4sslich der Inbetriebnahme des R\u00fcmmelbacher Feuerwehrger\u00e4tehauses von den h\u00fcbschen R\u00fcmmelbacher und Saubacher M\u00e4dchen aufgenommen wurden.<\/p>\n<div id=\"attachment_4452\" style=\"width: 460px\" class=\"wp-caption aligncenter\"><img loading=\"lazy\" decoding=\"async\" aria-describedby=\"caption-attachment-4452\" class=\"size-full wp-image-4452\" title=\"FW_Ruemmelbach_1955_2\" alt=\"\" src=\"http:\/\/unser-niedersaubach.de\/wp-content\/uploads\/2012\/03\/FW_Ruemmelbach_1955_2.jpg\" width=\"450\" height=\"378\" srcset=\"https:\/\/unser-niedersaubach.de\/wp-content\/uploads\/2012\/03\/FW_Ruemmelbach_1955_2.jpg 450w, https:\/\/unser-niedersaubach.de\/wp-content\/uploads\/2012\/03\/FW_Ruemmelbach_1955_2-300x252.jpg 300w\" sizes=\"auto, (max-width: 450px) 100vw, 450px\" \/><p id=\"caption-attachment-4452\" class=\"wp-caption-text\">R\u00fcmmelbacher Ehrendamen, obere Reihe (v.l.n.r): Alwine Klein, Elfriede Scherer, Rosmarie Ney, Rosa Scherer und Marianne Buchheit; untere Reihe: Helga Hans, Berta Klein und Anita Scherer, Fotoarchiv: Berta Leinenbach<\/p><\/div>\n<div id=\"attachment_4451\" style=\"width: 460px\" class=\"wp-caption aligncenter\"><img loading=\"lazy\" decoding=\"async\" aria-describedby=\"caption-attachment-4451\" class=\"size-full wp-image-4451\" title=\"FW_Ruemmelbach_1955\" alt=\"\" src=\"http:\/\/unser-niedersaubach.de\/wp-content\/uploads\/2012\/03\/FW_Ruemmelbach_1955.jpg\" width=\"450\" height=\"287\" srcset=\"https:\/\/unser-niedersaubach.de\/wp-content\/uploads\/2012\/03\/FW_Ruemmelbach_1955.jpg 450w, https:\/\/unser-niedersaubach.de\/wp-content\/uploads\/2012\/03\/FW_Ruemmelbach_1955-300x191.jpg 300w\" sizes=\"auto, (max-width: 450px) 100vw, 450px\" \/><p id=\"caption-attachment-4451\" class=\"wp-caption-text\">Niedersaubacher und R\u00fcmmelbacher Ehrendamen (v.l.n.r.), vordere Reihe: Rosa Scherer, Anita Scherer, Agnes Sch\u00e4fer, Gisela Nehm, Berta Klein, Marianne Buchheit, Marga Kr\u00e4mer, 2. Reihe (bis Marinanne Buchheit): Rosmarie Ney, Adelinde Feld, Hilde Endres und Elfriede Scherer, 3. Reihe: Helga Hans und Martha Heinrich sowie hintere Reihe: Rosmarie Ney, Irene Schmidt, Bernadette Schwinn, Agnes Schwinn, Marianne Schmidt, Johanna Heinrich, Irmgard Scherer, Alwine Klein und Elfriede Klauck, Fotoarchiv: Berta Leinenbach<\/p><\/div>\n<p>Wirklich h\u00fcbsch!<\/p>\n<p>Lothar Schmidt<\/p>\n","protected":false},"excerpt":{"rendered":"<p>R\u00fcmmelbacher Feuerwehrger\u00e4tehaus\u00a01955 feierlich eingeweiht Berta Leinenbach (geb\u00fcrtig aus R\u00fcmmelbach, aus dem Haus Hambuch stammend) hat uns die beiden Bilder \u00fcberlassen, die 1955 anl\u00e4sslich der Inbetriebnahme des R\u00fcmmelbacher Feuerwehrger\u00e4tehauses von den h\u00fcbschen R\u00fcmmelbacher und Saubacher M\u00e4dchen aufgenommen wurden. Wirklich h\u00fcbsch! Lothar &hellip; <a href=\"https:\/\/unser-niedersaubach.de\/?p=4450\">Weiterlesen <span class=\"meta-nav\">&rarr;<\/span><\/a><\/p>\n","protected":false},"author":2,"featured_media":0,"comment_status":"open","ping_status":"open","sticky":false,"template":"","format":"gallery","meta":{"ngg_post_thumbnail":0,"footnotes":""},"categories":[71,188,27,12],"tags":[197,196,189],"class_list":["post-4450","post","type-post","status-publish","format-gallery","hentry","category-festveranstaltung","category-feuerwehr","category-rummelbach","category-vereine","tag-197","tag-feuerwehr-rummelbach","tag-feuerwehrfest","post_format-post-format-gallery"],"_links":{"self":[{"href":"https:\/\/unser-niedersaubach.de\/index.php?rest_route=\/wp\/v2\/posts\/4450","targetHints":{"allow":["GET"]}}],"collection":[{"href":"https:\/\/unser-niedersaubach.de\/index.php?rest_route=\/wp\/v2\/posts"}],"about":[{"href":"https:\/\/unser-niedersaubach.de\/index.php?rest_route=\/wp\/v2\/types\/post"}],"author":[{"embeddable":true,"href":"https:\/\/unser-niedersaubach.de\/index.php?rest_route=\/wp\/v2\/users\/2"}],"replies":[{"embeddable":true,"href":"https:\/\/unser-niedersaubach.de\/index.php?rest_route=%2Fwp%2Fv2%2Fcomments&post=4450"}],"version-history":[{"count":8,"href":"https:\/\/unser-niedersaubach.de\/index.php?rest_route=\/wp\/v2\/posts\/4450\/revisions"}],"predecessor-version":[{"id":5891,"href":"https:\/\/unser-niedersaubach.de\/index.php?rest_route=\/wp\/v2\/posts\/4450\/revisions\/5891"}],"wp:attachment":[{"href":"https:\/\/unser-niedersaubach.de\/index.php?rest_route=%2Fwp%2Fv2%2Fmedia&parent=4450"}],"wp:term":[{"taxonomy":"category","embeddable":true,"href":"https:\/\/unser-niedersaubach.de\/index.php?rest_route=%2Fwp%2Fv2%2Fcategories&post=4450"},{"taxonomy":"post_tag","embeddable":true,"href":"https:\/\/unser-niedersaubach.de\/index.php?rest_route=%2Fwp%2Fv2%2Ftags&post=4450"}],"curies":[{"name":"wp","href":"https:\/\/api.w.org\/{rel}","templated":true}]}}