{"id":4476,"date":"2012-04-26T16:52:27","date_gmt":"2012-04-26T15:52:27","guid":{"rendered":"http:\/\/unser-niedersaubach.de\/?p=4476"},"modified":"2013-06-25T12:27:53","modified_gmt":"2013-06-25T11:27:53","slug":"800-jahre-niedersaubach","status":"publish","type":"post","link":"https:\/\/unser-niedersaubach.de\/?p=4476","title":{"rendered":"800 Jahre Niedersaubach"},"content":{"rendered":"<h2>Festschrift ist gedruckt<\/h2>\n<p style=\"text-align: justify;\"><span style=\"color: #000000;\">Unsere Festschrift ist gedruckt und wird die n\u00e4chsten Tage im Dorf kostenlos verteilt. Hierbei auch nochmals herzlichen Dank an die gro\u00dfz\u00fcgigen Sponsoren!<\/span><\/p>\n<div id=\"attachment_4478\" style=\"width: 460px\" class=\"wp-caption aligncenter\"><a title=\"Festschrift &quot;800 Jahre Niedersaubach&quot;\" href=\"http:\/\/unser-niedersaubach.de\/Dokumente\/800\/Festschrift.pdf\" target=\"_blank\"><img loading=\"lazy\" decoding=\"async\" aria-describedby=\"caption-attachment-4478\" class=\"size-full wp-image-4478\" title=\"Festschrift\" alt=\"\" src=\"http:\/\/unser-niedersaubach.de\/wp-content\/uploads\/2012\/04\/Festschrift1.jpg\" width=\"450\" height=\"638\" srcset=\"https:\/\/unser-niedersaubach.de\/wp-content\/uploads\/2012\/04\/Festschrift1.jpg 450w, https:\/\/unser-niedersaubach.de\/wp-content\/uploads\/2012\/04\/Festschrift1-211x300.jpg 211w\" sizes=\"auto, (max-width: 450px) 100vw, 450px\" \/><\/a><p id=\"caption-attachment-4478\" class=\"wp-caption-text\">800 Jahre Niedersaubach &#8211; Festschrift zum Geburtstag 1212 &#8211; 2012<\/p><\/div>\n<p style=\"text-align: center;\"><span style=\"color: #ff0000;\"><em>Dieses Startbild anklicken, um die\u00a0entsprechende PDF-Datei zu bekommen!<\/em><\/span><\/p>\n<p style=\"text-align: justify;\"><span style=\"color: #000000;\">Bei Interesse kann man die Festschrift auch im Antoniusheim kostenlos\u00a0bei Hans Schmitz bekommen: mittwochs von 18 bis 20 Uhr oder samstags von 10 bis 12 Uhr. Dort gibt&#8217;s auch die T-Shirts, den Birnenbrand und das Bild vom Saubachtal &#8211; alles f\u00fcr 800 Cent.<\/span><\/p>\n<p style=\"text-align: justify;\"><span style=\"color: #000000;\">Ich denke, die Festschrift kann sich sehen lassen &#8211; viel Spa\u00df beim Lesen!<\/span><\/p>\n<p style=\"text-align: justify;\"><span style=\"color: #000000;\">Lothar Schmidt<\/span><\/p>\n","protected":false},"excerpt":{"rendered":"<p>Festschrift ist gedruckt Unsere Festschrift ist gedruckt und wird die n\u00e4chsten Tage im Dorf kostenlos verteilt. Hierbei auch nochmals herzlichen Dank an die gro\u00dfz\u00fcgigen Sponsoren! Dieses Startbild anklicken, um die\u00a0entsprechende PDF-Datei zu bekommen! Bei Interesse kann man die Festschrift auch &hellip; <a href=\"https:\/\/unser-niedersaubach.de\/?p=4476\">Weiterlesen <span class=\"meta-nav\">&rarr;<\/span><\/a><\/p>\n","protected":false},"author":2,"featured_media":0,"comment_status":"open","ping_status":"open","sticky":false,"template":"","format":"gallery","meta":{"ngg_post_thumbnail":0,"footnotes":""},"categories":[71,48,129,132],"tags":[87,201],"class_list":["post-4476","post","type-post","status-publish","format-gallery","hentry","category-festveranstaltung","category-jubilaum","category-kulturprogramm","category-veranstaltungen","tag-800-jahrfeier","tag-festschrift","post_format-post-format-gallery"],"_links":{"self":[{"href":"https:\/\/unser-niedersaubach.de\/index.php?rest_route=\/wp\/v2\/posts\/4476","targetHints":{"allow":["GET"]}}],"collection":[{"href":"https:\/\/unser-niedersaubach.de\/index.php?rest_route=\/wp\/v2\/posts"}],"about":[{"href":"https:\/\/unser-niedersaubach.de\/index.php?rest_route=\/wp\/v2\/types\/post"}],"author":[{"embeddable":true,"href":"https:\/\/unser-niedersaubach.de\/index.php?rest_route=\/wp\/v2\/users\/2"}],"replies":[{"embeddable":true,"href":"https:\/\/unser-niedersaubach.de\/index.php?rest_route=%2Fwp%2Fv2%2Fcomments&post=4476"}],"version-history":[{"count":6,"href":"https:\/\/unser-niedersaubach.de\/index.php?rest_route=\/wp\/v2\/posts\/4476\/revisions"}],"predecessor-version":[{"id":5889,"href":"https:\/\/unser-niedersaubach.de\/index.php?rest_route=\/wp\/v2\/posts\/4476\/revisions\/5889"}],"wp:attachment":[{"href":"https:\/\/unser-niedersaubach.de\/index.php?rest_route=%2Fwp%2Fv2%2Fmedia&parent=4476"}],"wp:term":[{"taxonomy":"category","embeddable":true,"href":"https:\/\/unser-niedersaubach.de\/index.php?rest_route=%2Fwp%2Fv2%2Fcategories&post=4476"},{"taxonomy":"post_tag","embeddable":true,"href":"https:\/\/unser-niedersaubach.de\/index.php?rest_route=%2Fwp%2Fv2%2Ftags&post=4476"}],"curies":[{"name":"wp","href":"https:\/\/api.w.org\/{rel}","templated":true}]}}