{"id":4484,"date":"2012-05-04T14:28:10","date_gmt":"2012-05-04T13:28:10","guid":{"rendered":"http:\/\/unser-niedersaubach.de\/?p=4484"},"modified":"2013-06-25T12:27:30","modified_gmt":"2013-06-25T11:27:30","slug":"jetzt-gehts-los","status":"publish","type":"post","link":"https:\/\/unser-niedersaubach.de\/?p=4484","title":{"rendered":"Jetzt geht&#8217;s los!"},"content":{"rendered":"<h3>Festveranstaltungen zum 800. Geburtstag unseres Dorfes beginnen am 12. und 13. Mai<\/h3>\n<p style=\"text-align: justify;\"><span style=\"color: #000000;\">Einiges ist schon berichtet worden \u00fcber die Hintergr\u00fcnde des 800. Geburtstages von Niedersaubach. <\/span><span style=\"color: #000000;\">In 8 Festveranstaltungen wird dieses Jubil\u00e4um \u00fcbers Jahr hin gefeiert. <\/span><span style=\"color: #000000;\">Jetzt geht\u2019s los: Am Samstag, 12. Mai, und Sonntag, 13. Mai, wird das Jubil\u00e4umsfest er\u00f6ffnet.<\/span><\/p>\n<div id=\"attachment_4485\" style=\"width: 460px\" class=\"wp-caption aligncenter\"><img loading=\"lazy\" decoding=\"async\" aria-describedby=\"caption-attachment-4485\" class=\"size-full wp-image-4485\" title=\"jetzt-gehts-los_450\" alt=\"\" src=\"http:\/\/unser-niedersaubach.de\/wp-content\/uploads\/2012\/05\/jetzt-gehts-los_450.jpg\" width=\"450\" height=\"301\" srcset=\"https:\/\/unser-niedersaubach.de\/wp-content\/uploads\/2012\/05\/jetzt-gehts-los_450.jpg 450w, https:\/\/unser-niedersaubach.de\/wp-content\/uploads\/2012\/05\/jetzt-gehts-los_450-300x200.jpg 300w\" sizes=\"auto, (max-width: 450px) 100vw, 450px\" \/><p id=\"caption-attachment-4485\" class=\"wp-caption-text\">Engelbert Alt, Edmund Bohlen und Markus Thewes l\u00e4uten den Beginn der Festveranstaltungen ein; Foto: Richard Wagner<\/p><\/div>\n<p style=\"text-align: justify;\"><span style=\"color: #000000;\">Samstags wird das Fest um 17:30 Uhr mit einem Fassanstich im Festzelt beim Antoniusheim durch den Vorstandsvorsitzenden der levoBANK, Bernd Hell, er\u00f6ffnet; die Gresaubacher Oldtimerband spielt im Anschluss zu einem D\u00e4mmerschoppenkonzert auf. Um 19 Uhr beginnt der Historienabend im Festsaal des Antoniusheimes. Das Niedersaubacher Vokalensemble \u201eDie Somebodys\u201c unter der Leitung von Petra Heinrich wird mit seinen Liedbeitr\u00e4gen durch die Jahrhunderte f\u00fchren. Dr. Johannes Schmitt (H\u00fcttersdorf) und Klaus Feld (Landsweiler) werden in ihren Festvortr\u00e4gen die Lebensumst\u00e4nde des 13. Jahrhunderts und die Familiengeschichten des Dorfes vom Drei\u00dfigj\u00e4hrigen Krieg bis zur Franz\u00f6sischen Revolution beleuchten. Diese Vortr\u00e4ge werden von Prof. Ivica Maksimovic multimedial begleitet, um das Gesagte bildlich zu veranschaulichen.<\/span><\/p>\n<p style=\"text-align: justify;\"><span style=\"color: #000000;\">Sonntags findet um 09:30 Uhr in der Antoniuskapelle der Festgottesdienst statt; er wird begleitet vom Lebacher Kirchenchor unter Leitung unseres Kantors, J\u00fcrgen Fr\u00f6hlich. Im Anschluss findet im Festzelt beim Antoniusheim ein Fr\u00fchschoppenkonzert des Gro\u00dfen Orchesters Gresaubach unter Leitung von Mark Endres statt. Ab 12 Uhr gibt es Mittagessen im Festzelt, f\u00fcr das man sich im Vorverkauf Essenbons (Schweinshaxen oder Gef\u00fcllte) besorgen sollte (Hans Schmitz, Tel.: 3660); nat\u00fcrlich gibt\u2019s auch Rostw\u00fcrste und Schwenker. Ab 15 Uhr gibt\u2019s ein Kinderfest im Festzelt, das f\u00fcr die Kinder viele \u00dcberraschungen bereit h\u00e4lt. Ab 15 Uhr wird auch Kaffee und Kuchen angeboten. Um 19 Uhr beginnt dann der Mundartabend im Antoniusheim \u201eUs scheen Saubacher Sproch\u201c unter der Leitung von Helga Kron. In Volksliedern zum Mitsingen, Zeitzeugenbefragungen, Sketchen und Theatervortr\u00e4gen (ein Ausschnitt aus dem Saubacher Heimatst\u00fcck: Die Schlacht an der Wolweskaoul\u201c wird aufgef\u00fchrt) wird die Zeit stillstehen; daf\u00fcr b\u00fcrgt auch die Moderation von Kanisius Schmidt.<\/span><\/p>\n<p style=\"text-align: justify;\"><span style=\"color: #000000;\">Viele Mitb\u00fcrgerinnen und Mitb\u00fcrger aus Niedersaubach sind mit gro\u00dfem Engagement bei der Vorbereitung und Durchf\u00fchrung der Jubil\u00e4umsveranstaltungen dabei. Das wird die Veranstaltungsreihe \u201e800 Jahre Niedersaubach\u201c sicherlich zum Erfolg f\u00fchren \u2013 und nachhaltig die Dorfgemeinschaft f\u00f6rdern.<\/span><\/p>\n","protected":false},"excerpt":{"rendered":"<p>Festveranstaltungen zum 800. Geburtstag unseres Dorfes beginnen am 12. und 13. Mai Einiges ist schon berichtet worden \u00fcber die Hintergr\u00fcnde des 800. Geburtstages von Niedersaubach. In 8 Festveranstaltungen wird dieses Jubil\u00e4um \u00fcbers Jahr hin gefeiert. Jetzt geht\u2019s los: Am Samstag, &hellip; <a href=\"https:\/\/unser-niedersaubach.de\/?p=4484\">Weiterlesen <span class=\"meta-nav\">&rarr;<\/span><\/a><\/p>\n","protected":false},"author":2,"featured_media":0,"comment_status":"open","ping_status":"open","sticky":false,"template":"","format":"gallery","meta":{"ngg_post_thumbnail":0,"footnotes":""},"categories":[71,48,132],"tags":[],"class_list":["post-4484","post","type-post","status-publish","format-gallery","hentry","category-festveranstaltung","category-jubilaum","category-veranstaltungen","post_format-post-format-gallery"],"_links":{"self":[{"href":"https:\/\/unser-niedersaubach.de\/index.php?rest_route=\/wp\/v2\/posts\/4484","targetHints":{"allow":["GET"]}}],"collection":[{"href":"https:\/\/unser-niedersaubach.de\/index.php?rest_route=\/wp\/v2\/posts"}],"about":[{"href":"https:\/\/unser-niedersaubach.de\/index.php?rest_route=\/wp\/v2\/types\/post"}],"author":[{"embeddable":true,"href":"https:\/\/unser-niedersaubach.de\/index.php?rest_route=\/wp\/v2\/users\/2"}],"replies":[{"embeddable":true,"href":"https:\/\/unser-niedersaubach.de\/index.php?rest_route=%2Fwp%2Fv2%2Fcomments&post=4484"}],"version-history":[{"count":5,"href":"https:\/\/unser-niedersaubach.de\/index.php?rest_route=\/wp\/v2\/posts\/4484\/revisions"}],"predecessor-version":[{"id":4487,"href":"https:\/\/unser-niedersaubach.de\/index.php?rest_route=\/wp\/v2\/posts\/4484\/revisions\/4487"}],"wp:attachment":[{"href":"https:\/\/unser-niedersaubach.de\/index.php?rest_route=%2Fwp%2Fv2%2Fmedia&parent=4484"}],"wp:term":[{"taxonomy":"category","embeddable":true,"href":"https:\/\/unser-niedersaubach.de\/index.php?rest_route=%2Fwp%2Fv2%2Fcategories&post=4484"},{"taxonomy":"post_tag","embeddable":true,"href":"https:\/\/unser-niedersaubach.de\/index.php?rest_route=%2Fwp%2Fv2%2Ftags&post=4484"}],"curies":[{"name":"wp","href":"https:\/\/api.w.org\/{rel}","templated":true}]}}