{"id":4493,"date":"2012-05-18T10:55:17","date_gmt":"2012-05-18T09:55:17","guid":{"rendered":"http:\/\/unser-niedersaubach.de\/?p=4493"},"modified":"2013-06-25T12:26:40","modified_gmt":"2013-06-25T11:26:40","slug":"rummelbacher-brunnenfest","status":"publish","type":"post","link":"https:\/\/unser-niedersaubach.de\/?p=4493","title":{"rendered":"R\u00fcmmelbacher Brunnenfest"},"content":{"rendered":"<h3 style=\"text-align: justify;\">800-Jahrfeier Niedersaubach-R\u00fcmmelbach geht an Pfingstsonntag in die 2. Runde<\/h3>\n<p style=\"text-align: justify;\">1964 fassten Niedersaubach und R\u00fcmmelbach den Entschluss, eine Gemeinde zu bilden. Deshalb ist es nur selbstverst\u00e4ndlich, dass auch R\u00fcmmelbach den 800. Geburtstag von Niedersaubach mitfeiert.<\/p>\n<p style=\"text-align: justify;\">An Pfingstsonntag, 27. Mai 2012, findet deshalb in R\u00fcmmelbach an der neuen Brunnenanlage in der Dorfmitte (H\u00fcgelstra\u00dfe) ein Brunnenfest statt.<\/p>\n<div id=\"attachment_4498\" style=\"width: 460px\" class=\"wp-caption aligncenter\"><img loading=\"lazy\" decoding=\"async\" aria-describedby=\"caption-attachment-4498\" class=\"size-full wp-image-4498\" title=\"Ruemmelbacher-Brunnen_450\" alt=\"\" src=\"http:\/\/unser-niedersaubach.de\/wp-content\/uploads\/2012\/05\/Ruemmelbacher-Brunnen_450.jpg\" width=\"450\" height=\"338\" srcset=\"https:\/\/unser-niedersaubach.de\/wp-content\/uploads\/2012\/05\/Ruemmelbacher-Brunnen_450.jpg 450w, https:\/\/unser-niedersaubach.de\/wp-content\/uploads\/2012\/05\/Ruemmelbacher-Brunnen_450-300x225.jpg 300w\" sizes=\"auto, (max-width: 450px) 100vw, 450px\" \/><p id=\"caption-attachment-4498\" class=\"wp-caption-text\">Um den R\u00fcmmelbacher Dorfbrunnen in der H\u00fcgelstra\u00dfe wird das Brunnenfest stattfinden; Foto: Lothar Schmidt<\/p><\/div>\n<p style=\"text-align: justify; padding-left: 30px;\">Um <strong>9 Uhr<\/strong> wird das Fest im Festzelt am Brunnen er\u00f6ffnet.<\/p>\n<p style=\"text-align: justify; padding-left: 30px;\">Gegen <strong>09:30 Uhr<\/strong> f\u00fchrt <strong>Wanderf\u00fchrer Paul Mattick<\/strong> eine Wanderung \u00fcber den historischen <strong>R\u00fcmmelbach-Humberg-Weg<\/strong>, vorbei an versunkenen Erzgruben, in denen \u00fcber einige Jahrhunderte Toneisenstein (die ber\u00fchmten, sehr eisenerzhaltigen \u201eLebacher Eier\u201c) im Tagebergbau gegraben wurde. Die Lebacher Eier, die in den saarl\u00e4ndischen Eisenh\u00fctten geschmolzen wurden, waren einmal sehr begehrt und begr\u00fcndeten die f\u00fcr unser Land so wichtige Erfolgsgeschichte der saarl\u00e4ndischen Eisen- und Stahlindustrie wesentlich mit. Auch erdgeschichtlich ist der R\u00fcmmelbach-Humberg-Weg sehr interessant. Er erinnert an das R\u00fcmmelbach-Humberg-Meer, das einmal von R\u00fcmmelbach bis nach Bad Kreuznach reichte und an dessen Ufern in R\u00fcmmelbach durch Gesteinsverrostung die Lebacher Eier entstanden. Treffpunkt der Wanderung ist der R\u00fcmmelbacher Dorfbrunnen in der H\u00fcgelstra\u00dfe; die Wanderung ist ca. 10 km lang und dauert ca. 3 Stunden. Die Teilnehmer an der Wanderung nehmen auch an einer interessanten Verlosung teil.<\/p>\n<p style=\"text-align: justify; padding-left: 30px;\">Um <strong>10 Uhr<\/strong> beginnt im Festzelt eine <strong>Ausstellung von Gesteinsfunden<\/strong>, die <strong>Egon Gross<\/strong> im Gebiert des R\u00fcmmelbacher Urmeeres gefunden hat; staunen wird man dabei \u00fcber die fossilen Gesteinsabdr\u00fccke von Urtieren und Urpflanzen. Egon Gross selber wird die Ausstellung vorstellen und erkl\u00e4ren.<\/p>\n<p style=\"text-align: justify; padding-left: 30px;\">F\u00fcr <strong>11 Uhr<\/strong> l\u00e4dt Ortsvorsteher Schmidt zum <strong>Fassanstich<\/strong>; gleichzeitig spielt die Gresaubacher <strong>Oldtimer-Band<\/strong> zum Fr\u00fchschoppenkonzert auf.<\/p>\n<p style=\"text-align: justify; padding-left: 30px;\">Um <strong>12 Uhr<\/strong> wird ein <strong>Mittagessen<\/strong> angeboten.<\/p>\n<p style=\"text-align: justify; padding-left: 30px;\">Um <strong>13 Uhr<\/strong> wird ein <strong>Vokalchor<\/strong> namens <strong>Vivat<\/strong> aus der Ukraine im Festzelt auftreten. Er wird begleitet vom Lebacher <strong>Kantor Fr\u00f6hlich<\/strong>.<\/p>\n<p style=\"text-align: justify; padding-left: 30px;\">Um <strong>14 Uhr<\/strong> erfolgt die <strong>Verlosung<\/strong>.<\/p>\n<p style=\"text-align: justify; padding-left: 30px;\">Ab <strong>15 Uhr<\/strong> wird<strong> Kaffee und Kuchen<\/strong> gereicht. Gleichzeitig beginnt ein <strong>Kinderprogramm<\/strong>. Eingebettet in dieses Unterhaltungsprogramm ist auch eine Demonstration der <strong>Jugendfeuerwehr<\/strong> Niedersaubach-R\u00fcmmelbach.<\/p>\n<p style=\"text-align: justify; padding-left: 30px;\">Danach klingt das R\u00fcmmelbacher Brunnenfest gem\u00fctlich aus.<\/p>\n<p style=\"text-align: justify;\">Wir freuen uns auf Ihren Besuch!<\/p>\n<p style=\"text-align: justify;\">Die R\u00fcmmelbacher<\/p>\n","protected":false},"excerpt":{"rendered":"<p>800-Jahrfeier Niedersaubach-R\u00fcmmelbach geht an Pfingstsonntag in die 2. Runde 1964 fassten Niedersaubach und R\u00fcmmelbach den Entschluss, eine Gemeinde zu bilden. Deshalb ist es nur selbstverst\u00e4ndlich, dass auch R\u00fcmmelbach den 800. Geburtstag von Niedersaubach mitfeiert. An Pfingstsonntag, 27. Mai 2012, findet &hellip; <a href=\"https:\/\/unser-niedersaubach.de\/?p=4493\">Weiterlesen <span class=\"meta-nav\">&rarr;<\/span><\/a><\/p>\n","protected":false},"author":2,"featured_media":0,"comment_status":"open","ping_status":"open","sticky":false,"template":"","format":"gallery","meta":{"ngg_post_thumbnail":0,"footnotes":""},"categories":[71,48,27,132],"tags":[74,202],"class_list":["post-4493","post","type-post","status-publish","format-gallery","hentry","category-festveranstaltung","category-jubilaum","category-rummelbach","category-veranstaltungen","tag-rummelbach-humberg-weg","tag-rummelbacher-brunnenfest","post_format-post-format-gallery"],"_links":{"self":[{"href":"https:\/\/unser-niedersaubach.de\/index.php?rest_route=\/wp\/v2\/posts\/4493","targetHints":{"allow":["GET"]}}],"collection":[{"href":"https:\/\/unser-niedersaubach.de\/index.php?rest_route=\/wp\/v2\/posts"}],"about":[{"href":"https:\/\/unser-niedersaubach.de\/index.php?rest_route=\/wp\/v2\/types\/post"}],"author":[{"embeddable":true,"href":"https:\/\/unser-niedersaubach.de\/index.php?rest_route=\/wp\/v2\/users\/2"}],"replies":[{"embeddable":true,"href":"https:\/\/unser-niedersaubach.de\/index.php?rest_route=%2Fwp%2Fv2%2Fcomments&post=4493"}],"version-history":[{"count":6,"href":"https:\/\/unser-niedersaubach.de\/index.php?rest_route=\/wp\/v2\/posts\/4493\/revisions"}],"predecessor-version":[{"id":4496,"href":"https:\/\/unser-niedersaubach.de\/index.php?rest_route=\/wp\/v2\/posts\/4493\/revisions\/4496"}],"wp:attachment":[{"href":"https:\/\/unser-niedersaubach.de\/index.php?rest_route=%2Fwp%2Fv2%2Fmedia&parent=4493"}],"wp:term":[{"taxonomy":"category","embeddable":true,"href":"https:\/\/unser-niedersaubach.de\/index.php?rest_route=%2Fwp%2Fv2%2Fcategories&post=4493"},{"taxonomy":"post_tag","embeddable":true,"href":"https:\/\/unser-niedersaubach.de\/index.php?rest_route=%2Fwp%2Fv2%2Ftags&post=4493"}],"curies":[{"name":"wp","href":"https:\/\/api.w.org\/{rel}","templated":true}]}}