{"id":4500,"date":"2012-05-16T17:50:20","date_gmt":"2012-05-16T16:50:20","guid":{"rendered":"http:\/\/unser-niedersaubach.de\/?p=4500"},"modified":"2013-06-25T12:27:06","modified_gmt":"2013-06-25T11:27:06","slug":"12-und-13-mai-2012","status":"publish","type":"post","link":"https:\/\/unser-niedersaubach.de\/?p=4500","title":{"rendered":"12. und 13. Mai 2012"},"content":{"rendered":"<h3>Furioser Auftakt<\/h3>\n<h3>der 800-Jahrfeier im und beim Antoniusheim<\/h3>\n<p style=\"text-align: justify;\">Sankt Antonius hat es mal wieder ausgesprochen gut gemeint mit unserem Dorf. Am Festwochenende herrschte &#8211; bei vielleicht etwas k\u00fchlen Temperaturen, aber strahlendem Sonnenschein &#8211; Feststimmung in Niedersaubach.<\/p>\n<p style=\"text-align: justify;\">An beiden Tagen war der Festsaal im Antoniusheim bis auf den letzten Platz gef\u00fcllt, und auch sonntags war das Festzelt beim Fr\u00fchschoppenkonzert, dem Mittagessen und dem Kindernachmittag bei Kaffee und Kuchen proppenvoll.<\/p>\n<p style=\"text-align: justify;\">Phantastisch!<\/p>\n<p style=\"text-align: justify;\">Die ersten Bilder sind nun eingetroffen. Richard Wagner (Fotoclub Lebach) hat die Atmosph\u00e4re des Festes authentisch eingefangen. Daf\u00fcr, lieber Richard, herzlichen Dank!<\/p>\n<div id=\"attachment_4501\" style=\"width: 460px\" class=\"wp-caption aligncenter\"><a title=\"800 Jahre Niedersaubach 1212 - 2012, das Fest ist er\u00f6ffnet, Foto: Richard Wagner\" href=\"http:\/\/unser-niedersaubach.de\/Fotos\/800\/12-05-2012\/index.htm\" target=\"_blank\"><img loading=\"lazy\" decoding=\"async\" aria-describedby=\"caption-attachment-4501\" class=\"size-full wp-image-4501\" title=\"Auftakt-1\" alt=\"\" src=\"http:\/\/unser-niedersaubach.de\/wp-content\/uploads\/2012\/05\/Auftakt-1.jpg\" width=\"450\" height=\"302\" srcset=\"https:\/\/unser-niedersaubach.de\/wp-content\/uploads\/2012\/05\/Auftakt-1.jpg 450w, https:\/\/unser-niedersaubach.de\/wp-content\/uploads\/2012\/05\/Auftakt-1-300x201.jpg 300w\" sizes=\"auto, (max-width: 450px) 100vw, 450px\" \/><\/a><p id=\"caption-attachment-4501\" class=\"wp-caption-text\">Ortsvorsteher Werner Schmidt, Roman Schirra (Karlsberg), Vorstandsvorsitzender Bernd Hell (levoBank), B\u00fcrgermeister Arno Schmidt, Festwirt Arnold Sch\u00e4fer und Staatssekret\u00e4r J\u00fcrgen Barke er\u00f6ffnen samstags gegen 17:30 Uhr die Jubil\u00e4umsfeier, Foto: Richard Wagner<\/p><\/div>\n<div id=\"attachment_4502\" style=\"width: 460px\" class=\"wp-caption aligncenter\"><a title=\"800 Jahre Niedersaubach 1212 - 2012, Kanisius Schmidt (Bejtzer) moderiert den Mundartabend, Foto: Richard Wagner\" href=\"http:\/\/unser-niedersaubach.de\/Fotos\/800\/13-05-2012\/index.htm\" target=\"_blank\"><img loading=\"lazy\" decoding=\"async\" aria-describedby=\"caption-attachment-4502\" class=\"size-full wp-image-4502\" title=\"Moderator\" alt=\"\" src=\"http:\/\/unser-niedersaubach.de\/wp-content\/uploads\/2012\/05\/Moderator.jpg\" width=\"450\" height=\"540\" srcset=\"https:\/\/unser-niedersaubach.de\/wp-content\/uploads\/2012\/05\/Moderator.jpg 450w, https:\/\/unser-niedersaubach.de\/wp-content\/uploads\/2012\/05\/Moderator-250x300.jpg 250w\" sizes=\"auto, (max-width: 450px) 100vw, 450px\" \/><\/a><p id=\"caption-attachment-4502\" class=\"wp-caption-text\">Kanisius Schmidt moderiert sonntags den Mundartabend, Foto: Richard Wagner<\/p><\/div>\n<p style=\"text-align: center;\">\u00a0<span style=\"color: #ff0000;\"><em>Die Startbilder anklicken, um zu den Fotoalben zu kommen!<\/em><\/span><\/p>\n<p style=\"text-align: center;\"><span style=\"color: #ff0000;\"><em><\/em><span style=\"color: #000000;\">Silvia Birtel-Breuer hat uns die beigef\u00fcgten Bilder vom Kinderfest am 13. Mai zur Verf\u00fcgung gestellt.<\/span><\/span><\/p>\n<div id=\"attachment_4580\" style=\"width: 460px\" class=\"wp-caption aligncenter\"><a title=\"Kinderfest am 13. Mai 2012 im Festzelt vorm Antoniusheim, Fotos: Silvia Birtel-Breuer\" href=\"http:\/\/unser-niedersaubach.de\/Fotos\/800\/13-05-2012_2\/index.htm\" target=\"_blank\"><img loading=\"lazy\" decoding=\"async\" aria-describedby=\"caption-attachment-4580\" class=\" wp-image-4580\" title=\"Kinderfest\" alt=\"\" src=\"http:\/\/unser-niedersaubach.de\/wp-content\/uploads\/2012\/05\/Kinderfest.jpg\" width=\"450\" height=\"300\" srcset=\"https:\/\/unser-niedersaubach.de\/wp-content\/uploads\/2012\/05\/Kinderfest.jpg 450w, https:\/\/unser-niedersaubach.de\/wp-content\/uploads\/2012\/05\/Kinderfest-300x200.jpg 300w\" sizes=\"auto, (max-width: 450px) 100vw, 450px\" \/><\/a><p id=\"caption-attachment-4580\" class=\"wp-caption-text\">Kinderfest am 13. Mai 2012 im Festzelt vorm Antoniusheim, Foto: Silvia Birtel-Breuer<\/p><\/div>\n<p style=\"text-align: center;\"><span style=\"color: #ff0000;\"><em>Dieses Startbild anklicken, um zur Fotogalerie von Silvia Birtel-Breuer zu kommen!<\/em><\/span><\/p>\n<p style=\"text-align: justify;\">Ich bin sicher, dass noch weitere Fotografen unterwegs waren und uns Bilder zur Verf\u00fcgung stellen werden, um sie hier auszustellen.<\/p>\n<p style=\"text-align: justify;\">Zus\u00e4tzlich hat Gerhard Sch\u00e4fer beide Veranstaltungsteile gefilmt. Er sichtet nun das Material, das er uns digitalisiert zur Verf\u00fcgung stellen wird. Daf\u00fcr auch Dir, lieber Gerhard, herzlichen Dank!<\/p>\n<p style=\"text-align: justify;\">Viel Vergn\u00fcgen beim Durchbl\u00e4ttern der Alben!<\/p>\n<p>Lothar Schmidt<\/p>\n<p>P.S.:<\/p>\n<p style=\"text-align: justify;\">Zur Dokumentation habe ich auch die Programme der beiden Festtage hier hinterlegt (einfach anklicken): (1) <strong><span style=\"color: #0000ff;\"><a title=\"Der Festakt am 12. Mai 2012\" href=\"http:\/\/unser-niedersaubach.de\/Dokumente\/800\/Festakt.pdf\" target=\"_blank\"><span style=\"color: #0000ff;\">12. Mai 2012<\/span><\/a><\/span><\/strong> und (2) <a title=\"Programm des Mundartabends am 13. Mai 2012 im Antoniusheim\" href=\"http:\/\/unser-niedersaubach.de\/Dokumente\/800\/Mundartabend.pdf\" target=\"_blank\"><strong><span style=\"color: #0000ff;\">13. Mai 2012<\/span><\/strong><\/a>.<\/p>\n","protected":false},"excerpt":{"rendered":"<p>Furioser Auftakt der 800-Jahrfeier im und beim Antoniusheim Sankt Antonius hat es mal wieder ausgesprochen gut gemeint mit unserem Dorf. Am Festwochenende herrschte &#8211; bei vielleicht etwas k\u00fchlen Temperaturen, aber strahlendem Sonnenschein &#8211; Feststimmung in Niedersaubach. An beiden Tagen war &hellip; <a href=\"https:\/\/unser-niedersaubach.de\/?p=4500\">Weiterlesen <span class=\"meta-nav\">&rarr;<\/span><\/a><\/p>\n","protected":false},"author":2,"featured_media":0,"comment_status":"open","ping_status":"open","sticky":false,"template":"","format":"gallery","meta":{"ngg_post_thumbnail":0,"footnotes":""},"categories":[71,48,132],"tags":[87,203,204],"class_list":["post-4500","post","type-post","status-publish","format-gallery","hentry","category-festveranstaltung","category-jubilaum","category-veranstaltungen","tag-800-jahrfeier","tag-festakt","tag-mundartabend","post_format-post-format-gallery"],"_links":{"self":[{"href":"https:\/\/unser-niedersaubach.de\/index.php?rest_route=\/wp\/v2\/posts\/4500","targetHints":{"allow":["GET"]}}],"collection":[{"href":"https:\/\/unser-niedersaubach.de\/index.php?rest_route=\/wp\/v2\/posts"}],"about":[{"href":"https:\/\/unser-niedersaubach.de\/index.php?rest_route=\/wp\/v2\/types\/post"}],"author":[{"embeddable":true,"href":"https:\/\/unser-niedersaubach.de\/index.php?rest_route=\/wp\/v2\/users\/2"}],"replies":[{"embeddable":true,"href":"https:\/\/unser-niedersaubach.de\/index.php?rest_route=%2Fwp%2Fv2%2Fcomments&post=4500"}],"version-history":[{"count":11,"href":"https:\/\/unser-niedersaubach.de\/index.php?rest_route=\/wp\/v2\/posts\/4500\/revisions"}],"predecessor-version":[{"id":4507,"href":"https:\/\/unser-niedersaubach.de\/index.php?rest_route=\/wp\/v2\/posts\/4500\/revisions\/4507"}],"wp:attachment":[{"href":"https:\/\/unser-niedersaubach.de\/index.php?rest_route=%2Fwp%2Fv2%2Fmedia&parent=4500"}],"wp:term":[{"taxonomy":"category","embeddable":true,"href":"https:\/\/unser-niedersaubach.de\/index.php?rest_route=%2Fwp%2Fv2%2Fcategories&post=4500"},{"taxonomy":"post_tag","embeddable":true,"href":"https:\/\/unser-niedersaubach.de\/index.php?rest_route=%2Fwp%2Fv2%2Ftags&post=4500"}],"curies":[{"name":"wp","href":"https:\/\/api.w.org\/{rel}","templated":true}]}}