{"id":4525,"date":"2012-06-08T10:19:20","date_gmt":"2012-06-08T09:19:20","guid":{"rendered":"http:\/\/unser-niedersaubach.de\/?p=4525"},"modified":"2013-06-25T12:25:32","modified_gmt":"2013-06-25T11:25:32","slug":"antoniuskirmes-am-17-juni","status":"publish","type":"post","link":"https:\/\/unser-niedersaubach.de\/?p=4525","title":{"rendered":"Antoniuskirmes am 17. Juni"},"content":{"rendered":"<h2 style=\"text-align: justify;\"><span style=\"color: #000000;\">Kinder werden im Mittelpunkt der Festveranstaltung stehen<\/span><\/h2>\n<p style=\"text-align: justify;\"><span style=\"color: #000000;\">Der Auftakt zum 800. Geburtstag unseres Dorfes Niedersaubach ist mehr als gegl\u00fcckt. Bei strahlendem Sonnenschein konnten die ersten beiden Geburtstags-Feste im Reigen von 8 Jubil\u00e4umsveranstaltungen unter gro\u00dfer Anteilnahme der Bev\u00f6lkerung begangen werden.<\/span><\/p>\n<p style=\"text-align: justify;\"><span style=\"color: #000000;\">Nun l\u00e4dt Niedersaubach zu Ehren seines Kirchenpatrons, des heiligen Antonius, zum traditionellen Kirchweihfest ein.<\/span><\/p>\n<p style=\"text-align: justify;\"><span style=\"color: #000000;\">Die Kirmes beginnt um 9:45 Uhr mit einem feierlichen Hochamt in der Antoniuskapelle, mitgestaltet von den Kindern unseres Dorfes.<\/span><\/p>\n<p style=\"text-align: justify;\"><span style=\"color: #000000;\">Danach geht es im feierlichen Festzug, begleitet vom Hilbringer Fanfarenzug \u201eS\u00e4rkower\u201c, zum Festplatz auf dem Dorfgemeinschaftsplatz neben dem Sportplatz.<\/span><\/p>\n<div id=\"attachment_4529\" style=\"width: 460px\" class=\"wp-caption aligncenter\"><img loading=\"lazy\" decoding=\"async\" aria-describedby=\"caption-attachment-4529\" class=\"size-full wp-image-4529\" title=\"Dorfgemeinschaftsplatz\" alt=\"\" src=\"http:\/\/unser-niedersaubach.de\/wp-content\/uploads\/2012\/06\/Dorfgemeinschaftsplatz.jpg\" width=\"450\" height=\"338\" srcset=\"https:\/\/unser-niedersaubach.de\/wp-content\/uploads\/2012\/06\/Dorfgemeinschaftsplatz.jpg 450w, https:\/\/unser-niedersaubach.de\/wp-content\/uploads\/2012\/06\/Dorfgemeinschaftsplatz-300x225.jpg 300w\" sizes=\"auto, (max-width: 450px) 100vw, 450px\" \/><p id=\"caption-attachment-4529\" class=\"wp-caption-text\">Auf dem Dorfgemeinschaftsplatz am Kalkofen (neben SVN-Sportplatz) findet am 17. Juni 2012 die Antoniuskirmes statt; Foto: Lothar Schmidt<\/p><\/div>\n<p style=\"text-align: justify;\"><span style=\"color: #000000;\">F\u00fcr die \u00c4lteren ist hier der Fr\u00fchschoppen vorbereitet. Unser unerm\u00fcdlicher Schatzmeister Hans Schmitz wird den Umtrunk gegen 11 Uhr mit einem Fassanstich er\u00f6ffnen; schon zum 3. Mal hat uns Roman Schirra von der Karlberg-Brauerei hierf\u00fcr ein Fass Bier gestiftet, wof\u00fcr wir uns herzlich bedanken. Den Fr\u00fchschoppen wird der Hilbringer Fanfarenzug musikalisch umrahmen.<\/span><\/p>\n<p style=\"text-align: justify;\"><span style=\"color: #000000;\">Wie immer ist ein Grillstand gerichtet, der W\u00fcrste, Schwenker , Schnitzelweck, Pommes usw. zu den bekannten sozialen Preisen anbietet. Ab 14 Uhr wird auch Kaffee und Kuchen gereicht.<\/span><\/p>\n<p style=\"text-align: justify;\"><span style=\"color: #000000;\">Um 14 Uhr beginnt dann das Kirmestreiben f\u00fcr die Kinder. Die Arbeitsgruppe \u201eJugend\u201c des Dorfes hat unter der Regie von Elisabeth Warken und Silke Noss-Schedler, unterst\u00fctzt von der Stadtjugendpflege und dem Kreisjugendamt, f\u00fcr die Kleinen viele lustige Spiele vorbereitet. Zwischen 15 und 17 Uhr wird ein Kleinkinderkarussell vor Ort sein, das die Kinder f\u00fcr einen kleinen Beitrag (50 Cent) besteigen d\u00fcrfen. Gegen 18 Uhr endet das Kinderprogramm.<\/span><\/p>\n<p style=\"text-align: justify;\"><span style=\"color: #000000;\">Im Anschluss wird unser Kirmestreiben gem\u00fctlich ausklingen.<\/span><\/p>\n<p style=\"text-align: justify;\"><span style=\"color: #000000;\">Viel Spa\u00df!<\/span><\/p>\n<p style=\"text-align: justify;\"><span style=\"color: #000000;\">Lothar Schmidt<\/span><\/p>\n<p>&nbsp;<\/p>\n<p>P.S.:<\/p>\n<p>&nbsp;<\/p>\n<h1>St. Antonius h\u00e4lt die Hand \u00fcber seine Niedersaubacher<\/h1>\n<p style=\"text-align: justify;\"><span style=\"color: #000000;\">Auch die dritte Jubil\u00e4umsveranstaltung konnte wieder bei strahlendem Sonnenschein auf dem Platz \u201eUnter den Linden\u201c gefeiert werden. Nach dem Festgottesdienst unter der Mitwirkung des Kinderchores und vieler weiterer Kinder f\u00fchrte der Fanfarenzug \u201eS\u00e4rkower\u201c aus Hilbringen die G\u00e4ste zum Festplatz. Viele H\u00e4nde hatten den Platz, der allein schon durch Gestaltung und altehrw\u00fcrdige, m\u00e4chtige Linden zum Verweilen einl\u00e4dt, als Kirmesplatz hergerichtet. Bereits zum Fr\u00fchschoppen hatten sich zahlreiche G\u00e4ste um den Pavillon und im Zelt versammelt und lie\u00dfen sich dankbar durch die \u201eS\u00e4rkower\u201c mit schwungvollen Melodien unterhalten. Bald schon trug ein lauer Wind Wohlger\u00fcche von Gegrilltem, aus Fritteusen und von Cr\u00eapes verf\u00fchrerisch \u00fcber den Platz, dem sich viele G\u00e4ste nicht entziehen konnten.<\/span><\/p>\n<p style=\"text-align: justify;\"><span style=\"color: #000000;\">Richtig los ging es dann am Nachmittag, als das Kinderkarussell seine Kreise zog und ein Leierkastenspieler seine Orgel drehte. \u00dcberm\u00fctiges Kindergeschrei k\u00fcndete von der Begeisterung, mit der die Kleinen die Spielstationen durchliefen, die von vielen flei\u00dfigen Helferinnen und Helfer hergerichtet waren. Aber auch die erwachsenen Besucher, die in gro\u00dfen Scharen den Platz f\u00fcllten, feierten in ausgelassener Stimmung bis in den sp\u00e4ten Abend die Saubacher Kirmes.<\/span><\/p>\n<p style=\"text-align: justify;\"><span style=\"color: #000000;\">Ich danke den vielen ehrenamtlichen Helferinnen und Helfern ganz herzlich f\u00fcr ihre Unterst\u00fctzung, die sie unserem Dorf wieder zukommen lie\u00dfen. Ohne dieses Engagement w\u00e4re unser Dorf viel stiller.<\/span><\/p>\n<p style=\"text-align: justify;\"><span style=\"color: #000000;\">Werner Schmidt, Ortsvorsteher<\/span><\/p>\n<p>&nbsp;<\/p>\n<p style=\"text-align: justify;\"><span style=\"color: #000000;\">Anbei die Fotos, welche Hans Schmitz am 17. Juni 2012 auf dem Festplatz aufgenommen hatte!<\/span><\/p>\n<div id=\"attachment_4553\" style=\"width: 460px\" class=\"wp-caption aligncenter\"><a title=\"Hans Schmitz beim Fassanstich, Foto: Schmitz\" href=\"http:\/\/unser-niedersaubach.de\/Fotos\/800\/17-06-2012\/index.htm\" target=\"_blank\"><img loading=\"lazy\" decoding=\"async\" aria-describedby=\"caption-attachment-4553\" class=\" wp-image-4553\" title=\"Fassanstich_450\" alt=\"\" src=\"http:\/\/unser-niedersaubach.de\/wp-content\/uploads\/2012\/06\/Fassanstich_450.jpg\" width=\"450\" height=\"338\" srcset=\"https:\/\/unser-niedersaubach.de\/wp-content\/uploads\/2012\/06\/Fassanstich_450.jpg 450w, https:\/\/unser-niedersaubach.de\/wp-content\/uploads\/2012\/06\/Fassanstich_450-300x225.jpg 300w\" sizes=\"auto, (max-width: 450px) 100vw, 450px\" \/><\/a><p id=\"caption-attachment-4553\" class=\"wp-caption-text\">Hans Schmitz (2.v.l.) beim Fassanstich; Egon Breidt und Arnold Sch\u00e4fer assistieren, Foto: Schmitz<\/p><\/div>\n<p style=\"text-align: center;\"><span style=\"color: #ff0000;\"><em>Dieses Startbild anklicken, um zur Bildergalerie von Hans Schmitz zu kommen!<\/em><\/span><\/p>\n<p style=\"text-align: center;\"><span style=\"color: #000000;\">Hier die Bilder von Silvia Birtel-Breuer!<\/span><\/p>\n<div id=\"attachment_4576\" style=\"width: 460px\" class=\"wp-caption aligncenter\"><a title=\"Antoniuskirmes, 17.06.2012, Fotos: Silvia Birtel-Breuer\" href=\"http:\/\/unser-niedersaubach.de\/Fotos\/800\/17-06-2012_2\/index.htm\" target=\"_blank\"><img loading=\"lazy\" decoding=\"async\" aria-describedby=\"caption-attachment-4576\" class=\"size-full wp-image-4576\" title=\"\" alt=\"\" src=\"http:\/\/unser-niedersaubach.de\/wp-content\/uploads\/2012\/06\/Bimmelbahn.jpg\" width=\"450\" height=\"338\" srcset=\"https:\/\/unser-niedersaubach.de\/wp-content\/uploads\/2012\/06\/Bimmelbahn.jpg 450w, https:\/\/unser-niedersaubach.de\/wp-content\/uploads\/2012\/06\/Bimmelbahn-300x225.jpg 300w\" sizes=\"auto, (max-width: 450px) 100vw, 450px\" \/><\/a><p id=\"caption-attachment-4576\" class=\"wp-caption-text\">Bimmelbahn &#8211; Vergn\u00fcgen f\u00fcr Gro\u00df und Klein, hier f\u00fcr Malgosia und Werner, Foto: Birtel-Breuer<\/p><\/div>\n<p style=\"text-align: center;\"><span style=\"color: #ff0000;\"><em>Dieses Startbild anklicken, um zur Bildergalerie von\u00a0Silvia Birtel-Breuer zu kommen!<\/em><\/span><\/p>\n<p style=\"text-align: left;\"><span style=\"color: #000000;\">Und dann noch die Fotos von Alfred Scherer, die er am 18. Juni 2012 beim Abbau der Antoniuskirmes gemacht hatte!<\/span><\/p>\n<div id=\"attachment_4554\" style=\"width: 460px\" class=\"wp-caption aligncenter\"><a title=\"Abbau der Antoniuskirmes, Foto: Scherer\" href=\"http:\/\/unser-niedersaubach.de\/Fotos\/800\/18-06-2012\/index.htm\" target=\"_blank\"><img loading=\"lazy\" decoding=\"async\" aria-describedby=\"caption-attachment-4554\" class=\" wp-image-4554\" title=\"Abbau\" alt=\"\" src=\"http:\/\/unser-niedersaubach.de\/wp-content\/uploads\/2012\/06\/Abbau.jpg\" width=\"450\" height=\"338\" srcset=\"https:\/\/unser-niedersaubach.de\/wp-content\/uploads\/2012\/06\/Abbau.jpg 450w, https:\/\/unser-niedersaubach.de\/wp-content\/uploads\/2012\/06\/Abbau-300x225.jpg 300w\" sizes=\"auto, (max-width: 450px) 100vw, 450px\" \/><\/a><p id=\"caption-attachment-4554\" class=\"wp-caption-text\">Abbau der Antoniuskirmes, auch Pause muss sein, Foto: Scherer<\/p><\/div>\n<p style=\"text-align: center;\"><em><span style=\"color: #ff0000;\">Auch dieses Startbild anklicken, um zur Fotogalerie von Alfred Scherer zu gelangen!<\/span><\/em><\/p>\n","protected":false},"excerpt":{"rendered":"<p>Kinder werden im Mittelpunkt der Festveranstaltung stehen Der Auftakt zum 800. Geburtstag unseres Dorfes Niedersaubach ist mehr als gegl\u00fcckt. Bei strahlendem Sonnenschein konnten die ersten beiden Geburtstags-Feste im Reigen von 8 Jubil\u00e4umsveranstaltungen unter gro\u00dfer Anteilnahme der Bev\u00f6lkerung begangen werden. Nun &hellip; <a href=\"https:\/\/unser-niedersaubach.de\/?p=4525\">Weiterlesen <span class=\"meta-nav\">&rarr;<\/span><\/a><\/p>\n","protected":false},"author":2,"featured_media":0,"comment_status":"open","ping_status":"open","sticky":false,"template":"","format":"gallery","meta":{"ngg_post_thumbnail":0,"footnotes":""},"categories":[13,72,71,48,132],"tags":[87,206],"class_list":["post-4525","post","type-post","status-publish","format-gallery","hentry","category-antoniuskapelle","category-dorfgemeinschaft","category-festveranstaltung","category-jubilaum","category-veranstaltungen","tag-800-jahrfeier","tag-antoniuskirmes","post_format-post-format-gallery"],"_links":{"self":[{"href":"https:\/\/unser-niedersaubach.de\/index.php?rest_route=\/wp\/v2\/posts\/4525","targetHints":{"allow":["GET"]}}],"collection":[{"href":"https:\/\/unser-niedersaubach.de\/index.php?rest_route=\/wp\/v2\/posts"}],"about":[{"href":"https:\/\/unser-niedersaubach.de\/index.php?rest_route=\/wp\/v2\/types\/post"}],"author":[{"embeddable":true,"href":"https:\/\/unser-niedersaubach.de\/index.php?rest_route=\/wp\/v2\/users\/2"}],"replies":[{"embeddable":true,"href":"https:\/\/unser-niedersaubach.de\/index.php?rest_route=%2Fwp%2Fv2%2Fcomments&post=4525"}],"version-history":[{"count":17,"href":"https:\/\/unser-niedersaubach.de\/index.php?rest_route=\/wp\/v2\/posts\/4525\/revisions"}],"predecessor-version":[{"id":4527,"href":"https:\/\/unser-niedersaubach.de\/index.php?rest_route=\/wp\/v2\/posts\/4525\/revisions\/4527"}],"wp:attachment":[{"href":"https:\/\/unser-niedersaubach.de\/index.php?rest_route=%2Fwp%2Fv2%2Fmedia&parent=4525"}],"wp:term":[{"taxonomy":"category","embeddable":true,"href":"https:\/\/unser-niedersaubach.de\/index.php?rest_route=%2Fwp%2Fv2%2Fcategories&post=4525"},{"taxonomy":"post_tag","embeddable":true,"href":"https:\/\/unser-niedersaubach.de\/index.php?rest_route=%2Fwp%2Fv2%2Ftags&post=4525"}],"curies":[{"name":"wp","href":"https:\/\/api.w.org\/{rel}","templated":true}]}}