{"id":4532,"date":"2012-06-18T00:00:04","date_gmt":"2012-06-17T23:00:04","guid":{"rendered":"http:\/\/unser-niedersaubach.de\/?p=4532"},"modified":"2013-07-02T09:18:35","modified_gmt":"2013-07-02T08:18:35","slug":"saubach-in-concert","status":"publish","type":"post","link":"https:\/\/unser-niedersaubach.de\/?p=4532","title":{"rendered":"saubach in concert"},"content":{"rendered":"<h1><span style=\"color: #0000ff;\">Feuerwerk der Musik am 30. Juni 2012 im Antoniusheim<\/span><\/h1>\n<h3>Junge Saubacher K\u00fcnstlerinnen und K\u00fcnstler laden ein<\/h3>\n<p style=\"text-align: justify;\">Am Samstag, 30. Juni, ab 19 Uhr, werden die beiden Niedersaubacher K\u00fcnstler Jenny Mai und Kai Werth die komplette Bandbreite ihres musikalischen Schaffens pr\u00e4sentieren. Sie umfasst Musical-Klassiker ebenso wie bekannte Jazz-Standards und eigene Kompositionen. Auch G\u00e4ste d\u00fcrfen nat\u00fcrlich nicht fehlen; so haben sich die S\u00e4ngerinnen Svenja Heinrich und Jessica Quinten, gut bekannt durch die Gruppe \u201eDie Somebodys\u201c, vorgenommen, einige Nummern mit ihren ausdrucksstarken Stimmen zu veredeln.<\/p>\n<div id=\"attachment_4536\" style=\"width: 460px\" class=\"wp-caption aligncenter\"><img loading=\"lazy\" decoding=\"async\" aria-describedby=\"caption-attachment-4536\" class=\"size-full wp-image-4536\" title=\"Kuenstler\" alt=\"\" src=\"http:\/\/unser-niedersaubach.de\/wp-content\/uploads\/2012\/06\/Kuenstler.jpg\" width=\"450\" height=\"477\" srcset=\"https:\/\/unser-niedersaubach.de\/wp-content\/uploads\/2012\/06\/Kuenstler.jpg 450w, https:\/\/unser-niedersaubach.de\/wp-content\/uploads\/2012\/06\/Kuenstler-283x300.jpg 283w\" sizes=\"auto, (max-width: 450px) 100vw, 450px\" \/><p id=\"caption-attachment-4536\" class=\"wp-caption-text\">Kai Werth, Jennifer Mai und Svenja Heinrich, Fotos: Werth\/ Mai\/ Heinrich<\/p><\/div>\n<p style=\"text-align: justify;\">Die Band und das Programm sind extra f\u00fcr diesen Abend zusammengestellt worden. Die Besetzung ist bewusst auf ein Quartett reduziert, in dem Kai Werth auch zum Piano greift. Die weiteren der saarl\u00e4ndischen und \u00fcberregionalen Musikszene wohl bekannten Profi-Musiker sind:<\/p>\n<p style=\"text-align: justify;\">Gitarre: Michael Bedersdorfer<br \/>\nKontrabass &amp; E-Bass: Markus Wach<br \/>\nDrums &amp; Percussion: David Schneider<\/p>\n<p style=\"text-align: justify;\">Die Zuh\u00f6rer erwartet eine bunte Melange aus bekannten und neuen Melodien, virtuosem Spiel der Instrumente und gesangliche Emotionen, die man im Gemeindezentrum Niedersaubach so nicht unbedingt erwarten w\u00fcrde.<\/p>\n<div id=\"attachment_4571\" style=\"width: 460px\" class=\"wp-caption aligncenter\"><a title=\"saubach-in-concert\" href=\"http:\/\/unser-niedersaubach.de\/Dokumente\/800\/saubach-in-concert_flyer.pdf\" target=\"_blank\"><img loading=\"lazy\" decoding=\"async\" aria-describedby=\"caption-attachment-4571\" class=\"size-full wp-image-4571\" alt=\"saubach in concert; Fotos: Lothar Schmidt\" src=\"http:\/\/unser-niedersaubach.de\/wp-content\/uploads\/2012\/06\/saubach-in-concert_450.jpg\" width=\"450\" height=\"338\" srcset=\"https:\/\/unser-niedersaubach.de\/wp-content\/uploads\/2012\/06\/saubach-in-concert_450.jpg 450w, https:\/\/unser-niedersaubach.de\/wp-content\/uploads\/2012\/06\/saubach-in-concert_450-300x225.jpg 300w\" sizes=\"auto, (max-width: 450px) 100vw, 450px\" \/><\/a><p id=\"caption-attachment-4571\" class=\"wp-caption-text\">saubach in concert<\/p><\/div>\n<p style=\"text-align: justify;\">Eintrittskarten f\u00fcr 800 Cent sind im Vorverkauf zu haben bei der levobank in Lebach, im Gasthaus B\u00e4rsch bei Malgosia, bei Getr\u00e4nke Breidt und nat\u00fcrlich bei Hans Schmitz. Man sollte sich unbedingt im Vorverkauf um Eintrittskarten bem\u00fchen, weil aus feuerpolizeilichen Gr\u00fcnden nur 199 G\u00e4ste Einlass finden d\u00fcrfen.<\/p>\n<p style=\"text-align: justify;\">Kai Werth\/ Lothar Schmidt<\/p>\n<p style=\"text-align: justify;\">P.S.:<\/p>\n<p style=\"text-align: justify;\">Hier ein paar fotografische Eindr\u00fccke von der wunderbaren Veranstaltung, die dem Jubil\u00e4um, wie Werner Schmidt treffend sagte, im wahrsten Sinn die Krone aufgesetzt hat.<\/p>\n<p style=\"text-align: justify;\">Und noch eine Randbemerkung zur Zeitgeschichte: Gegen 20 Uhr wurde die Veranstaltung kurz unterbrochen, um dem Glockenl\u00e4uten der Antoniuskapelle zum Ende des saarl\u00e4ndischen Bergbaus zu lauschen.<\/p>\n<div id=\"attachment_4571\" style=\"width: 460px\" class=\"wp-caption aligncenter\"><a title=\"saubach in concert\" href=\"http:\/\/unser-niedersaubach.de\/Fotos\/800\/30-06-2012\/index.htm\" target=\"_blank\"><img loading=\"lazy\" decoding=\"async\" aria-describedby=\"caption-attachment-4571\" class=\"size-full wp-image-4571\" title=\"saubach-in-concert_450\" alt=\"\" src=\"http:\/\/unser-niedersaubach.de\/wp-content\/uploads\/2012\/06\/saubach-in-concert_450.jpg\" width=\"450\" height=\"338\" srcset=\"https:\/\/unser-niedersaubach.de\/wp-content\/uploads\/2012\/06\/saubach-in-concert_450.jpg 450w, https:\/\/unser-niedersaubach.de\/wp-content\/uploads\/2012\/06\/saubach-in-concert_450-300x225.jpg 300w\" sizes=\"auto, (max-width: 450px) 100vw, 450px\" \/><\/a><p id=\"caption-attachment-4571\" class=\"wp-caption-text\">saubach in concert; Fotos: Lothar Schmidt<\/p><\/div>\n<p style=\"text-align: center;\"><em><span style=\"color: #ff0000;\">Dieses Startbild anklicken, um zur Fotogalerie zu gelangen!<\/span><\/em><\/p>\n","protected":false},"excerpt":{"rendered":"<p>Feuerwerk der Musik am 30. Juni 2012 im Antoniusheim Junge Saubacher K\u00fcnstlerinnen und K\u00fcnstler laden ein Am Samstag, 30. Juni, ab 19 Uhr, werden die beiden Niedersaubacher K\u00fcnstler Jenny Mai und Kai Werth die komplette Bandbreite ihres musikalischen Schaffens pr\u00e4sentieren. &hellip; <a href=\"https:\/\/unser-niedersaubach.de\/?p=4532\">Weiterlesen <span class=\"meta-nav\">&rarr;<\/span><\/a><\/p>\n","protected":false},"author":2,"featured_media":0,"comment_status":"open","ping_status":"open","sticky":false,"template":"","format":"gallery","meta":{"ngg_post_thumbnail":0,"footnotes":""},"categories":[71,129,132],"tags":[87,46,210,208,207,209],"class_list":["post-4532","post","type-post","status-publish","format-gallery","hentry","category-festveranstaltung","category-kulturprogramm","category-veranstaltungen","tag-800-jahrfeier","tag-jennifer-mai","tag-jessica-quinten","tag-kai-werth","tag-saubach-in-concert","tag-svenja-heinrich","post_format-post-format-gallery"],"_links":{"self":[{"href":"https:\/\/unser-niedersaubach.de\/index.php?rest_route=\/wp\/v2\/posts\/4532","targetHints":{"allow":["GET"]}}],"collection":[{"href":"https:\/\/unser-niedersaubach.de\/index.php?rest_route=\/wp\/v2\/posts"}],"about":[{"href":"https:\/\/unser-niedersaubach.de\/index.php?rest_route=\/wp\/v2\/types\/post"}],"author":[{"embeddable":true,"href":"https:\/\/unser-niedersaubach.de\/index.php?rest_route=\/wp\/v2\/users\/2"}],"replies":[{"embeddable":true,"href":"https:\/\/unser-niedersaubach.de\/index.php?rest_route=%2Fwp%2Fv2%2Fcomments&post=4532"}],"version-history":[{"count":17,"href":"https:\/\/unser-niedersaubach.de\/index.php?rest_route=\/wp\/v2\/posts\/4532\/revisions"}],"predecessor-version":[{"id":4545,"href":"https:\/\/unser-niedersaubach.de\/index.php?rest_route=\/wp\/v2\/posts\/4532\/revisions\/4545"}],"wp:attachment":[{"href":"https:\/\/unser-niedersaubach.de\/index.php?rest_route=%2Fwp%2Fv2%2Fmedia&parent=4532"}],"wp:term":[{"taxonomy":"category","embeddable":true,"href":"https:\/\/unser-niedersaubach.de\/index.php?rest_route=%2Fwp%2Fv2%2Fcategories&post=4532"},{"taxonomy":"post_tag","embeddable":true,"href":"https:\/\/unser-niedersaubach.de\/index.php?rest_route=%2Fwp%2Fv2%2Ftags&post=4532"}],"curies":[{"name":"wp","href":"https:\/\/api.w.org\/{rel}","templated":true}]}}