{"id":4599,"date":"2012-08-08T12:43:06","date_gmt":"2012-08-08T11:43:06","guid":{"rendered":"http:\/\/unser-niedersaubach.de\/?p=4599"},"modified":"2020-12-20T20:23:41","modified_gmt":"2020-12-20T19:23:41","slug":"weiher-in-flammen-lichterspiel-am-eibachwald","status":"publish","type":"post","link":"https:\/\/unser-niedersaubach.de\/?p=4599","title":{"rendered":"Weiher in Flammen &#8211; Lichterspiel am Eibachwald"},"content":{"rendered":"<h3><strong>800-Jahrfeier in Niedersaubach erreicht neuen H\u00f6hepunkt <\/strong><\/h3>\n<h3><strong>am 25. und 26. August d. J. <\/strong><\/h3>\n<h3><strong>am Weiher des Angelsportvereines Niedersaubach<\/strong><\/h3>\n<p>&nbsp;<\/p>\n<p style=\"text-align: justify;\"><span style=\"color: #000000;\">Nach den Sommerferien wird der Reigen der Festveranstaltungen zum 800. Geburtstages des Dorfes Niedersaubach fortgesetzt. \u00dcbers Jahr feiert die Niedersaubacher Dorfgemeinschaft in 8 unterschiedlichen Veranstaltungen seinen \u201erunden\u201c Geburtstag (1212 \u2013 2012).<\/span><\/p>\n<p style=\"text-align: justify;\"><span style=\"color: #000000;\">Die mittlerweile 5. Jubil\u00e4umsveranstaltung wird vom Angelsportverein Niedersaubach ausgerichtet am Samstag, 25. August, und am Sonntag, 26. August d. J., an einem sehr idyllischen Ort, den wahrscheinlich nur die Niedersaubacher selber gut kennen: dem Weiher des Angelsportvereins Niedersaubach im Tal des Eibachwaldes.<\/span><\/p>\n<div id=\"attachment_4603\" style=\"width: 460px\" class=\"wp-caption aligncenter\"><img loading=\"lazy\" decoding=\"async\" aria-describedby=\"caption-attachment-4603\" class=\"size-full wp-image-4603\" title=\"Weiher-in-Flammen_450\" src=\"http:\/\/unser-niedersaubach.de\/wp-content\/uploads\/2012\/08\/Weiher-in-Flammen_450.jpg\" alt=\"\" width=\"450\" height=\"338\" srcset=\"https:\/\/unser-niedersaubach.de\/wp-content\/uploads\/2012\/08\/Weiher-in-Flammen_450.jpg 450w, https:\/\/unser-niedersaubach.de\/wp-content\/uploads\/2012\/08\/Weiher-in-Flammen_450-300x225.jpg 300w\" sizes=\"auto, (max-width: 450px) 100vw, 450px\" \/><p id=\"caption-attachment-4603\" class=\"wp-caption-text\">Weiher des ASV Niedersaubach am Eibachwald, Foto: Lothar Schmidt<\/p><\/div>\n<p style=\"text-align: justify;\"><span style=\"color: #000000;\">Die Festveranstaltung beginnt samstags um 19 Uhr. Bei Einbruch der D\u00e4mmerung erwartet die Besucher ein Lichterspiel auf und \u00fcber dem Weiher.<\/span><\/p>\n<p style=\"text-align: justify;\"><span style=\"color: #000000;\">Sonntags geht\u2019s weiter ab 10 Uhr mit einem geselligen Fr\u00fchschoppen. Gegen 12 Uhr wird ein Mittagessen (Spie\u00dfbraten mit Kartoffelsalat) angeboten. Gegen 15 Uhr gibt\u2019s auch Kaffee und Kuchen. Wie man es in Niedersaubach gewohnt ist, sind die Getr\u00e4nke und das Essen zu sozialen Preisen zu haben.<\/span><\/p>\n<p style=\"text-align: justify;\"><span style=\"color: #000000;\">Der Angelsportverein wird in einem Zelt die Geschichte des Angelns anhand von Bildern und Requisiten erz\u00e4hlen; das d\u00fcrfte nicht nur f\u00fcr unsere Kinder sehr interessant sein. Au\u00dferdem werden einschl\u00e4gige Spiele vorbereitet (wie z.B. das \u201eKarpfensch\u00e4tzen\u201c).<\/span><\/p>\n<p style=\"text-align: justify;\"><span style=\"color: #000000;\">&nbsp;<\/span><\/p>\n<p style=\"text-align: justify;\"><span style=\"color: #000000;\">Am sp\u00e4ten Nachmittag klingt das Weiherfest harmonisch aus.<\/span><\/p>\n<p style=\"text-align: justify;\"><span style=\"color: #000000;\">&nbsp;<\/span><\/p>\n<p style=\"text-align: justify;\"><span style=\"color: #000000;\"><strong>Ein wichtiger Hinweis:<\/strong><\/span><\/p>\n<p style=\"text-align: justify;\"><span style=\"color: #000000;\">Der Weiher im Eibachwald kann aus Sicherheitsgr\u00fcnden nicht per Pkw erreicht werden.<\/span><\/p>\n<p><small><\/small><\/p>\n<p style=\"text-align: justify;\"><span style=\"color: #000000;\">Entweder man l\u00e4uft durch das Wiesental hinter dem Niedersaubacher Sportplatz Richtung Nordosten ca. 800 m (wo man den Eibachwald vor sich liegen sieht) oder man spaziert durch die Steinheckstra\u00dfe Richtung H\u00f6chsten und hat dann den Eibachwald rechts von sich etwa 200 m au\u00dferhalb des Ortsausgangs liegen.<\/span><\/p>\n<p style=\"text-align: justify;\"><span style=\"color: #000000;\">Der Angelsportverein wird \u2013 wenn gew\u00fcnscht &#8211; einen Fahrdienst vom Sportplatz zum Eibachwald anbieten.<\/span><\/p>\n<p style=\"text-align: justify;\"><span style=\"color: #000000;\">Um den Sportplatz herum sollten ausreichend Parkpl\u00e4tze f\u00fcr die Festbesucher zur Verf\u00fcgung stehen.<\/span><\/p>\n<p>&nbsp;<\/p>\n<p style=\"text-align: justify;\"><span style=\"color: #000000;\">&nbsp;<\/span><\/p>\n<p>F\u00fcr das Festkomitee und den Angelsportverein<\/p>\n<p style=\"text-align: justify;\"><span style=\"color: #000000;\">Lothar Schmidt, Verantwortlicher f\u00fcr \u00d6ffentlichkeitsarbeit w\u00e4hrend der 800-Jahrfeiern<\/span><\/p>\n<p>&nbsp;<\/p>\n","protected":false},"excerpt":{"rendered":"<p>800-Jahrfeier in Niedersaubach erreicht neuen H\u00f6hepunkt am 25. und 26. August d. J. am Weiher des Angelsportvereines Niedersaubach &nbsp; Nach den Sommerferien wird der Reigen der Festveranstaltungen zum 800. Geburtstages des Dorfes Niedersaubach fortgesetzt. \u00dcbers Jahr feiert die Niedersaubacher Dorfgemeinschaft &hellip; <a href=\"https:\/\/unser-niedersaubach.de\/?p=4599\">Weiterlesen <span class=\"meta-nav\">&rarr;<\/span><\/a><\/p>\n","protected":false},"author":2,"featured_media":0,"comment_status":"open","ping_status":"open","sticky":false,"template":"","format":"gallery","meta":{"ngg_post_thumbnail":0,"footnotes":""},"categories":[48,132],"tags":[87,213,214,212],"class_list":["post-4599","post","type-post","status-publish","format-gallery","hentry","category-jubilaum","category-veranstaltungen","tag-800-jahrfeier","tag-angelsportverein","tag-eibachwald","tag-weiher-in-flammen","post_format-post-format-gallery"],"_links":{"self":[{"href":"https:\/\/unser-niedersaubach.de\/index.php?rest_route=\/wp\/v2\/posts\/4599","targetHints":{"allow":["GET"]}}],"collection":[{"href":"https:\/\/unser-niedersaubach.de\/index.php?rest_route=\/wp\/v2\/posts"}],"about":[{"href":"https:\/\/unser-niedersaubach.de\/index.php?rest_route=\/wp\/v2\/types\/post"}],"author":[{"embeddable":true,"href":"https:\/\/unser-niedersaubach.de\/index.php?rest_route=\/wp\/v2\/users\/2"}],"replies":[{"embeddable":true,"href":"https:\/\/unser-niedersaubach.de\/index.php?rest_route=%2Fwp%2Fv2%2Fcomments&post=4599"}],"version-history":[{"count":15,"href":"https:\/\/unser-niedersaubach.de\/index.php?rest_route=\/wp\/v2\/posts\/4599\/revisions"}],"predecessor-version":[{"id":8590,"href":"https:\/\/unser-niedersaubach.de\/index.php?rest_route=\/wp\/v2\/posts\/4599\/revisions\/8590"}],"wp:attachment":[{"href":"https:\/\/unser-niedersaubach.de\/index.php?rest_route=%2Fwp%2Fv2%2Fmedia&parent=4599"}],"wp:term":[{"taxonomy":"category","embeddable":true,"href":"https:\/\/unser-niedersaubach.de\/index.php?rest_route=%2Fwp%2Fv2%2Fcategories&post=4599"},{"taxonomy":"post_tag","embeddable":true,"href":"https:\/\/unser-niedersaubach.de\/index.php?rest_route=%2Fwp%2Fv2%2Ftags&post=4599"}],"curies":[{"name":"wp","href":"https:\/\/api.w.org\/{rel}","templated":true}]}}