{"id":4649,"date":"2012-08-29T14:29:02","date_gmt":"2012-08-29T13:29:02","guid":{"rendered":"http:\/\/unser-niedersaubach.de\/?p=4649"},"modified":"2020-12-20T20:22:02","modified_gmt":"2020-12-20T19:22:02","slug":"glanzvoller-start-in-die-zweite-jubilaumshalfte","status":"publish","type":"post","link":"https:\/\/unser-niedersaubach.de\/?p=4649","title":{"rendered":"Glanzvoller Start in die zweite Jubil\u00e4umsh\u00e4lfte"},"content":{"rendered":"<p style=\"text-align: justify;\">Am vergangenen Wochenende beendeten wir mit \u201eWeiher in Flammen\u201c die Sommerpause im 800-Jahre-Jubil\u00e4um. Mit dieser Veranstaltung setzte der ASV einen weiteren beeindruckenden H\u00f6hepunkt. Ich danke dem ASV und allen Beteiligten f\u00fcr dieses wundersch\u00f6ne Fest, das unsere G\u00e4ste sicherlich in bester Erinnerung behalten werden (<a title=\"R\u00fcckblick auf Weiher in Flammen, Autor: Werner Schmidt\" href=\"http:\/\/unser-niedersaubach.de\/Dokumente\/800\/Weiherfest_Rueckblick.pdf\" target=\"_blank\" rel=\"noopener\"><strong><span style=\"color: #0000ff;\">s. Stimmungsbericht, einfach zum \u00d6ffnen hier anklicken<\/span><\/strong><\/a>). Ich kann mir vorstellen, dass uns bei den noch anstehenden Veranstaltungen viele Besucher von au\u00dferhalb wieder gerne die Ehre geben.<\/p>\n<div id=\"attachment_4654\" style=\"width: 460px\" class=\"wp-caption aligncenter\"><a title=\"Lichterglanz am Eibach-Weiher, Foto (alle Rechte) Alfred Scherer\" href=\"http:\/\/unser-niedersaubach.de\/Dokumente\/800\/Lichterglanz.pdf\" target=\"_blank\" rel=\"noopener\"><img loading=\"lazy\" decoding=\"async\" aria-describedby=\"caption-attachment-4654\" class=\"size-full wp-image-4654\" title=\"Weiher-in-Flammen_Lichterglanz_450\" src=\"http:\/\/unser-niedersaubach.de\/wp-content\/uploads\/2012\/08\/Weiher-in-Flammen_Lichterglanz_450.jpg\" alt=\"\" width=\"450\" height=\"300\" srcset=\"https:\/\/unser-niedersaubach.de\/wp-content\/uploads\/2012\/08\/Weiher-in-Flammen_Lichterglanz_450.jpg 450w, https:\/\/unser-niedersaubach.de\/wp-content\/uploads\/2012\/08\/Weiher-in-Flammen_Lichterglanz_450-300x200.jpg 300w\" sizes=\"auto, (max-width: 450px) 100vw, 450px\" \/><\/a><p id=\"caption-attachment-4654\" class=\"wp-caption-text\">Lichterglanz bei &#8222;Weiher in Flammen&#8220; in der &#8222;Mohrtenkaul&#8220; am Eibachwald; Foto (alle Rechte) Alfred Scherer<\/p><\/div>\n<p style=\"text-align: justify;\">Unser Mitb\u00fcrger J\u00fcrgen Fr\u00f6hlich gibt am Sonntag, dem 16. September um 18.00 Uhr, in der Antoniuskapelle mit einer auserlesenen K\u00fcnstlertruppe ein Kirchenkonzert:<\/p>\n<p style=\"text-align: justify;\">\u201e800 Jahre Niedersaubach \u2013 Lob Gottes durch die Jahrhunderte\u201c<\/p>\n<p style=\"text-align: justify;\">Werner Schmidt, Ortsvorsteher<\/p>\n<p style=\"text-align: justify;\">P.S.:<\/p>\n<p style=\"text-align: justify;\">Alfred Scherer hat ganz beeindruckende Aufnahmen vom Weiherfest gemacht. Es macht gro\u00dfen Spa\u00df, sie anzuschauen, weil sie die wunderbare Atmosph\u00e4re dieses harmonischen Gemeinschaftsfestes hervorragend widerspiegeln.<\/p>\n<p style=\"text-align: center;\">Zum Aufrufen der entsprechenden Fotogalerie das unten eingef\u00fcgte Startbild einfach anklicken!<\/p>\n<div id=\"attachment_4656\" style=\"width: 460px\" class=\"wp-caption aligncenter\"><a title=\"Weiher in Flammen, ein Fest der Dorfgemeinschaft Niedersaubach-R\u00fcmmelbach am 25. und 26, August 2012 am Eibachwald, Fotogalerie (alle Rechte) Alfred Scherer, Sch\u00fctzenberg\" href=\"http:\/\/unser-niedersaubach.de\/Fotos\/800\/25-08-2012\/index.htm\" target=\"_blank\" rel=\"noopener\"><img loading=\"lazy\" decoding=\"async\" aria-describedby=\"caption-attachment-4656\" class=\"size-full wp-image-4656\" title=\"Panorama-Blick_450\" src=\"http:\/\/unser-niedersaubach.de\/wp-content\/uploads\/2012\/08\/Panorama-Blick_450.jpg\" alt=\"\" width=\"450\" height=\"170\" srcset=\"https:\/\/unser-niedersaubach.de\/wp-content\/uploads\/2012\/08\/Panorama-Blick_450.jpg 450w, https:\/\/unser-niedersaubach.de\/wp-content\/uploads\/2012\/08\/Panorama-Blick_450-300x113.jpg 300w\" sizes=\"auto, (max-width: 450px) 100vw, 450px\" \/><\/a><p id=\"caption-attachment-4656\" class=\"wp-caption-text\">Panoramablick am Samstagabend des Weiherfestes, Fotogalerie (alle Rechte) Alfred Scherer, Sch\u00fctzenberg<\/p><\/div>\n\n\n<p><\/p>\n","protected":false},"excerpt":{"rendered":"<p>Am vergangenen Wochenende beendeten wir mit \u201eWeiher in Flammen\u201c die Sommerpause im 800-Jahre-Jubil\u00e4um. Mit dieser Veranstaltung setzte der ASV einen weiteren beeindruckenden H\u00f6hepunkt. Ich danke dem ASV und allen Beteiligten f\u00fcr dieses wundersch\u00f6ne Fest, das unsere G\u00e4ste sicherlich in bester &hellip; <a href=\"https:\/\/unser-niedersaubach.de\/?p=4649\">Weiterlesen <span class=\"meta-nav\">&rarr;<\/span><\/a><\/p>\n","protected":false},"author":2,"featured_media":0,"comment_status":"open","ping_status":"open","sticky":false,"template":"","format":"gallery","meta":{"ngg_post_thumbnail":0,"footnotes":""},"categories":[72,71,48,132],"tags":[87,212,215],"class_list":["post-4649","post","type-post","status-publish","format-gallery","hentry","category-dorfgemeinschaft","category-festveranstaltung","category-jubilaum","category-veranstaltungen","tag-800-jahrfeier","tag-weiher-in-flammen","tag-weiherfest","post_format-post-format-gallery"],"_links":{"self":[{"href":"https:\/\/unser-niedersaubach.de\/index.php?rest_route=\/wp\/v2\/posts\/4649","targetHints":{"allow":["GET"]}}],"collection":[{"href":"https:\/\/unser-niedersaubach.de\/index.php?rest_route=\/wp\/v2\/posts"}],"about":[{"href":"https:\/\/unser-niedersaubach.de\/index.php?rest_route=\/wp\/v2\/types\/post"}],"author":[{"embeddable":true,"href":"https:\/\/unser-niedersaubach.de\/index.php?rest_route=\/wp\/v2\/users\/2"}],"replies":[{"embeddable":true,"href":"https:\/\/unser-niedersaubach.de\/index.php?rest_route=%2Fwp%2Fv2%2Fcomments&post=4649"}],"version-history":[{"count":16,"href":"https:\/\/unser-niedersaubach.de\/index.php?rest_route=\/wp\/v2\/posts\/4649\/revisions"}],"predecessor-version":[{"id":8589,"href":"https:\/\/unser-niedersaubach.de\/index.php?rest_route=\/wp\/v2\/posts\/4649\/revisions\/8589"}],"wp:attachment":[{"href":"https:\/\/unser-niedersaubach.de\/index.php?rest_route=%2Fwp%2Fv2%2Fmedia&parent=4649"}],"wp:term":[{"taxonomy":"category","embeddable":true,"href":"https:\/\/unser-niedersaubach.de\/index.php?rest_route=%2Fwp%2Fv2%2Fcategories&post=4649"},{"taxonomy":"post_tag","embeddable":true,"href":"https:\/\/unser-niedersaubach.de\/index.php?rest_route=%2Fwp%2Fv2%2Ftags&post=4649"}],"curies":[{"name":"wp","href":"https:\/\/api.w.org\/{rel}","templated":true}]}}