{"id":4658,"date":"2012-08-31T22:41:24","date_gmt":"2012-08-31T21:41:24","guid":{"rendered":"http:\/\/unser-niedersaubach.de\/?p=4658"},"modified":"2013-06-25T12:21:23","modified_gmt":"2013-06-25T11:21:23","slug":"von-hildegard-von-bingen-bis-colin-mawby","status":"publish","type":"post","link":"https:\/\/unser-niedersaubach.de\/?p=4658","title":{"rendered":"Von Hildegard von Bingen bis Colin Mawby"},"content":{"rendered":"<h2><span style=\"color: #0000ff;\"><strong>800 Jahre Niedersaubach \u2013<br \/>\nLob Gottes durch die Jahrhunderte<\/strong><strong>\u00a0<\/strong><\/span><\/h2>\n<h3><span style=\"color: #000000;\">Kirchenkonzert in der Antoniuskapelle am So., 16. September, 18 Uhr<\/span><\/h3>\n<p>&nbsp;<\/p>\n<p style=\"text-align: justify;\">Der Kantor der Lebacher Pfarrei, J\u00fcrgen Fr\u00f6hlich, hat im Rahmen der Jubil\u00e4umsveranstaltungen \u201e800 Jahre Niedersaubach\u201c die ehrgeizige Idee entwickelt, die Zeitl\u00e4ufte der vergangenen Jahrhunderte, in denen sich Niedersaubach auf unsere Gegenwart zubewegte, musikalisch einzufangen und in verschiedenen Besetzungen zu interpretieren. Dieses Kirchenkonzert ist die 6. Festveranstaltung im Rahmen der 800-Jahrfeier in Niedersaubach.<\/p>\n<div id=\"attachment_4662\" style=\"width: 460px\" class=\"wp-caption aligncenter\"><a title=\"Niedersaubacher Antoniuskapelle l\u00e4dt ein zum Lob Gottes durch die Jahrhunderte; Foto: Frank O. Hahn\" href=\"http:\/\/unser-niedersaubach.de\/Fotos\/800\/16-09-2012\/Antoniuskapelle_Innenansicht_F-O-Hahn.pdf\" target=\"_blank\"><img loading=\"lazy\" decoding=\"async\" aria-describedby=\"caption-attachment-4662\" class=\"size-full wp-image-4662\" title=\"Antoniuskapelle_Innenansicht_F-O-Hahn_450\" alt=\"\" src=\"http:\/\/unser-niedersaubach.de\/wp-content\/uploads\/2012\/08\/Antoniuskapelle_Innenansicht_F-O-Hahn_450.jpg\" width=\"450\" height=\"300\" srcset=\"https:\/\/unser-niedersaubach.de\/wp-content\/uploads\/2012\/08\/Antoniuskapelle_Innenansicht_F-O-Hahn_450.jpg 450w, https:\/\/unser-niedersaubach.de\/wp-content\/uploads\/2012\/08\/Antoniuskapelle_Innenansicht_F-O-Hahn_450-300x200.jpg 300w\" sizes=\"auto, (max-width: 450px) 100vw, 450px\" \/><\/a><p id=\"caption-attachment-4662\" class=\"wp-caption-text\">Niedersaubacher Antoniuskapelle l\u00e4dt ein zum Lob Gottes durch die Jahrhunderte; Foto: Pastor Frank O. Hahn<\/p><\/div>\n<p style=\"text-align: justify;\">Im Solo, Duo, Trio oder &#8211; alle gemeinsam &#8211; im Tutti wirken die folgenden K\u00fcnstlerinnen und K\u00fcnstler mit: Jessica Quinten (Sopran; Niedersaubach), Yvonne Kalla (Violine, Saarbr\u00fccken), Cornelia Nauhauser (Violoncello, Saarlouis) sowie Gabriele und J\u00fcrgen Fr\u00f6hlich (Orgel, Niedersaubach).<\/p>\n<div id=\"attachment_4681\" style=\"width: 460px\" class=\"wp-caption aligncenter\"><a title=\"Kirchenkonzert-Flyer &quot;Lob Gottes durch die Jahrhunderte&quot;\" href=\"http:\/\/unser-niedersaubach.de\/Dokumente\/800\/Flyer-Kirchenkonzert.pdf\" target=\"_blank\"><img loading=\"lazy\" decoding=\"async\" aria-describedby=\"caption-attachment-4681\" class=\" wp-image-4681\" title=\"Flyer_Kirchenkonzert\" alt=\"\" src=\"http:\/\/unser-niedersaubach.de\/wp-content\/uploads\/2012\/08\/Flyer_Kirchenkonzert.jpg\" width=\"450\" height=\"321\" srcset=\"https:\/\/unser-niedersaubach.de\/wp-content\/uploads\/2012\/08\/Flyer_Kirchenkonzert.jpg 450w, https:\/\/unser-niedersaubach.de\/wp-content\/uploads\/2012\/08\/Flyer_Kirchenkonzert-300x214.jpg 300w\" sizes=\"auto, (max-width: 450px) 100vw, 450px\" \/><\/a><p id=\"caption-attachment-4681\" class=\"wp-caption-text\">Kirchenkonzert-Flyer<\/p><\/div>\n<p style=\"text-align: justify;\">Beginnen wird man mit einem Gesang der heiligen Hildegard von Bingen, die im Oktober dieses Jahres vom Papst zur \u201eKirchenlehrerin\u201c erhoben werden wird. Dann folgt ein St\u00fcck aus dem 13. oder 14. Jahrhundert. Aus Barock, Klassik und Romantik stehen bekannte Komponisten wie Heinrich Sch\u00fctz, Bach, H\u00e4ndel, Mozart, Mendelssohn, Faur\u00e9 und Dvorak auf dem Programm. Den Abschluss bildet ein &#8222;Halleluja&#8220; des 1936 geborenen britischen Komponisten Colin Mawby.<\/p>\n<p style=\"text-align: justify;\"><a title=\"Programm des Kirchenkonzertes in Niedersaubach, Arrangement: Kantor J\u00fcrgen Fr\u00f6hlich\" href=\"http:\/\/unser-niedersaubach.de\/Dokumente\/800\/Kirchenkonzert.pdf\" target=\"_blank\"><strong><span style=\"color: #0000ff;\">Hier (einfach anklicken) kann man das Konzertprogramm genauer anschauen.<\/span><\/strong><\/a><\/p>\n<p style=\"text-align: justify;\">Liebhaber der Kirchenmusik sollten unbedingt am Sonntag, 16. September, 18 Uhr, in die Antoniuskapelle nach Niedersaubach kommen. Wer den Lebacher Kantor, J\u00fcrgen Fr\u00f6hlich, kennt, wei\u00df, dass man etwas ganz Besonderes erwarten darf.<\/p>\n<div id=\"attachment_4665\" style=\"width: 460px\" class=\"wp-caption aligncenter\"><img loading=\"lazy\" decoding=\"async\" aria-describedby=\"caption-attachment-4665\" class=\"size-full wp-image-4665\" title=\"Froehlich-Juergen_450\" alt=\"\" src=\"http:\/\/unser-niedersaubach.de\/wp-content\/uploads\/2012\/08\/Froehlich-Juergen_450.jpg\" width=\"450\" height=\"300\" srcset=\"https:\/\/unser-niedersaubach.de\/wp-content\/uploads\/2012\/08\/Froehlich-Juergen_450.jpg 450w, https:\/\/unser-niedersaubach.de\/wp-content\/uploads\/2012\/08\/Froehlich-Juergen_450-300x200.jpg 300w\" sizes=\"auto, (max-width: 450px) 100vw, 450px\" \/><p id=\"caption-attachment-4665\" class=\"wp-caption-text\">Kantor J\u00fcrgen Fr\u00f6hlich; Foto: Fr\u00f6hlich<\/p><\/div>\n<p style=\"text-align: justify;\">Der Eintritt ist frei; allerdings wird f\u00fcr die Akteurinnen und Akteure um eine kleine, freiwillige Spende gebeten.<\/p>\n<h3 style=\"text-align: justify;\"><strong>Im Anschluss trifft man sich noch im Niedersaubacher Antoniusheim zu einem geselligen Umtrunk.<\/strong><\/h3>\n","protected":false},"excerpt":{"rendered":"<p>800 Jahre Niedersaubach \u2013 Lob Gottes durch die Jahrhunderte\u00a0 Kirchenkonzert in der Antoniuskapelle am So., 16. September, 18 Uhr &nbsp; Der Kantor der Lebacher Pfarrei, J\u00fcrgen Fr\u00f6hlich, hat im Rahmen der Jubil\u00e4umsveranstaltungen \u201e800 Jahre Niedersaubach\u201c die ehrgeizige Idee entwickelt, die &hellip; <a href=\"https:\/\/unser-niedersaubach.de\/?p=4658\">Weiterlesen <span class=\"meta-nav\">&rarr;<\/span><\/a><\/p>\n","protected":false},"author":2,"featured_media":0,"comment_status":"open","ping_status":"open","sticky":false,"template":"","format":"gallery","meta":{"ngg_post_thumbnail":0,"footnotes":""},"categories":[13,71,48,132],"tags":[87,216,217],"class_list":["post-4658","post","type-post","status-publish","format-gallery","hentry","category-antoniuskapelle","category-festveranstaltung","category-jubilaum","category-veranstaltungen","tag-800-jahrfeier","tag-kirchenkonzert","tag-lob-gottes","post_format-post-format-gallery"],"_links":{"self":[{"href":"https:\/\/unser-niedersaubach.de\/index.php?rest_route=\/wp\/v2\/posts\/4658","targetHints":{"allow":["GET"]}}],"collection":[{"href":"https:\/\/unser-niedersaubach.de\/index.php?rest_route=\/wp\/v2\/posts"}],"about":[{"href":"https:\/\/unser-niedersaubach.de\/index.php?rest_route=\/wp\/v2\/types\/post"}],"author":[{"embeddable":true,"href":"https:\/\/unser-niedersaubach.de\/index.php?rest_route=\/wp\/v2\/users\/2"}],"replies":[{"embeddable":true,"href":"https:\/\/unser-niedersaubach.de\/index.php?rest_route=%2Fwp%2Fv2%2Fcomments&post=4658"}],"version-history":[{"count":12,"href":"https:\/\/unser-niedersaubach.de\/index.php?rest_route=\/wp\/v2\/posts\/4658\/revisions"}],"predecessor-version":[{"id":4660,"href":"https:\/\/unser-niedersaubach.de\/index.php?rest_route=\/wp\/v2\/posts\/4658\/revisions\/4660"}],"wp:attachment":[{"href":"https:\/\/unser-niedersaubach.de\/index.php?rest_route=%2Fwp%2Fv2%2Fmedia&parent=4658"}],"wp:term":[{"taxonomy":"category","embeddable":true,"href":"https:\/\/unser-niedersaubach.de\/index.php?rest_route=%2Fwp%2Fv2%2Fcategories&post=4658"},{"taxonomy":"post_tag","embeddable":true,"href":"https:\/\/unser-niedersaubach.de\/index.php?rest_route=%2Fwp%2Fv2%2Ftags&post=4658"}],"curies":[{"name":"wp","href":"https:\/\/api.w.org\/{rel}","templated":true}]}}