{"id":4843,"date":"2012-10-02T19:35:13","date_gmt":"2012-10-02T18:35:13","guid":{"rendered":"http:\/\/unser-niedersaubach.de\/?p=4843"},"modified":"2013-07-22T16:11:45","modified_gmt":"2013-07-22T15:11:45","slug":"kriegsopfer-aus-niedersaubach-und-rummelbach","status":"publish","type":"post","link":"https:\/\/unser-niedersaubach.de\/?p=4843","title":{"rendered":"Kriegsopfer aus Niedersaubach und R\u00fcmmelbach"},"content":{"rendered":"<h3>Ein Vergessener namens Josef Scherer<\/h3>\n<h3>Erinnerungstafeln in der Antoniuskapelle vervollst\u00e4ndigt<\/h3>\n<p style=\"text-align: justify;\">Seit den 50er Jahren ist die Antoniuskapelle der Ort, an dem das Dorf Niedersaubach an die Kriegsopfer des 1. und des 2. Weltkrieges erinnert. Urspr\u00fcnglich waren es einzelne kleine Kreuze, die neben der Statue des heiligen Antonius hingen und die Namen der Bedauernswerten trugen. Im Rahmen der Sanierungs- und Renovierungsarbeiten, die Pastor Hermann-Ludwig Meiser Anfang der 80er durchf\u00fchrte, wurde diese Gedenkst\u00e4tte neu gestaltet. Man fasste die Namen auf 2 Holztafeln zusammen, die unter einem neuen Holzkreuz neben der Eingangst\u00fcr aufgeh\u00e4ngt wurden.<\/p>\n<p style=\"text-align: justify;\">Auf diesen 2 Holztafeln stehen die 16 Namen der Gefallenen des 1. Weltkrieges und die 27 Namen der Gefallenen des 2. Weltkrieges, erg\u00e4nzt um die 3 Namen von 2 Kindern, die beim Spielen mit Kriegsger\u00e4t bzw. Kriegsmunition t\u00f6dlich verungl\u00fcckten, und von 1 KZ-Opfer, das in Dachau umgebracht wurde.<\/p>\n<p style=\"text-align: justify;\">Aber: Vergessen hatte man den Namen eines geistig behinderten Buben namens Josef Scherer, der im September 1944 im Alter von 11 Jahren in die T\u00f6tungsanstalt Hadamar im Westerwald verbracht wurde; er wurde dort ermordet, indem man ihn verhungern lie\u00df.<\/p>\n<div id=\"attachment_4850\" style=\"width: 460px\" class=\"wp-caption aligncenter\"><img loading=\"lazy\" decoding=\"async\" aria-describedby=\"caption-attachment-4850\" class=\"size-full wp-image-4850\" title=\"Patrick-Schu_450\" alt=\"\" src=\"http:\/\/unser-niedersaubach.de\/wp-content\/uploads\/2012\/10\/Patrick-Schu_450.jpg\" width=\"450\" height=\"338\" srcset=\"https:\/\/unser-niedersaubach.de\/wp-content\/uploads\/2012\/10\/Patrick-Schu_450.jpg 450w, https:\/\/unser-niedersaubach.de\/wp-content\/uploads\/2012\/10\/Patrick-Schu_450-300x225.jpg 300w\" sizes=\"auto, (max-width: 450px) 100vw, 450px\" \/><p id=\"caption-attachment-4850\" class=\"wp-caption-text\">Werner Schmidt (links) und Patrick Schu beim heiligen Antonius, Foto: Lothar Schmidt<\/p><\/div>\n<p style=\"text-align: justify;\">Patrick Schu aus der Lach, im Dorf gut bekannt als versierter Schreiner, hatte sich spontan bereit erkl\u00e4rt, f\u00fcr diesen armen Jungen unentgeltlich eine Erinnerungszeile einzupassen. Das ist ihm richtig toll gelungen; wer es nicht wei\u00df, dem wird nicht auffallen, dass da was angef\u00fcgt wurde.<\/p>\n<p style=\"text-align: center;\"><span style=\"color: #ff0000;\"><em>Die angef\u00fcgten &#8222;Fingernagel&#8220;-Bilder zur Vergr\u00f6\u00dferung einfach anklicken!<\/em><\/span><\/p>\n\n\t\t<style type=\"text\/css\">\n\t\t\t#gallery-1 {\n\t\t\t\tmargin: auto;\n\t\t\t}\n\t\t\t#gallery-1 .gallery-item {\n\t\t\t\tfloat: left;\n\t\t\t\tmargin-top: 10px;\n\t\t\t\ttext-align: center;\n\t\t\t\twidth: 50%;\n\t\t\t}\n\t\t\t#gallery-1 img {\n\t\t\t\tborder: 2px solid #cfcfcf;\n\t\t\t}\n\t\t\t#gallery-1 .gallery-caption {\n\t\t\t\tmargin-left: 0;\n\t\t\t}\n\t\t\t\/* see gallery_shortcode() in wp-includes\/media.php *\/\n\t\t<\/style>\n\t\t<div id='gallery-1' class='gallery galleryid-4843 gallery-columns-2 gallery-size-thumbnail'><dl class='gallery-item'>\n\t\t\t<dt class='gallery-icon portrait'>\n\t\t\t\t<a href='https:\/\/unser-niedersaubach.de\/wp-content\/uploads\/2012\/10\/Erinnerungstafeln-alt.jpg'><img loading=\"lazy\" decoding=\"async\" width=\"150\" height=\"150\" src=\"https:\/\/unser-niedersaubach.de\/wp-content\/uploads\/2012\/10\/Erinnerungstafeln-alt-150x150.jpg\" class=\"attachment-thumbnail size-thumbnail\" alt=\"\" aria-describedby=\"gallery-1-4844\" \/><\/a>\n\t\t\t<\/dt>\n\t\t\t\t<dd class='wp-caption-text gallery-caption' id='gallery-1-4844'>\n\t\t\t\tDie alten Gedenkkreuze, die nach dem 2. Weltkrieg angebracht wurden; Fotoarchiv: Robert Schmidt (Rauen)\n\t\t\t\t<\/dd><\/dl><dl class='gallery-item'>\n\t\t\t<dt class='gallery-icon landscape'>\n\t\t\t\t<a href='https:\/\/unser-niedersaubach.de\/wp-content\/uploads\/2012\/10\/Gedenkkreuz-neu.jpg'><img loading=\"lazy\" decoding=\"async\" width=\"150\" height=\"150\" src=\"https:\/\/unser-niedersaubach.de\/wp-content\/uploads\/2012\/10\/Gedenkkreuz-neu-150x150.jpg\" class=\"attachment-thumbnail size-thumbnail\" alt=\"\" aria-describedby=\"gallery-1-4845\" \/><\/a>\n\t\t\t<\/dt>\n\t\t\t\t<dd class='wp-caption-text gallery-caption' id='gallery-1-4845'>\n\t\t\t\tDie neuen Gedenktafeln, die Anfang der 80er Jahre von Pastor Meiser aufgeh\u00e4ngt wurden, Foto: Jakob Britz (Schmitz Jakob)\n\t\t\t\t<\/dd><\/dl><br style=\"clear: both\" \/><dl class='gallery-item'>\n\t\t\t<dt class='gallery-icon landscape'>\n\t\t\t\t<a href='https:\/\/unser-niedersaubach.de\/wp-content\/uploads\/2012\/10\/Patrick-Schu_1200.jpg'><img loading=\"lazy\" decoding=\"async\" width=\"150\" height=\"150\" src=\"https:\/\/unser-niedersaubach.de\/wp-content\/uploads\/2012\/10\/Patrick-Schu_1200-150x150.jpg\" class=\"attachment-thumbnail size-thumbnail\" alt=\"\" aria-describedby=\"gallery-1-4849\" \/><\/a>\n\t\t\t<\/dt>\n\t\t\t\t<dd class='wp-caption-text gallery-caption' id='gallery-1-4849'>\n\t\t\t\tOrtsvorsteher Werner Schmidt (links) bedankt sich bei Patrick Schu &#8211; nat\u00fcrlich mit einer Flasche 800er, Foto: Lothar Schmidt\n\t\t\t\t<\/dd><\/dl><dl class='gallery-item'>\n\t\t\t<dt class='gallery-icon landscape'>\n\t\t\t\t<a href='https:\/\/unser-niedersaubach.de\/wp-content\/uploads\/2012\/10\/Patrick-Schu_450.jpg'><img loading=\"lazy\" decoding=\"async\" width=\"150\" height=\"150\" src=\"https:\/\/unser-niedersaubach.de\/wp-content\/uploads\/2012\/10\/Patrick-Schu_450-150x150.jpg\" class=\"attachment-thumbnail size-thumbnail\" alt=\"\" aria-describedby=\"gallery-1-4850\" \/><\/a>\n\t\t\t<\/dt>\n\t\t\t\t<dd class='wp-caption-text gallery-caption' id='gallery-1-4850'>\n\t\t\t\tWerner Schmidt (links) und Patrick Schu beim heiligen Antonius, Foto: Lothar Schmidt\n\t\t\t\t<\/dd><\/dl><br style=\"clear: both\" \/>\n\t\t<\/div>\n\n<p style=\"text-align: justify;\"><a title=\"Josef Scherer\" href=\"http:\/\/unser-niedersaubach.de\/?page_id=4424\"><strong><span style=\"color: #0000ff;\">\u00dcber sein Schicksal kann man hier mehr lesen (einfach anklicken)!<\/span><\/strong><\/a><\/p>\n<p style=\"text-align: justify;\">Am Sonntag, 18. November, 16 \u2013 17:45 Uhr, dem Volkstrauertag, wird das Dorf in der Antoniuskapelle und anschlie\u00dfend im Antoniusheim an die 16 jungen M\u00e4nner, die im 1. Weltkrieg fielen, und an die 31 jungen M\u00e4nner und Kinder, die im 2. Weltkrieg umkamen, erinnern.<\/p>\n<p style=\"text-align: justify;\">Damit findet die 800-Jahrfeier des Dorfes (1212 \u2013 2012) in der 8. Jubil\u00e4umsveranstaltung ihren w\u00fcrdigen Abschluss.<\/p>\n<p style=\"text-align: justify;\">Lothar Schmidt<\/p>\n","protected":false},"excerpt":{"rendered":"<p>Ein Vergessener namens Josef Scherer Erinnerungstafeln in der Antoniuskapelle vervollst\u00e4ndigt Seit den 50er Jahren ist die Antoniuskapelle der Ort, an dem das Dorf Niedersaubach an die Kriegsopfer des 1. und des 2. Weltkrieges erinnert. Urspr\u00fcnglich waren es einzelne kleine Kreuze, &hellip; <a href=\"https:\/\/unser-niedersaubach.de\/?p=4843\">Weiterlesen <span class=\"meta-nav\">&rarr;<\/span><\/a><\/p>\n","protected":false},"author":2,"featured_media":6074,"comment_status":"open","ping_status":"open","sticky":false,"template":"","format":"gallery","meta":{"ngg_post_thumbnail":0,"footnotes":""},"categories":[13,25,48,165,132],"tags":[87,228,115],"class_list":["post-4843","post","type-post","status-publish","format-gallery","has-post-thumbnail","hentry","category-antoniuskapelle","category-gefallene","category-jubilaum","category-krieg","category-veranstaltungen","tag-800-jahrfeier","tag-josef-scherer","tag-volkstrauertag","post_format-post-format-gallery"],"_links":{"self":[{"href":"https:\/\/unser-niedersaubach.de\/index.php?rest_route=\/wp\/v2\/posts\/4843","targetHints":{"allow":["GET"]}}],"collection":[{"href":"https:\/\/unser-niedersaubach.de\/index.php?rest_route=\/wp\/v2\/posts"}],"about":[{"href":"https:\/\/unser-niedersaubach.de\/index.php?rest_route=\/wp\/v2\/types\/post"}],"author":[{"embeddable":true,"href":"https:\/\/unser-niedersaubach.de\/index.php?rest_route=\/wp\/v2\/users\/2"}],"replies":[{"embeddable":true,"href":"https:\/\/unser-niedersaubach.de\/index.php?rest_route=%2Fwp%2Fv2%2Fcomments&post=4843"}],"version-history":[{"count":10,"href":"https:\/\/unser-niedersaubach.de\/index.php?rest_route=\/wp\/v2\/posts\/4843\/revisions"}],"predecessor-version":[{"id":4853,"href":"https:\/\/unser-niedersaubach.de\/index.php?rest_route=\/wp\/v2\/posts\/4843\/revisions\/4853"}],"wp:featuredmedia":[{"embeddable":true,"href":"https:\/\/unser-niedersaubach.de\/index.php?rest_route=\/wp\/v2\/media\/6074"}],"wp:attachment":[{"href":"https:\/\/unser-niedersaubach.de\/index.php?rest_route=%2Fwp%2Fv2%2Fmedia&parent=4843"}],"wp:term":[{"taxonomy":"category","embeddable":true,"href":"https:\/\/unser-niedersaubach.de\/index.php?rest_route=%2Fwp%2Fv2%2Fcategories&post=4843"},{"taxonomy":"post_tag","embeddable":true,"href":"https:\/\/unser-niedersaubach.de\/index.php?rest_route=%2Fwp%2Fv2%2Ftags&post=4843"}],"curies":[{"name":"wp","href":"https:\/\/api.w.org\/{rel}","templated":true}]}}