{"id":4895,"date":"2012-11-05T22:09:20","date_gmt":"2012-11-05T21:09:20","guid":{"rendered":"http:\/\/unser-niedersaubach.de\/?p=4895"},"modified":"2013-06-25T11:25:06","modified_gmt":"2013-06-25T10:25:06","slug":"gedenkveranstaltung-zum-abschluss-der-800-jahrfeier","status":"publish","type":"post","link":"https:\/\/unser-niedersaubach.de\/?p=4895","title":{"rendered":"Gedenkveranstaltung zum Abschluss der 800-Jahrfeier"},"content":{"rendered":"<p><span style=\"color: #000000;\">Am Volkstrauertag (Sonntag, 18. November) gedenkt unser Dorf der<\/span> Opfer der Weltkriege.<\/p>\n<div id=\"attachment_1378\" style=\"width: 460px\" class=\"wp-caption aligncenter\"><img loading=\"lazy\" decoding=\"async\" aria-describedby=\"caption-attachment-1378\" class=\" wp-image-1378 \" title=\"unbekannter-Soldat\" alt=\"\" src=\"http:\/\/unser-niedersaubach.de\/wp-content\/uploads\/2009\/10\/unbekannter-Soldat-e1352385195107.jpg\" width=\"450\" height=\"697\" \/><p id=\"caption-attachment-1378\" class=\"wp-caption-text\">Georg Warken (B\u00f6hmer Schorsch), selber Kriegsveteran, organisierte in den 1920er Jahren Besuche an den Gr\u00e4bern im Argonner Wald, Fotoarchiv: Gertrud Manger<\/p><\/div>\n<p>Die Gedenkveranstaltung beginnt um 16 Uhr in der Antoniuskapelle. Pastor Hermann Ludwig Meiser wird mit uns f\u00fcr die Opfer (im 1. Weltkrieg 16 und im 2. Weltkrieg 31) zu beten.<\/p>\n<p style=\"text-align: justify;\">Wenn gegen 16:30 Uhr Ortsvorsteher Werner Schmidt bei den Erinnerungstafeln am Ausgang unserer Kapelle einen Kranz niedergelegt hat, wird uns ein Ehrenzug der Bundeswehr, flankiert von unserer Feuerwehr, zum Antoniusheim f\u00fchren.<\/p>\n<p style=\"text-align: justify;\">Wenn dort gegen 16:45 Uhr der Ehrenzug, gebildet von der 3. Kompanie des Fallschirmj\u00e4gerbataillons 261, Aufstellung genommen hat, wird uns der Trompeter Roman Herrmann vor dem Antoniusheim das Lied &#8222;Ich hatt&#8216; einen Kameraden&#8220; spielen.<\/p>\n<p style=\"text-align: justify;\">Danach begibt man sich hoch ins Antoniusheim (der Ehrenzug r\u00fcckt zwischenzeitlich ab), um &#8211; eingerahmt von musikalischen Beitr\u00e4gen (J\u00fcrgen Fr\u00fchlich, Klavier, Wolfgang Link, Violine, und Walter Nimmesgern, Gesang) &#8211; einen Bildervortrag zu den Einzelschicksalen (gestaltet von Prof. Ivica Maksimovic) zu sehen. Parallel zu den Bilderpr\u00e4sentationen werden Kathrin Gorges und Florian Wagner als &#8222;Gleichaltrige&#8220; (in etwa so jung wie die Mehrheit der Opfer) kurze erkl\u00e4rende Texte zu den Einzelbildern vorlesen.<\/p>\n<p style=\"text-align: justify;\">Ganz zu Beginn der Pr\u00e4sentation wird Martha Grohs (Schmitz Martha) das Gedicht eines Saubacher Soldaten aus dem Deutsch-Franz\u00f6sischen Krieg (1870\/ 1871) vortragen, das der Junge kurz vor Weihnachten an sein Heimatdort Niedersaubach geschreiben hatte. Es wurde nur m\u00fcndlich \u00fcberliefert; Schmitz Martha hat es von ihrer Mutter, sie von ihrer usw. gelernt &#8211; und weitergetragen.<\/p>\n<p style=\"text-align: justify;\">Wir wollen sie alle beim Namen nennen &#8211; und m\u00f6glichst auch ihr Angesicht zeigen.<\/p>\n<div id=\"attachment_3204\" style=\"width: 460px\" class=\"wp-caption aligncenter\"><a title=\"Josef Herrmann\" href=\"http:\/\/unser-niedersaubach.de\/?page_id=2634\"><img loading=\"lazy\" decoding=\"async\" aria-describedby=\"caption-attachment-3204\" class=\"size-full wp-image-3204\" title=\"Passbild\" alt=\"\" src=\"http:\/\/unser-niedersaubach.de\/wp-content\/uploads\/2011\/05\/Passbild6.jpg\" width=\"450\" height=\"621\" srcset=\"https:\/\/unser-niedersaubach.de\/wp-content\/uploads\/2011\/05\/Passbild6.jpg 450w, https:\/\/unser-niedersaubach.de\/wp-content\/uploads\/2011\/05\/Passbild6-217x300.jpg 217w\" sizes=\"auto, (max-width: 450px) 100vw, 450px\" \/><\/a><p id=\"caption-attachment-3204\" class=\"wp-caption-text\">Josef Herrman, Fotoarchiv: Maria Eckert (Kreuzwies)<\/p><\/div>\n<p style=\"text-align: justify;\">Ein Beispiel: Josef Herrmann aus der Kreuzwies war 18, als er\u00a0als Grenadier am 19. Oktober 1943 um 5 Uhr (Einheit: 4. Kompanie des Panzergrenadierregimentes 2) \u00f6stlich von Pignatara\/ Italien infolge einer schweren Verwundung verstarb. Er\u00a0kam zu Tode, als er zusammen mit seinen Kameraden versuchte, seinen schwer verwundeten Zugf\u00fchrer aus der Hauptkampfzone zu bergen.\u00a0Seine Fallschirm-Panzerdivision, ein Eliteverband der Wehrmacht, versuchte, die n\u00f6rdlich von Neapel gelandeten britischen Streitkr\u00e4fte aufzuhalten. Kurz nach seinem Tod entwickelte sich in der N\u00e4he seines Todesortes eine der heftigsten Schlachten des 2. Weltkrieges, die Schlacht am Monte Cassino.\u00a0Josef Herrmann liegt auf dem deutschen Soldatenfriedhof Cassino\/ Italien begraben.<\/p>\n<div id=\"attachment_3316\" style=\"width: 460px\" class=\"wp-caption aligncenter\"><img loading=\"lazy\" decoding=\"async\" aria-describedby=\"caption-attachment-3316\" class=\"size-full wp-image-3316\" title=\"hj-9_08-09-1943_Wiedersehen_450\" alt=\"\" src=\"http:\/\/unser-niedersaubach.de\/wp-content\/uploads\/2011\/05\/hj-9_08-09-1943_Wiedersehen_450.jpg\" width=\"450\" height=\"166\" srcset=\"https:\/\/unser-niedersaubach.de\/wp-content\/uploads\/2011\/05\/hj-9_08-09-1943_Wiedersehen_450.jpg 450w, https:\/\/unser-niedersaubach.de\/wp-content\/uploads\/2011\/05\/hj-9_08-09-1943_Wiedersehen_450-300x110.jpg 300w\" sizes=\"auto, (max-width: 450px) 100vw, 450px\" \/><p id=\"caption-attachment-3316\" class=\"wp-caption-text\">Gru\u00df von Josef Herrmann vom 8. September 1943 aus S\u00fcditalien; Archiv: Maria Eckert (Kreuzwies)<\/p><\/div>\n<p style=\"text-align: justify;\">Zum Abschluss der Gedenkveranstaltung singen wir alle gemeinsam die Nationalhymne.<\/p>\n<p style=\"text-align: justify;\">Gegen 17:45 Uhr endet die Erinnerungsfeier.<\/p>\n<p style=\"text-align: justify;\">Damit enden nun auch die Feiern zum 800. Geburtstag unseres Dorfes.<\/p>\n<p style=\"text-align: justify;\">Im Anschluss verweilen wir noch im Antoniusheim.<\/p>\n<p style=\"text-align: justify;\">Lothar Schmidt<\/p>\n<p style=\"text-align: justify;\">P.S.:<\/p>\n<p style=\"text-align: justify;\"><span style=\"color: #0000ff;\"><strong><a title=\"Ablaufplan Volkstrauertag 2012 Niedersaubach und R\u00fcmmelbach\" href=\"http:\/\/unser-niedersaubach.de\/Dokumente\/800\/Volkstrauertag_Ablaufplan.pdf\" target=\"_blank\"><span style=\"color: #0000ff;\">Anbei der Ablaufplan in Kurzfassung (einfach anklicken)!<\/span><\/a><\/strong><\/span><\/p>\n","protected":false},"excerpt":{"rendered":"<p>Am Volkstrauertag (Sonntag, 18. November) gedenkt unser Dorf der Opfer der Weltkriege. Die Gedenkveranstaltung beginnt um 16 Uhr in der Antoniuskapelle. Pastor Hermann Ludwig Meiser wird mit uns f\u00fcr die Opfer (im 1. Weltkrieg 16 und im 2. Weltkrieg 31) &hellip; <a href=\"https:\/\/unser-niedersaubach.de\/?p=4895\">Weiterlesen <span class=\"meta-nav\">&rarr;<\/span><\/a><\/p>\n","protected":false},"author":2,"featured_media":0,"comment_status":"open","ping_status":"open","sticky":false,"template":"","format":"gallery","meta":{"ngg_post_thumbnail":0,"footnotes":""},"categories":[25,48,165,132],"tags":[232,231,115],"class_list":["post-4895","post","type-post","status-publish","format-gallery","hentry","category-gefallene","category-jubilaum","category-krieg","category-veranstaltungen","tag-ehrenzug","tag-gedenkveranstaltung","tag-volkstrauertag","post_format-post-format-gallery"],"_links":{"self":[{"href":"https:\/\/unser-niedersaubach.de\/index.php?rest_route=\/wp\/v2\/posts\/4895","targetHints":{"allow":["GET"]}}],"collection":[{"href":"https:\/\/unser-niedersaubach.de\/index.php?rest_route=\/wp\/v2\/posts"}],"about":[{"href":"https:\/\/unser-niedersaubach.de\/index.php?rest_route=\/wp\/v2\/types\/post"}],"author":[{"embeddable":true,"href":"https:\/\/unser-niedersaubach.de\/index.php?rest_route=\/wp\/v2\/users\/2"}],"replies":[{"embeddable":true,"href":"https:\/\/unser-niedersaubach.de\/index.php?rest_route=%2Fwp%2Fv2%2Fcomments&post=4895"}],"version-history":[{"count":14,"href":"https:\/\/unser-niedersaubach.de\/index.php?rest_route=\/wp\/v2\/posts\/4895\/revisions"}],"predecessor-version":[{"id":4897,"href":"https:\/\/unser-niedersaubach.de\/index.php?rest_route=\/wp\/v2\/posts\/4895\/revisions\/4897"}],"wp:attachment":[{"href":"https:\/\/unser-niedersaubach.de\/index.php?rest_route=%2Fwp%2Fv2%2Fmedia&parent=4895"}],"wp:term":[{"taxonomy":"category","embeddable":true,"href":"https:\/\/unser-niedersaubach.de\/index.php?rest_route=%2Fwp%2Fv2%2Fcategories&post=4895"},{"taxonomy":"post_tag","embeddable":true,"href":"https:\/\/unser-niedersaubach.de\/index.php?rest_route=%2Fwp%2Fv2%2Ftags&post=4895"}],"curies":[{"name":"wp","href":"https:\/\/api.w.org\/{rel}","templated":true}]}}