{"id":5525,"date":"2013-04-19T15:50:38","date_gmt":"2013-04-19T14:50:38","guid":{"rendered":"http:\/\/unser-niedersaubach.de\/?p=5525"},"modified":"2013-06-25T10:34:49","modified_gmt":"2013-06-25T09:34:49","slug":"baptiste-schafer-grawe-battis-20-02-1893-01-06-1984","status":"publish","type":"post","link":"https:\/\/unser-niedersaubach.de\/?p=5525","title":{"rendered":"Baptiste Sch\u00e4fer (Grawe Battis) * 20.02.1893\/ + 01.06.1984"},"content":{"rendered":"<p style=\"text-align: justify;\">Baptiste Sch\u00e4fer war Sohn von Wilhelm Sch\u00e4fer und Johanna, geb. Schwinn. Verheiratet war er (1920) mit Maria, geb. Kuhn, und (1944) mit Katharina Grohs. Im Lebacher Familienbuch von Gerhard Storb ist er unter der Nummer 2454 zu finden.<\/p>\n<p style=\"text-align: justify;\"><strong><span style=\"color: #0000ff;\"><a title=\"Baptiste Sch\u00e4fer (Grawe Battis)\" href=\"http:\/\/unser-niedersaubach.de\/?p=2574\"><span style=\"color: #0000ff;\">Wir hatten hier schon einmal \u00fcber Baptiste Sch\u00e4fer berichtet. <\/span><\/a><\/span><\/strong><\/p>\n<div id=\"attachment_2576\" style=\"width: 460px\" class=\"wp-caption aligncenter\"><a title=\"Baptiste Sch\u00e4fer wird 90, SZ berichtet am 23. Februar 1983\" href=\"http:\/\/unser-niedersaubach.de\/Dokumente\/Presse\/Grawen-Battis.pdf\" target=\"_blank\"><img loading=\"lazy\" decoding=\"async\" aria-describedby=\"caption-attachment-2576\" class=\"size-full wp-image-2576\" alt=\"Grawen Battis wird 90, Saarbr\u00fccker Zeitung vom 23. Februar 1983, Archiv: Paul Mattick\" src=\"http:\/\/unser-niedersaubach.de\/wp-content\/uploads\/2011\/05\/Grawen-Battis.jpg\" width=\"450\" height=\"982\" srcset=\"https:\/\/unser-niedersaubach.de\/wp-content\/uploads\/2011\/05\/Grawen-Battis.jpg 450w, https:\/\/unser-niedersaubach.de\/wp-content\/uploads\/2011\/05\/Grawen-Battis-137x300.jpg 137w\" sizes=\"auto, (max-width: 450px) 100vw, 450px\" \/><\/a><p id=\"caption-attachment-2576\" class=\"wp-caption-text\">Grawen Battis wird 90, Saarbr\u00fccker Zeitung vom 23. Februar 1983, Archiv: Paul Mattick<\/p><\/div>\n<p>Die SZ berichtete am 23. Februar 1983 \u00fcber seinen 90. Geburtstag, der festlich begangen wurde.<\/p>\n<p><strong><span style=\"color: #0000ff;\"><a title=\"Nikolaus Biesel\" href=\"http:\/\/unser-niedersaubach.de\/?page_id=2908\"><span style=\"color: #0000ff;\">Sehr ergreifend war auch die \u00dcberlieferung, wie Baptiste Sch\u00e4fer 1916 in den Masuren an der Ostfront des 1. Weltkrieges dem Saubacher Schommersch Nickel (Nikolaus Biesel) begegnete, der kurz darauf fiel.<\/span><\/a><\/span><\/strong><\/p>\n<p style=\"text-align: justify;\">Nun hat uns seine Urenkelin Ute Jungbluth seine Lebenserinnerungen \u00fcberlassen, welche am 15. Oktober 1981 aufgezeichnet wurden (ob er sie nun selber aufgeschrieben oder diktiert hatte, ist unklar). Die &#8222;Erinnerungen&#8220; geben i. W. seine Kriegserlebnisse im 1. Weltkrieg wieder, aus dem er als hochdekorierter Portepee-Unteroffizier aus Finnland zur\u00fcckkehrte.<\/p>\n<p style=\"text-align: justify;\">Bei der Mobilmachung am 1. August 1914 diente er bereits seite dem 15. Oktober 1913 in Saarlouis in der 6.\/ Feldartillerieregimentes Nr. 8 (1. Rheinisches FAR von Holtzendorff). Gleich am 4. August 1914 nahm er im Elsass in der Schlacht bei La Garde teil. In der Folge schildert er die Gewaltm\u00e4rsche hoch nach Nordfrankreich, wo die Engl\u00e4nder durchgebrochen waren. Im Januar 1915 sah er nochmals die Heimat, als sein Regiment durch Saarbr\u00fccken und Saarlouis \u00fcber Hamburg, Berlin und Posen nach Ostpreu\u00dfen gef\u00fchrt wurde, wo es in der Masurenschlacht k\u00e4mpfte. Und genau dort begegnete er dem oben genannten Schommersch Nickel (Nikolaus Biesel), der wenig sp\u00e4ter fiel, als er (Grawe Battis) in Saubach auf Heimaturlaub war und dessen Mutter ein Paket \u00fcbergab (an dem Sonntag, an dem Schommersch Nickel bereits in Mazuty beerdigt wurde).<\/p>\n<p style=\"text-align: justify;\">Im Sommer 1916 verharrte sein Regiment \u00fcber viele Monate im Stellungskrieg an der Ostfront. Nach einer kurzfristigen Verlegung an die Westfront in die Champagne ging es zur\u00fcck nach Galizien und von dort weiter nach Norden ins Baltikum (Lettland, Riga). Seine Landtruppe wurde sogar als Marineinfanterie bei der Eroberung einer Inselgruppe in der Ostsee (\u00d6sel vor Estland) eingesetzt. Zuletzt wirkte er bei der Befreiuung der finnischen Stadt Lahtis von der russischen Besatzung mit. Dort war er bis Kriegsende stationiert.<\/p>\n<p style=\"text-align: justify;\"><a title=\"Lebenserinnerungen von Grawe Battis (Baptiste Sch\u00e4fer)\" href=\"http:\/\/unser-niedersaubach.de\/Dokumente\/WKI\/Grawe-Battis_Erinnerungen.pdf\" target=\"_blank\"><strong><span style=\"color: #0000ff;\">Hier kann sein Bericht nachgelesen werden.<\/span><\/strong><\/a><\/p>\n<p style=\"text-align: justify;\">Lothar Schmidt<\/p>\n<p style=\"text-align: justify;\"><span style=\"color: #ff0000;\">Hinweis: Im Firefoxbrowser ist das Dokument schlecht zu lesen. Deshalb hierzu den Internetexplorer benutzen oder sich f\u00fcr die Ansicht des Acrobat Readers bedienen! <\/span><\/p>\n","protected":false},"excerpt":{"rendered":"<p>Baptiste Sch\u00e4fer war Sohn von Wilhelm Sch\u00e4fer und Johanna, geb. Schwinn. Verheiratet war er (1920) mit Maria, geb. Kuhn, und (1944) mit Katharina Grohs. Im Lebacher Familienbuch von Gerhard Storb ist er unter der Nummer 2454 zu finden. Wir hatten &hellip; <a href=\"https:\/\/unser-niedersaubach.de\/?p=5525\">Weiterlesen <span class=\"meta-nav\">&rarr;<\/span><\/a><\/p>\n","protected":false},"author":2,"featured_media":0,"comment_status":"open","ping_status":"open","sticky":false,"template":"","format":"gallery","meta":{"ngg_post_thumbnail":0,"footnotes":""},"categories":[16,165],"tags":[254,255,253],"class_list":["post-5525","post","type-post","status-publish","format-gallery","hentry","category-geschichten","category-krieg","tag-baptiste-schafer","tag-erinnerungen","tag-grawe-battis","post_format-post-format-gallery"],"_links":{"self":[{"href":"https:\/\/unser-niedersaubach.de\/index.php?rest_route=\/wp\/v2\/posts\/5525","targetHints":{"allow":["GET"]}}],"collection":[{"href":"https:\/\/unser-niedersaubach.de\/index.php?rest_route=\/wp\/v2\/posts"}],"about":[{"href":"https:\/\/unser-niedersaubach.de\/index.php?rest_route=\/wp\/v2\/types\/post"}],"author":[{"embeddable":true,"href":"https:\/\/unser-niedersaubach.de\/index.php?rest_route=\/wp\/v2\/users\/2"}],"replies":[{"embeddable":true,"href":"https:\/\/unser-niedersaubach.de\/index.php?rest_route=%2Fwp%2Fv2%2Fcomments&post=5525"}],"version-history":[{"count":6,"href":"https:\/\/unser-niedersaubach.de\/index.php?rest_route=\/wp\/v2\/posts\/5525\/revisions"}],"predecessor-version":[{"id":5842,"href":"https:\/\/unser-niedersaubach.de\/index.php?rest_route=\/wp\/v2\/posts\/5525\/revisions\/5842"}],"wp:attachment":[{"href":"https:\/\/unser-niedersaubach.de\/index.php?rest_route=%2Fwp%2Fv2%2Fmedia&parent=5525"}],"wp:term":[{"taxonomy":"category","embeddable":true,"href":"https:\/\/unser-niedersaubach.de\/index.php?rest_route=%2Fwp%2Fv2%2Fcategories&post=5525"},{"taxonomy":"post_tag","embeddable":true,"href":"https:\/\/unser-niedersaubach.de\/index.php?rest_route=%2Fwp%2Fv2%2Ftags&post=5525"}],"curies":[{"name":"wp","href":"https:\/\/api.w.org\/{rel}","templated":true}]}}