{"id":5602,"date":"2013-06-06T00:00:02","date_gmt":"2013-06-05T23:00:02","guid":{"rendered":"http:\/\/unser-niedersaubach.de\/?p=5602"},"modified":"2013-06-21T11:47:45","modified_gmt":"2013-06-21T10:47:45","slug":"antoniuskirmes","status":"publish","type":"post","link":"https:\/\/unser-niedersaubach.de\/?p=5602","title":{"rendered":"Antoniuskirmes"},"content":{"rendered":"<p><!--[if gte mso 9]><xml>\n<w:WordDocument>\n<w:View>Normal<\/w:View>\n<w:Zoom>0<\/w:Zoom>\n<w:HyphenationZone>21<\/w:HyphenationZone>\n<w:PunctuationKerning\/>\n<w:ValidateAgainstSchemas\/>\n<w:SaveIfXMLInvalid>false<\/w:SaveIfXMLInvalid>\n<w:IgnoreMixedContent>false<\/w:IgnoreMixedContent>\n<w:AlwaysShowPlaceholderText>false<\/w:AlwaysShowPlaceholderText>\n<w:Compatibility>\n<w:BreakWrappedTables\/>\n<w:SnapToGridInCell\/>\n<w:WrapTextWithPunct\/>\n<w:UseAsianBreakRules\/>\n<w:DontGrowAutofit\/>\n<\/w:Compatibility>\n<w:BrowserLevel>MicrosoftInternetExplorer4<\/w:BrowserLevel>\n<\/w:WordDocument>\n<\/xml><![endif]--><\/p>\n<p><!--[if gte mso 9]><xml>\n<w:LatentStyles DefLockedState=\"false\" LatentStyleCount=\"156\">\n<\/w:LatentStyles>\n<\/xml><![endif]--><!--[if gte mso 10]>\n\n\n\n<style>\n \/* Style Definitions *\/\n table.MsoNormalTable\n\t{mso-style-name:\"Normale Tabelle\";\n\tmso-tstyle-rowband-size:0;\n\tmso-tstyle-colband-size:0;\n\tmso-style-noshow:yes;\n\tmso-style-parent:\"\";\n\tmso-padding-alt:0cm 5.4pt 0cm 5.4pt;\n\tmso-para-margin:0cm;\n\tmso-para-margin-bottom:.0001pt;\n\tmso-pagination:widow-orphan;\n\tfont-size:10.0pt;\n\tfont-family:\"Times New Roman\";\n\tmso-ansi-language:#0400;\n\tmso-fareast-language:#0400;\n\tmso-bidi-language:#0400;}\n<\/style>\n\n<![endif]--><\/p>\n<h2 class=\"MsoNormal\"><span style=\"font-family: Arial;\">Vorank\u00fcndigung<\/span><\/h2>\n<p class=\"MsoNormal\" style=\"text-align: justify;\"><span style=\"font-family: Arial;\">\u00a0<\/span><\/p>\n<p class=\"MsoNormal\" style=\"text-align: justify;\"><span style=\"font-family: Arial; color: #000000;\">Am Sonntag, 16. Juni, werden wir die Kirmestradition, <strong><span style=\"color: #0000ff;\"><a title=\"Antoniuskirmes 2012\" href=\"http:\/\/unser-niedersaubach.de\/?p=4525\"><span style=\"color: #0000ff;\">die wir im letzten Jahr anl\u00e4sslich unserer 800-Jahrfeier zur\u00fcckgeholt hatten<\/span><\/a><\/span><\/strong>, wieder aufleben lassen.<\/span><\/p>\n<p class=\"MsoNormal\" style=\"text-align: justify;\"><span style=\"font-family: Arial; color: #000000;\">Best\u00e4rkt durch den lebendigen Kirmestag des letzten Jahres werden wir den Namenstag unserer Kapelle festlich begehen.<\/span><\/p>\n<p class=\"MsoNormal\" style=\"text-align: justify;\"><span style=\"font-family: Arial; color: #000000;\">Im Mittelpunkt der Festveranstaltung wird stehen, den Dorfgemeinschaftsplatz am Kalkofen, wo die alte Volksschule zwischen 1901 und 1965 betrieben wurde, nach dem 1. Volksschullehrer, den Niedersaubach und R\u00fcmmelbach gemeinsam eingestellt hatten, zu benennen. Peter Adam, der zuvor in Sinspelt (Eifel) t\u00e4tig war, unterrichtete zwischen 1901 und 1929 \u2013 in den meisten Jahren gleichzeitig \u2013 8 Jahrg\u00e4nge; in der Spitze z\u00e4hlte seine einklassige Volksschule an Ostern 1917 103 Sch\u00fclerinnen und Sch\u00fcler.<\/span><\/p>\n<p class=\"MsoNormal\" style=\"text-align: justify;\"><span style=\"font-family: Arial; color: #000000;\">\u00a0<\/span><\/p>\n<p class=\"MsoNormal\" style=\"text-align: justify;\"><strong><span style=\"font-family: Arial; color: #000000;\">Der Zeitplan f\u00fcr den Festtag sieht grob wie folgt aus:<\/span><\/strong><\/p>\n<p class=\"MsoNormal\" style=\"text-align: justify;\"><span style=\"font-family: Arial; color: #000000;\">\u00a0<\/span><\/p>\n<p class=\"MsoNormal\" style=\"text-align: justify;\"><span style=\"font-family: Arial; color: #000000;\"><strong>09.30 &#8211; 10.20 Uhr<\/strong><br \/>\nFestmesse, gestaltet von Pastor Meiser und Kantor Fr\u00f6hlich<\/span><\/p>\n<p class=\"MsoNormal\" style=\"text-align: justify;\"><span style=\"font-family: Arial; color: #000000;\"><strong>10.20 &#8211; 10.50 Uhr<\/strong><br \/>\nFestzug von der Kapelle zum Festplatz, begleitet durch den Fanfarenzug Hilbringen<\/span><\/p>\n<p class=\"MsoNormal\" style=\"text-align: justify;\"><span style=\"font-family: Arial; color: #000000;\"><strong>11.00 &#8211; 11.15 Uhr<\/strong><br \/>\nWidmung des Festplatzes als \u201ePeter-Adam-Platz\u201c durch Ortsvorsteher Schmidt unter Anteilnahme von Nachfahren der Familie Adam<\/span><\/p>\n<p class=\"MsoNormal\" style=\"text-align: justify;\"><span style=\"font-family: Arial; color: #000000;\"><strong>11.15 &#8211; 11.30 Uhr<\/strong><br \/>\nLaudatio auf Peter Adam durch Josef Heinrich <\/span><\/p>\n<p class=\"MsoNormal\" style=\"text-align: justify;\"><span style=\"font-family: Arial; color: #000000;\"><strong>11.40 &#8211; 12.00 Uhr<\/strong><br \/>\nFassanstich, anschlie\u00dfend Kirmestreiben<\/span><\/p>\n<div id=\"attachment_5604\" style=\"width: 557px\" class=\"wp-caption aligncenter\"><img loading=\"lazy\" decoding=\"async\" aria-describedby=\"caption-attachment-5604\" class=\" wp-image-5604    \" alt=\"Wird zuk\u00fcnftig Peter-Adam-Platz hei\u00dfen: der Dorfgemeinschaftsplatz am Kalkofen, Foto: Lothar Schmidt\" src=\"http:\/\/unser-niedersaubach.de\/wp-content\/uploads\/2013\/05\/Peter-Adam-Platz.jpg\" width=\"547\" height=\"410\" srcset=\"https:\/\/unser-niedersaubach.de\/wp-content\/uploads\/2013\/05\/Peter-Adam-Platz.jpg 2816w, https:\/\/unser-niedersaubach.de\/wp-content\/uploads\/2013\/05\/Peter-Adam-Platz-300x225.jpg 300w, https:\/\/unser-niedersaubach.de\/wp-content\/uploads\/2013\/05\/Peter-Adam-Platz-1024x768.jpg 1024w\" sizes=\"auto, (max-width: 547px) 100vw, 547px\" \/><p id=\"caption-attachment-5604\" class=\"wp-caption-text\">Wird zuk\u00fcnftig Peter-Adam-Platz hei\u00dfen: der Dorfgemeinschaftsplatz am Kalkofen, Foto: Lothar Schmidt<\/p><\/div>\n<p><span style=\"color: #000000;\">Wir freuen uns auf unsere Kirmes! Und laden Sie herzlich ein, zu uns nach Niedersaubach zu kommen!<br \/>\n<\/span><\/p>\n<p style=\"text-align: justify;\"><span style=\"color: #000000;\">Die Dorfgemeinschaft<\/span><\/p>\n","protected":false},"excerpt":{"rendered":"<p>Vorank\u00fcndigung \u00a0 Am Sonntag, 16. Juni, werden wir die Kirmestradition, die wir im letzten Jahr anl\u00e4sslich unserer 800-Jahrfeier zur\u00fcckgeholt hatten, wieder aufleben lassen. Best\u00e4rkt durch den lebendigen Kirmestag des letzten Jahres werden wir den Namenstag unserer Kapelle festlich begehen. Im &hellip; <a href=\"https:\/\/unser-niedersaubach.de\/?p=5602\">Weiterlesen <span class=\"meta-nav\">&rarr;<\/span><\/a><\/p>\n","protected":false},"author":2,"featured_media":5812,"comment_status":"open","ping_status":"open","sticky":false,"template":"","format":"gallery","meta":{"ngg_post_thumbnail":0,"footnotes":""},"categories":[13,72,71,59],"tags":[260,261],"class_list":["post-5602","post","type-post","status-publish","format-gallery","has-post-thumbnail","hentry","category-antoniuskapelle","category-dorfgemeinschaft","category-festveranstaltung","category-schule","tag-antoniuskirmes-2013","tag-peter-adam-platz","post_format-post-format-gallery"],"_links":{"self":[{"href":"https:\/\/unser-niedersaubach.de\/index.php?rest_route=\/wp\/v2\/posts\/5602","targetHints":{"allow":["GET"]}}],"collection":[{"href":"https:\/\/unser-niedersaubach.de\/index.php?rest_route=\/wp\/v2\/posts"}],"about":[{"href":"https:\/\/unser-niedersaubach.de\/index.php?rest_route=\/wp\/v2\/types\/post"}],"author":[{"embeddable":true,"href":"https:\/\/unser-niedersaubach.de\/index.php?rest_route=\/wp\/v2\/users\/2"}],"replies":[{"embeddable":true,"href":"https:\/\/unser-niedersaubach.de\/index.php?rest_route=%2Fwp%2Fv2%2Fcomments&post=5602"}],"version-history":[{"count":14,"href":"https:\/\/unser-niedersaubach.de\/index.php?rest_route=\/wp\/v2\/posts\/5602\/revisions"}],"predecessor-version":[{"id":5614,"href":"https:\/\/unser-niedersaubach.de\/index.php?rest_route=\/wp\/v2\/posts\/5602\/revisions\/5614"}],"wp:featuredmedia":[{"embeddable":true,"href":"https:\/\/unser-niedersaubach.de\/index.php?rest_route=\/wp\/v2\/media\/5812"}],"wp:attachment":[{"href":"https:\/\/unser-niedersaubach.de\/index.php?rest_route=%2Fwp%2Fv2%2Fmedia&parent=5602"}],"wp:term":[{"taxonomy":"category","embeddable":true,"href":"https:\/\/unser-niedersaubach.de\/index.php?rest_route=%2Fwp%2Fv2%2Fcategories&post=5602"},{"taxonomy":"post_tag","embeddable":true,"href":"https:\/\/unser-niedersaubach.de\/index.php?rest_route=%2Fwp%2Fv2%2Ftags&post=5602"}],"curies":[{"name":"wp","href":"https:\/\/api.w.org\/{rel}","templated":true}]}}