{"id":5819,"date":"2013-06-20T13:26:13","date_gmt":"2013-06-20T12:26:13","guid":{"rendered":"http:\/\/unser-niedersaubach.de\/?p=5819"},"modified":"2013-06-25T20:12:13","modified_gmt":"2013-06-25T19:12:13","slug":"seniorenverein","status":"publish","type":"post","link":"https:\/\/unser-niedersaubach.de\/?p=5819","title":{"rendered":"Seniorenverein"},"content":{"rendered":"<p style=\"text-align: justify;\"><span style=\"color: #000000;\">Manfred Mai war als Fotograf mit dem Seniorenverein unterwegs:<\/span><\/p>\n<p style=\"text-align: justify;\"><span style=\"color: #000000;\">am 9. Mai (Vatertag) rund ums Dorf und am 11. Juni auf einem Ausflug von Mettlach nach Saarburg.<\/span><\/p>\n<p style=\"text-align: justify;\"><span style=\"color: #000000;\">Er hat diese Ausfl\u00fcge in sch\u00f6nen Bildern dokumentiert.<\/span><\/p>\n<p style=\"text-align: justify;\"><span style=\"color: #000000;\">Zum Beweis, dass unsere Senioren nicht immer schon alt waren, hat er noch ein paar Bilder von Ausfl\u00fcgen in weit vergangenen Tagen hinzugef\u00fcgt.<\/span><\/p>\n<p style=\"text-align: justify;\"><span style=\"color: #000000;\">Hier die Fotoserie vom 11. Juni auf und an der Saar (rechts unten FS anklicken, um die Vollbildansicht zu bekommen)!<\/span><\/p>\n<p style=\"text-align: justify;\"><div class=\"flagallery phantom_skin\" id=\"FlaGallery_sc1_5\" ><style type=\"text\/css\" class=\"flagallery_skin_style_import\">#FlaGallery_sc1_5 .flagPhantom_ThumbContainer {width:200px; height:180px;}#FlaGallery_sc1_5 .flagPhantom_MobileView .flagPhantom_ThumbContainer {width:150px; height:135px;}#FlaGallery_sc1_5 .flagPhantom_Container {margin-left:auto;margin-right:auto;}#FlaGallery_sc1_5 .flagPhantom_ThumbContainer {margin:8px 0 0 8px;}#FlaGallery_sc1_5 .flagPhantom_ThumbContainer {padding:2px;}#FlaGallery_sc1_5 .flagPhantom_LabelBottom .flagPhantom_ThumbContainer {padding-bottom:36px;}#FlaGallery_sc1_5 .flagPhantom_ThumbContainer,#FlaGallery_sc1_5 .flagPhantom_LabelBottom .flagPhantom_ThumbLabel {background-color:#ffffff;}#FlaGallery_sc1_5 .flagPhantom_ThumbContainer .flagPhantom_Thumb {opacity:0.9;}#FlaGallery_sc1_5 .flagPhantom_ThumbContainer:hover .flagPhantom_Thumb {opacity:1;}#FlaGallery_sc1_5 .flagPhantom_ThumbContainer {border:1px solid #cccccc;}#FlaGallery_sc1_5 .flagPhantom_ThumbContainer {box-shadow:0 0 5px -2px #cccccc;}#FlaGallery_sc1_5 .flagPhantom_ThumbLabel {color:#0b0b0b;}#FlaGallery_sc1_5 .flagPhantom_ThumbLabel a {color:#3695E7;}#FlaGallery_sc1_5 .flagPhantom_LabelInside .flagPhantom_ThumbLabel,#FlaGallery_sc1_5 .flagPhantom_LabelHover .flagPhantom_ThumbLabel {color:#ffffff;}#FlaGallery_sc1_5 .flagPhantom_LabelInside .flagPhantom_ThumbLabel a,#FlaGallery_sc1_5 .flagPhantom_LabelHover .flagPhantom_ThumbLabel a,#FlaGallery_sc1_5 .flagPhantom_LabelInside .flagPhantom_ThumbLabel a:hover,#FlaGallery_sc1_5 .flagPhantom_LabelHover .flagPhantom_ThumbLabel a:hover {color:#e7e179;}<\/style> <div class=\"flagPhantom_Container noLightbox\" style=\"opacity:0\"> <h3>Seniorenfahrt 11. Juni 2013 Saarschleife<\/h3> <div class=\"flagPhantom_thumbsWrapper flagPhantom_ThumbScale flagPhantom_LabelHover\"> <\/div> <\/div> <script type=\"text\/javascript\"> jQuery(function(){ var settings = {\"maxheight\":\"0\",\"thumbCols\":\"0\",\"thumbRows\":\"0\",\"thumbsNavigation\":\"scroll\",\"bgColor\":\"#ffffff\",\"bgAlpha\":\"0\",\"thumbWidth\":\"200\",\"thumbHeight\":\"180\",\"thumbWidthMobile\":\"150\",\"thumbHeightMobile\":\"135\",\"thumbsSpacing\":\"8\",\"thumbsVerticalPadding\":\"4\",\"thumbsHorizontalPadding\":\"4\",\"thumbsAlign\":\"center\",\"thumbScale\":\"1\",\"thumbBG\":\"#ffffff\",\"thumbAlpha\":\"90\",\"thumbAlphaHover\":\"100\",\"thumbBorderSize\":\"1\",\"thumbBorderColor\":\"#cccccc\",\"thumbPadding\":\"2\",\"thumbsInfo\":\"label\",\"labelOnHover\":\"1\",\"labelTextColor\":\"#ffffff\",\"labelLinkColor\":\"#e7e179\",\"label8TextColor\":\"#0b0b0b\",\"label8LinkColor\":\"#3695E7\",\"tooltipTextColor\":\"#0b0b0b\",\"tooltipBgColor\":\"#ffffff\",\"tooltipStrokeColor\":\"#000000\",\"lightboxControlsColor\":\"#ffffff\",\"lightboxTitleColor\":\"#f3f3f3\",\"lightboxTextColor\":\"#f3f3f3\",\"lightboxBGColor\":\"#0b0b0b\",\"lightboxBGAlpha\":\"80\",\"socialShareEnabled\":\"1\",\"deepLinks\":\"1\",\"sidebarBGColor\":\"#ffffff\",\"lightbox800HideArrows\":\"0\",\"viewsEnabled\":\"1\",\"likesEnabled\":\"1\",\"thumb2link\":\"0\",\"show_title\":\"1\",\"initRPdelay\":\"200\",\"key\":\"\",\"name\":\"\",\"mfp_css\":\"\\r\\n#mfp_gm_sc1_5 .mfp-arrow-right:after,\\r\\n#mfp_gm_sc1_5 .mfp-arrow-right .mfp-a {border-left-color:#ffffff;}\\r\\n#mfp_gm_sc1_5 .mfp-arrow-left:after,\\r\\n#mfp_gm_sc1_5 .mfp-arrow-left .mfp-a {border-right-color:#ffffff;}\\r\\n#mfp_gm_sc1_5 .mfp-close,\\r\\n#mfp_gm_sc1_5 .mfp-likes,\\r\\n#mfp_gm_sc1_5 .mfp-share {color:#ffffff;}\\r\\n#mfp_gm_sc1_5 .mfp-preloader {background-color:#ffffff;}\\r\\n#mfp_gm_sc1_5 .flagPhantom_title,\\r\\n#mfp_gm_sc1_5 .mfp-counter {color:#f3f3f3;}\\r\\n#mfp_gm_sc1_5 .flagPhantom_text {color:#f3f3f3;}\\r\\n#mfp_gm_sc1_5_bg.mfp-bg {background-color:#0b0b0b;}\\r\\n#mfp_gm_sc1_5_bg.mfp-bg {opacity:0.8;}\\r\\n#mfp_gm_sc1_5_bg.mfp-zoom-in.mfp-bg {opacity:0}\\r\\n#mfp_gm_sc1_5_bg.mfp-zoom-in.mfp-ready.mfp-bg {opacity:0.8;}\\r\\n#mfp_gm_sc1_5_bg.mfp-zoom-in.mfp-removing.mfp-bg {opacity:0}\"}; jQuery('#FlaGallery_sc1_5').flagPhantom([settings]); }); <\/script><\/div><noscript id=\"noscript_FlaGallery_sc1_5\"><\/noscript><\/p>\n<p style=\"text-align: justify;\">Hier der Link zu den Fotos vom Vatertag 2013 (einfach das Startbild anklicken)!<\/p>\n<p style=\"text-align: justify;\"><a title=\"Vatertag 9. Mai 2013\" href=\"http:\/\/unser-niedersaubach.de\/?page_id=5675\"><img loading=\"lazy\" decoding=\"async\" class=\"aligncenter size-full wp-image-5681\" alt=\"100_5212\" src=\"http:\/\/unser-niedersaubach.de\/wp-content\/uploads\/2013\/05\/100_5212.jpg\" width=\"2848\" height=\"2144\" srcset=\"https:\/\/unser-niedersaubach.de\/wp-content\/uploads\/2013\/05\/100_5212.jpg 2848w, https:\/\/unser-niedersaubach.de\/wp-content\/uploads\/2013\/05\/100_5212-300x225.jpg 300w, https:\/\/unser-niedersaubach.de\/wp-content\/uploads\/2013\/05\/100_5212-1024x770.jpg 1024w\" sizes=\"auto, (max-width: 2848px) 100vw, 2848px\" \/><\/a><\/p>\n<p style=\"text-align: justify;\">Und hier die Bilder von vergangenen Ausfl\u00fcgen, als unsere Senioren noch jung waren (einfach die &#8222;Fingernagelbilder&#8220; anklicken, um zu den vergr\u00f6\u00dferten Bildern zu kommen)!<\/p>\n\n\t\t<style type=\"text\/css\">\n\t\t\t#gallery-1 {\n\t\t\t\tmargin: auto;\n\t\t\t}\n\t\t\t#gallery-1 .gallery-item {\n\t\t\t\tfloat: left;\n\t\t\t\tmargin-top: 10px;\n\t\t\t\ttext-align: center;\n\t\t\t\twidth: 33%;\n\t\t\t}\n\t\t\t#gallery-1 img {\n\t\t\t\tborder: 2px solid #cfcfcf;\n\t\t\t}\n\t\t\t#gallery-1 .gallery-caption {\n\t\t\t\tmargin-left: 0;\n\t\t\t}\n\t\t\t\/* see gallery_shortcode() in wp-includes\/media.php *\/\n\t\t<\/style>\n\t\t<div id='gallery-1' class='gallery galleryid-5819 gallery-columns-3 gallery-size-thumbnail'><dl class='gallery-item'>\n\t\t\t<dt class='gallery-icon landscape'>\n\t\t\t\t<a href='https:\/\/unser-niedersaubach.de\/?attachment_id=5821'><img loading=\"lazy\" decoding=\"async\" width=\"150\" height=\"150\" src=\"https:\/\/unser-niedersaubach.de\/wp-content\/uploads\/2013\/06\/17-150x150.jpg\" class=\"attachment-thumbnail size-thumbnail\" alt=\"\" \/><\/a>\n\t\t\t<\/dt><\/dl><dl class='gallery-item'>\n\t\t\t<dt class='gallery-icon landscape'>\n\t\t\t\t<a href='https:\/\/unser-niedersaubach.de\/?attachment_id=5822'><img loading=\"lazy\" decoding=\"async\" width=\"150\" height=\"150\" src=\"https:\/\/unser-niedersaubach.de\/wp-content\/uploads\/2013\/06\/20-150x150.jpg\" class=\"attachment-thumbnail size-thumbnail\" alt=\"\" \/><\/a>\n\t\t\t<\/dt><\/dl><dl class='gallery-item'>\n\t\t\t<dt class='gallery-icon landscape'>\n\t\t\t\t<a href='https:\/\/unser-niedersaubach.de\/?attachment_id=5823'><img loading=\"lazy\" decoding=\"async\" width=\"150\" height=\"150\" src=\"https:\/\/unser-niedersaubach.de\/wp-content\/uploads\/2013\/06\/21-150x150.jpg\" class=\"attachment-thumbnail size-thumbnail\" alt=\"\" \/><\/a>\n\t\t\t<\/dt><\/dl><br style=\"clear: both\" \/><dl class='gallery-item'>\n\t\t\t<dt class='gallery-icon landscape'>\n\t\t\t\t<a href='https:\/\/unser-niedersaubach.de\/?attachment_id=5824'><img loading=\"lazy\" decoding=\"async\" width=\"150\" height=\"150\" src=\"https:\/\/unser-niedersaubach.de\/wp-content\/uploads\/2013\/06\/23-150x150.jpg\" class=\"attachment-thumbnail size-thumbnail\" alt=\"\" \/><\/a>\n\t\t\t<\/dt><\/dl><dl class='gallery-item'>\n\t\t\t<dt class='gallery-icon landscape'>\n\t\t\t\t<a href='https:\/\/unser-niedersaubach.de\/?attachment_id=5825'><img loading=\"lazy\" decoding=\"async\" width=\"150\" height=\"150\" src=\"https:\/\/unser-niedersaubach.de\/wp-content\/uploads\/2013\/06\/24-150x150.jpg\" class=\"attachment-thumbnail size-thumbnail\" alt=\"\" \/><\/a>\n\t\t\t<\/dt><\/dl>\n\t\t\t<br style='clear: both' \/>\n\t\t<\/div>\n\n<p style=\"text-align: justify;\">L Sch<\/p>\n","protected":false},"excerpt":{"rendered":"<p>Manfred Mai war als Fotograf mit dem Seniorenverein unterwegs: am 9. Mai (Vatertag) rund ums Dorf und am 11. Juni auf einem Ausflug von Mettlach nach Saarburg. Er hat diese Ausfl\u00fcge in sch\u00f6nen Bildern dokumentiert. Zum Beweis, dass unsere Senioren &hellip; <a href=\"https:\/\/unser-niedersaubach.de\/?p=5819\">Weiterlesen <span class=\"meta-nav\">&rarr;<\/span><\/a><\/p>\n","protected":false},"author":2,"featured_media":5830,"comment_status":"open","ping_status":"open","sticky":false,"template":"","format":"gallery","meta":{"ngg_post_thumbnail":0,"footnotes":""},"categories":[72,132,12],"tags":[414],"class_list":["post-5819","post","type-post","status-publish","format-gallery","has-post-thumbnail","hentry","category-dorfgemeinschaft","category-veranstaltungen","category-vereine","tag-seniorenverein","post_format-post-format-gallery"],"_links":{"self":[{"href":"https:\/\/unser-niedersaubach.de\/index.php?rest_route=\/wp\/v2\/posts\/5819","targetHints":{"allow":["GET"]}}],"collection":[{"href":"https:\/\/unser-niedersaubach.de\/index.php?rest_route=\/wp\/v2\/posts"}],"about":[{"href":"https:\/\/unser-niedersaubach.de\/index.php?rest_route=\/wp\/v2\/types\/post"}],"author":[{"embeddable":true,"href":"https:\/\/unser-niedersaubach.de\/index.php?rest_route=\/wp\/v2\/users\/2"}],"replies":[{"embeddable":true,"href":"https:\/\/unser-niedersaubach.de\/index.php?rest_route=%2Fwp%2Fv2%2Fcomments&post=5819"}],"version-history":[{"count":8,"href":"https:\/\/unser-niedersaubach.de\/index.php?rest_route=\/wp\/v2\/posts\/5819\/revisions"}],"predecessor-version":[{"id":5828,"href":"https:\/\/unser-niedersaubach.de\/index.php?rest_route=\/wp\/v2\/posts\/5819\/revisions\/5828"}],"wp:featuredmedia":[{"embeddable":true,"href":"https:\/\/unser-niedersaubach.de\/index.php?rest_route=\/wp\/v2\/media\/5830"}],"wp:attachment":[{"href":"https:\/\/unser-niedersaubach.de\/index.php?rest_route=%2Fwp%2Fv2%2Fmedia&parent=5819"}],"wp:term":[{"taxonomy":"category","embeddable":true,"href":"https:\/\/unser-niedersaubach.de\/index.php?rest_route=%2Fwp%2Fv2%2Fcategories&post=5819"},{"taxonomy":"post_tag","embeddable":true,"href":"https:\/\/unser-niedersaubach.de\/index.php?rest_route=%2Fwp%2Fv2%2Ftags&post=5819"}],"curies":[{"name":"wp","href":"https:\/\/api.w.org\/{rel}","templated":true}]}}