{"id":5915,"date":"2013-06-25T20:23:32","date_gmt":"2013-06-25T19:23:32","guid":{"rendered":"http:\/\/unser-niedersaubach.de\/?p=5915"},"modified":"2013-08-21T14:09:20","modified_gmt":"2013-08-21T13:09:20","slug":"antoniuskirmes-2013-auf-youtube","status":"publish","type":"post","link":"https:\/\/unser-niedersaubach.de\/?p=5915","title":{"rendered":"Antoniuskirmes 2013 auf Youtube"},"content":{"rendered":"<p style=\"text-align: justify;\"><span style=\"color: #000000;\">Eine Enkelin namens Hoberg <\/span>und ein Enkel namens Adam von Peter Adam aus Opladen haben eine Videoaufnahme von der Antoniuskirmes gemacht, die wir bei Youtube anschauen k\u00f6nnen.<\/p>\n<p style=\"text-align: justify;\">Einmal ist festgehalten der Kirmesaufzug und die Einweihung des Peter-Adam-Platzes, zum anderen die Laudatio auf den Namensgeber Peter Adam.<\/p>\n<p style=\"text-align: justify;\"><em><span style=\"color: #ff0000;\">Die Startbilder einfach anklicken!<\/span><\/em><\/p>\n<p style=\"text-align: justify;\">Viel Spa\u00df! Und Danke an Frau Monika Hoberg und Herrn Max Adam! L. Sch.<\/p>\n<p><iframe loading=\"lazy\" src=\"http:\/\/www.youtube.com\/embed\/tWC991P6lVM?feature=player_detailpage\" height=\"360\" width=\"640\" allowfullscreen=\"\" frameborder=\"0\"><\/iframe><\/p>\n<p><iframe loading=\"lazy\" src=\"\/\/www.youtube.com\/embed\/hPflgOrnCTQ\" height=\"480\" width=\"640\" allowfullscreen=\"\" frameborder=\"0\"><\/iframe><\/p>\n<p>&nbsp;<\/p>\n<p style=\"text-align: justify;\"><span style=\"color: #000000;\">Ein Enkel von Peter Adam, Max Adam, hat uns noch diese Bilder geschickt, die vor allem die Familie Adam bei unserem Fest in den Mittelpunkt r\u00fccken.<\/span><\/p>\n<p style=\"text-align: justify;\"><div class=\"flagallery phantom_skin\" id=\"FlaGallery_sc1_9\" ><style type=\"text\/css\" class=\"flagallery_skin_style_import\">#FlaGallery_sc1_9 .flagPhantom_ThumbContainer {width:200px; height:180px;}#FlaGallery_sc1_9 .flagPhantom_MobileView .flagPhantom_ThumbContainer {width:150px; height:135px;}#FlaGallery_sc1_9 .flagPhantom_Container {margin-left:auto;margin-right:auto;}#FlaGallery_sc1_9 .flagPhantom_ThumbContainer {margin:8px 0 0 8px;}#FlaGallery_sc1_9 .flagPhantom_ThumbContainer {padding:2px;}#FlaGallery_sc1_9 .flagPhantom_LabelBottom .flagPhantom_ThumbContainer {padding-bottom:36px;}#FlaGallery_sc1_9 .flagPhantom_ThumbContainer,#FlaGallery_sc1_9 .flagPhantom_LabelBottom .flagPhantom_ThumbLabel {background-color:#ffffff;}#FlaGallery_sc1_9 .flagPhantom_ThumbContainer .flagPhantom_Thumb {opacity:0.9;}#FlaGallery_sc1_9 .flagPhantom_ThumbContainer:hover .flagPhantom_Thumb {opacity:1;}#FlaGallery_sc1_9 .flagPhantom_ThumbContainer {border:1px solid #cccccc;}#FlaGallery_sc1_9 .flagPhantom_ThumbContainer {box-shadow:0 0 5px -2px #cccccc;}#FlaGallery_sc1_9 .flagPhantom_ThumbLabel {color:#0b0b0b;}#FlaGallery_sc1_9 .flagPhantom_ThumbLabel a {color:#3695E7;}#FlaGallery_sc1_9 .flagPhantom_LabelInside .flagPhantom_ThumbLabel,#FlaGallery_sc1_9 .flagPhantom_LabelHover .flagPhantom_ThumbLabel {color:#ffffff;}#FlaGallery_sc1_9 .flagPhantom_LabelInside .flagPhantom_ThumbLabel a,#FlaGallery_sc1_9 .flagPhantom_LabelHover .flagPhantom_ThumbLabel a,#FlaGallery_sc1_9 .flagPhantom_LabelInside .flagPhantom_ThumbLabel a:hover,#FlaGallery_sc1_9 .flagPhantom_LabelHover .flagPhantom_ThumbLabel a:hover {color:#e7e179;}<\/style> <div class=\"flagPhantom_Container noLightbox\" style=\"opacity:0\"> <h3>Max Adam 16.06.2013<\/h3> <div class=\"flagPhantom_thumbsWrapper flagPhantom_ThumbScale flagPhantom_LabelHover\"> <\/div> <\/div> <script type=\"text\/javascript\"> jQuery(function(){ var settings = {\"maxheight\":\"0\",\"thumbCols\":\"0\",\"thumbRows\":\"0\",\"thumbsNavigation\":\"scroll\",\"bgColor\":\"#ffffff\",\"bgAlpha\":\"0\",\"thumbWidth\":\"200\",\"thumbHeight\":\"180\",\"thumbWidthMobile\":\"150\",\"thumbHeightMobile\":\"135\",\"thumbsSpacing\":\"8\",\"thumbsVerticalPadding\":\"4\",\"thumbsHorizontalPadding\":\"4\",\"thumbsAlign\":\"center\",\"thumbScale\":\"1\",\"thumbBG\":\"#ffffff\",\"thumbAlpha\":\"90\",\"thumbAlphaHover\":\"100\",\"thumbBorderSize\":\"1\",\"thumbBorderColor\":\"#cccccc\",\"thumbPadding\":\"2\",\"thumbsInfo\":\"label\",\"labelOnHover\":\"1\",\"labelTextColor\":\"#ffffff\",\"labelLinkColor\":\"#e7e179\",\"label8TextColor\":\"#0b0b0b\",\"label8LinkColor\":\"#3695E7\",\"tooltipTextColor\":\"#0b0b0b\",\"tooltipBgColor\":\"#ffffff\",\"tooltipStrokeColor\":\"#000000\",\"lightboxControlsColor\":\"#ffffff\",\"lightboxTitleColor\":\"#f3f3f3\",\"lightboxTextColor\":\"#f3f3f3\",\"lightboxBGColor\":\"#0b0b0b\",\"lightboxBGAlpha\":\"80\",\"socialShareEnabled\":\"1\",\"deepLinks\":\"1\",\"sidebarBGColor\":\"#ffffff\",\"lightbox800HideArrows\":\"0\",\"viewsEnabled\":\"1\",\"likesEnabled\":\"1\",\"thumb2link\":\"0\",\"show_title\":\"1\",\"initRPdelay\":\"200\",\"key\":\"\",\"name\":\"\",\"mfp_css\":\"\\r\\n#mfp_gm_sc1_9 .mfp-arrow-right:after,\\r\\n#mfp_gm_sc1_9 .mfp-arrow-right .mfp-a {border-left-color:#ffffff;}\\r\\n#mfp_gm_sc1_9 .mfp-arrow-left:after,\\r\\n#mfp_gm_sc1_9 .mfp-arrow-left .mfp-a {border-right-color:#ffffff;}\\r\\n#mfp_gm_sc1_9 .mfp-close,\\r\\n#mfp_gm_sc1_9 .mfp-likes,\\r\\n#mfp_gm_sc1_9 .mfp-share {color:#ffffff;}\\r\\n#mfp_gm_sc1_9 .mfp-preloader {background-color:#ffffff;}\\r\\n#mfp_gm_sc1_9 .flagPhantom_title,\\r\\n#mfp_gm_sc1_9 .mfp-counter {color:#f3f3f3;}\\r\\n#mfp_gm_sc1_9 .flagPhantom_text {color:#f3f3f3;}\\r\\n#mfp_gm_sc1_9_bg.mfp-bg {background-color:#0b0b0b;}\\r\\n#mfp_gm_sc1_9_bg.mfp-bg {opacity:0.8;}\\r\\n#mfp_gm_sc1_9_bg.mfp-zoom-in.mfp-bg {opacity:0}\\r\\n#mfp_gm_sc1_9_bg.mfp-zoom-in.mfp-ready.mfp-bg {opacity:0.8;}\\r\\n#mfp_gm_sc1_9_bg.mfp-zoom-in.mfp-removing.mfp-bg {opacity:0}\"}; jQuery('#FlaGallery_sc1_9').flagPhantom([settings]); }); <\/script><\/div><noscript id=\"noscript_FlaGallery_sc1_9\"><\/noscript><\/p>\n<h2 style=\"text-align: center;\"><span style=\"color: #0000ff;\">Und hier noch ein R\u00fcckblick<\/span><\/h2>\n<h2 style=\"text-align: center;\"><span style=\"color: #0000ff;\">von Ortsvorsteher Werner Schmidt:<\/span><\/h2>\n<h3><b>Unser Dorf feiert Kirmes bei Kaiserwetter<\/b><\/h3>\n<p style=\"text-align: justify;\">Nach der Premiere unserer Antoniuskirmes zum 800-Jahre-Jubil\u00e4um wurde die Idee geboren, dieses Fest wieder in unseren j\u00e4hrlichen Veranstaltungskanon aufzunehmen.<\/p>\n<p style=\"text-align: justify;\">Eingel\u00e4utet wurde die Patronatskirmes durch einen festlichen Gottesdienst in der \u00a0sch\u00f6n geschm\u00fcckten Antoniuskapelle, die unser langj\u00e4hriger Pastor Meiser mit dem Diakon zusammen zelebrierte. Unterst\u00fctzt wurden die beiden durch den Kantor J\u00fcrgen Fr\u00f6hlich mit seinem Kinderchor, der mit klaren Stimmen die Besucher erfreute. Unterst\u00fctzt wurden sie auch durch Kinder und Eltern, die den Gottesdienst mit Gebeten und einem rituellen Tanz bereicherten.<\/p>\n<p style=\"text-align: justify;\">Drau\u00dfen erwartete die Besucher bereits der Fanfarenzug Hilbringen, der den Festzug mit flotten Kl\u00e4ngen zum Kirmesplatz f\u00fchrte. Dieser idyllische Platz, auf dem die ehemalige Volksschule stand, l\u00e4dt unter m\u00e4chtigen Linden zum Verweilen ein. In einem Festakt widmete der Ortsvorsteher den Platz dem ersten Lehrer der Volksschule Peter Adam.<\/p>\n<div id=\"attachment_5926\" style=\"width: 411px\" class=\"wp-caption aligncenter\"><img loading=\"lazy\" decoding=\"async\" aria-describedby=\"caption-attachment-5926\" class=\"size-full wp-image-5926\" alt=\"W\u00fcrdigung von Peter Adam durch Lothar Schmidt\" src=\"http:\/\/unser-niedersaubach.de\/wp-content\/uploads\/2013\/06\/1-Laudation.jpg\" width=\"401\" height=\"563\" srcset=\"https:\/\/unser-niedersaubach.de\/wp-content\/uploads\/2013\/06\/1-Laudation.jpg 401w, https:\/\/unser-niedersaubach.de\/wp-content\/uploads\/2013\/06\/1-Laudation-213x300.jpg 213w\" sizes=\"auto, (max-width: 401px) 100vw, 401px\" \/><p id=\"caption-attachment-5926\" class=\"wp-caption-text\">W\u00fcrdigung von Peter Adam durch Lothar Schmidt<\/p><\/div>\n<p style=\"text-align: justify;\">In der anschlie\u00dfenden Laudatio w\u00fcrdigte Lothar Schmidt Leben und Wirken von Peter Adam in bewegenden Worten. Unter den G\u00e4sten waren auch viele seiner Nachfahren angereist. Einer der Nachfahren hatte den weiten Weg aus Leverkusen nicht gescheut.<\/p>\n<div id=\"attachment_5927\" style=\"width: 513px\" class=\"wp-caption aligncenter\"><img loading=\"lazy\" decoding=\"async\" aria-describedby=\"caption-attachment-5927\" class=\" wp-image-5927 \" alt=\"Fassanstich durch Bernd Hell\" src=\"http:\/\/unser-niedersaubach.de\/wp-content\/uploads\/2013\/06\/2-Fassanstich.jpg\" width=\"503\" height=\"461\" srcset=\"https:\/\/unser-niedersaubach.de\/wp-content\/uploads\/2013\/06\/2-Fassanstich.jpg 838w, https:\/\/unser-niedersaubach.de\/wp-content\/uploads\/2013\/06\/2-Fassanstich-300x274.jpg 300w\" sizes=\"auto, (max-width: 503px) 100vw, 503px\" \/><p id=\"caption-attachment-5927\" class=\"wp-caption-text\">Fassanstich durch Bernd Hell<\/p><\/div>\n<p style=\"text-align: justify;\">Nachdem Bernd Hell, ein F\u00f6rderer unseres Dorfes, das obligatorische Fass angeschlagen hatte, verteilten sich die Besucher um den Pavillon, im Festzelt oder unter den schattigen Linden, w\u00e4hrend die Kinder die H\u00fcpfburgen st\u00fcrmten.<\/p>\n<p style=\"text-align: justify;\">Die G\u00e4ste, die sich sichtlich wohl f\u00fchlten, wurden von bew\u00e4hrten Helfern bestens zu gewohnt sozialen Preisen bewirtet. Bald breitete sich auf dem Platz der Duft von allerlei Gegrilltem, Frittiertem und Gebackenem aus. Viele suchten auch den Weg ins Clubheim, wo der Seniorenverein selbstgebackenen Kuchen servierte.<\/p>\n<div id=\"attachment_5928\" style=\"width: 554px\" class=\"wp-caption aligncenter\"><img loading=\"lazy\" decoding=\"async\" aria-describedby=\"caption-attachment-5928\" class=\" wp-image-5928  \" alt=\"Kirmestreiben am Pavillon\" src=\"http:\/\/unser-niedersaubach.de\/wp-content\/uploads\/2013\/06\/3-Am-Pavillon.jpg\" width=\"544\" height=\"233\" srcset=\"https:\/\/unser-niedersaubach.de\/wp-content\/uploads\/2013\/06\/3-Am-Pavillon.jpg 1007w, https:\/\/unser-niedersaubach.de\/wp-content\/uploads\/2013\/06\/3-Am-Pavillon-300x128.jpg 300w\" sizes=\"auto, (max-width: 544px) 100vw, 544px\" \/><p id=\"caption-attachment-5928\" class=\"wp-caption-text\">Kirmestreiben am Pavillon<\/p><\/div>\n<p style=\"text-align: justify;\">Auf dem Festplatz und beim Clubheim waren neben H\u00fcpfburgen und Kinderkarussell noch einige Spielstationen aufgebaut, die regen Zuspruch von den kleinen G\u00e4sten fanden.<\/p>\n<div id=\"attachment_5929\" style=\"width: 572px\" class=\"wp-caption aligncenter\"><img loading=\"lazy\" decoding=\"async\" aria-describedby=\"caption-attachment-5929\" class=\" wp-image-5929 \" alt=\"Wieder sehr beliebt: der Leierkasten\" src=\"http:\/\/unser-niedersaubach.de\/wp-content\/uploads\/2013\/06\/4-Leierkasten.jpg\" width=\"562\" height=\"398\" srcset=\"https:\/\/unser-niedersaubach.de\/wp-content\/uploads\/2013\/06\/4-Leierkasten.jpg 936w, https:\/\/unser-niedersaubach.de\/wp-content\/uploads\/2013\/06\/4-Leierkasten-300x212.jpg 300w\" sizes=\"auto, (max-width: 562px) 100vw, 562px\" \/><p id=\"caption-attachment-5929\" class=\"wp-caption-text\">Wieder sehr beliebt: der Leierkasten<\/p><\/div>\n<p>\u00dcber den ganzen Tag bis sp\u00e4t in die Nacht mochten viele G\u00e4ste den wundersch\u00f6nen Platz nicht verlassen. Die Heimkehr traten die meisten nicht an, ohne vorher den Organisatoren zu versichern, dass es ein tolles Fest war und sie mit Sicherheit gerne zur 3. Kirmes kommen werden.<\/p>\n","protected":false},"excerpt":{"rendered":"<p>Eine Enkelin namens Hoberg und ein Enkel namens Adam von Peter Adam aus Opladen haben eine Videoaufnahme von der Antoniuskirmes gemacht, die wir bei Youtube anschauen k\u00f6nnen. Einmal ist festgehalten der Kirmesaufzug und die Einweihung des Peter-Adam-Platzes, zum anderen die &hellip; <a href=\"https:\/\/unser-niedersaubach.de\/?p=5915\">Weiterlesen <span class=\"meta-nav\">&rarr;<\/span><\/a><\/p>\n","protected":false},"author":2,"featured_media":5918,"comment_status":"open","ping_status":"open","sticky":false,"template":"","format":"gallery","meta":{"ngg_post_thumbnail":0,"footnotes":""},"categories":[13,72,145,71,129,132,78],"tags":[206,271,261],"class_list":["post-5915","post","type-post","status-publish","format-gallery","has-post-thumbnail","hentry","category-antoniuskapelle","category-dorfgemeinschaft","category-familien","category-festveranstaltung","category-kulturprogramm","category-veranstaltungen","category-video","tag-antoniuskirmes","tag-familie-adam","tag-peter-adam-platz","post_format-post-format-gallery"],"_links":{"self":[{"href":"https:\/\/unser-niedersaubach.de\/index.php?rest_route=\/wp\/v2\/posts\/5915","targetHints":{"allow":["GET"]}}],"collection":[{"href":"https:\/\/unser-niedersaubach.de\/index.php?rest_route=\/wp\/v2\/posts"}],"about":[{"href":"https:\/\/unser-niedersaubach.de\/index.php?rest_route=\/wp\/v2\/types\/post"}],"author":[{"embeddable":true,"href":"https:\/\/unser-niedersaubach.de\/index.php?rest_route=\/wp\/v2\/users\/2"}],"replies":[{"embeddable":true,"href":"https:\/\/unser-niedersaubach.de\/index.php?rest_route=%2Fwp%2Fv2%2Fcomments&post=5915"}],"version-history":[{"count":16,"href":"https:\/\/unser-niedersaubach.de\/index.php?rest_route=\/wp\/v2\/posts\/5915\/revisions"}],"predecessor-version":[{"id":6152,"href":"https:\/\/unser-niedersaubach.de\/index.php?rest_route=\/wp\/v2\/posts\/5915\/revisions\/6152"}],"wp:featuredmedia":[{"embeddable":true,"href":"https:\/\/unser-niedersaubach.de\/index.php?rest_route=\/wp\/v2\/media\/5918"}],"wp:attachment":[{"href":"https:\/\/unser-niedersaubach.de\/index.php?rest_route=%2Fwp%2Fv2%2Fmedia&parent=5915"}],"wp:term":[{"taxonomy":"category","embeddable":true,"href":"https:\/\/unser-niedersaubach.de\/index.php?rest_route=%2Fwp%2Fv2%2Fcategories&post=5915"},{"taxonomy":"post_tag","embeddable":true,"href":"https:\/\/unser-niedersaubach.de\/index.php?rest_route=%2Fwp%2Fv2%2Ftags&post=5915"}],"curies":[{"name":"wp","href":"https:\/\/api.w.org\/{rel}","templated":true}]}}