{"id":6029,"date":"2013-07-02T15:31:17","date_gmt":"2013-07-02T14:31:17","guid":{"rendered":"http:\/\/unser-niedersaubach.de\/?p=6029"},"modified":"2020-12-20T20:04:45","modified_gmt":"2020-12-20T19:04:45","slug":"arbeitseinsatz-fur-den-volksbund-in-sandweiler-luxemburg","status":"publish","type":"post","link":"https:\/\/unser-niedersaubach.de\/?p=6029","title":{"rendered":"Arbeitseinsatz f\u00fcr den Volksbund in Sandweiler (Luxemburg)"},"content":{"rendered":"<p><!-- [if gte mso 9]><xml>\n<w:WordDocument>\n<w:View>Normal<\/w:View>\n<w:Zoom>0<\/w:Zoom>\n<w:HyphenationZone>21<\/w:HyphenationZone>\n<w:PunctuationKerning\/>\n<w:ValidateAgainstSchemas\/>\n<w:SaveIfXMLInvalid>false<\/w:SaveIfXMLInvalid>\n<w:IgnoreMixedContent>false<\/w:IgnoreMixedContent>\n<w:AlwaysShowPlaceholderText>false<\/w:AlwaysShowPlaceholderText>\n<w:Compatibility>\n<w:BreakWrappedTables\/>\n<w:SnapToGridInCell\/>\n<w:WrapTextWithPunct\/>\n<w:UseAsianBreakRules\/>\n<w:DontGrowAutofit\/>\n<\/w:Compatibility>\n<w:BrowserLevel>MicrosoftInternetExplorer4<\/w:BrowserLevel>\n<\/w:WordDocument>\n<\/xml><![endif]--><\/p>\n<p style=\"font-family: Arial;\"><!-- [if gte mso 9]><xml>\n<w:LatentStyles DefLockedState=\"false\" LatentStyleCount=\"156\">\n<\/w:LatentStyles>\n<\/xml><![endif]--><!-- [if gte mso 10]>\n\n\n\n<style>\n \/* Style Definitions *\/\n table.MsoNormalTable\n\t{mso-style-name:\"Normale Tabelle\";\n\tmso-tstyle-rowband-size:0;\n\tmso-tstyle-colband-size:0;\n\tmso-style-noshow:yes;\n\tmso-style-parent:\"\";\n\tmso-padding-alt:0cm 5.4pt 0cm 5.4pt;\n\tmso-para-margin:0cm;\n\tmso-para-margin-bottom:.0001pt;\n\tmso-pagination:widow-orphan;\n\tfont-size:10.0pt;\n\tfont-family:\"Times New Roman\";\n\tmso-ansi-language:#0400;\n\tmso-fareast-language:#0400;\n\tmso-bidi-language:#0400;}\n<\/style>\n\n<![endif]--><\/p>\n<p class=\"MsoNormal\" style=\"text-align: justify;\"><span style=\"font-family: Arial; color: #000000;\">Vielleicht hat man schon mal davon geh\u00f6rt. Zwischen dem 6. Dezember 1944 und dem 25. Januar 1945 b\u00e4umte sich die Wehrmacht ein letztes Mal in einer Gro\u00dfoffensive gegen den Vormarsch der amerikanischen und britischen Verb\u00e4nde an der Westfront auf. In einem 100 km langen Korridor wurden zwischen Monschau und Echternach 41 Divisionen (das waren zuletzt noch ca. 250.000 Soldaten) unter dem Oberbefehl von General Rundstedt zusammengezogen, um durch eine erneute Ardennenoffensive bis zur Maas und dar\u00fcber hinaus bis nach Antwerpen vorzusto\u00dfen; die Wehrmacht wollte dadurch den alliierten Nachschub empfindlich treffen.<\/span><\/p>\n<div id=\"attachment_6031\" style=\"width: 650px\" class=\"wp-caption aligncenter\"><img loading=\"lazy\" decoding=\"async\" aria-describedby=\"caption-attachment-6031\" class=\"size-large wp-image-6031\" src=\"http:\/\/unser-niedersaubach.de\/wp-content\/uploads\/2013\/07\/Sandweiler-1024x680.jpg\" alt=\"Sandweiler\" width=\"640\" height=\"425\" srcset=\"https:\/\/unser-niedersaubach.de\/wp-content\/uploads\/2013\/07\/Sandweiler-1024x680.jpg 1024w, https:\/\/unser-niedersaubach.de\/wp-content\/uploads\/2013\/07\/Sandweiler-300x199.jpg 300w\" sizes=\"auto, (max-width: 640px) 100vw, 640px\" \/><p id=\"caption-attachment-6031\" class=\"wp-caption-text\">Peter R\u00fcck, Joachim Gross, Bernhard Huwer, Alfred Scherer, Klaus Wenske, Dieter Pfeifer, Leo Willms und Lothar Schmidt in Sandweiler (27.-29.06.2013), Foto: Willms<\/p><\/div>\n<p class=\"MsoNormal\" style=\"text-align: justify;\"><span style=\"font-family: Arial; color: #000000;\">Weil die deutschen Streitkr\u00e4fte keine geregelten Kommunikationsstrukturen mehr hatten (die Briten hatten den deutschen Code zur Verschl\u00fcsselung von geheimen Nachrichten geknackt), geriet das Unternehmen zu einem Fiasko, das sowohl auf amerikanischer wie auf deutscher Seite gro\u00dfe Opfer an Menschenleben forderte; jeweils fast 20.000 Soldaten fielen \u00fcber die Weihnachtstage 1944 in den bitter kalten, tief verschneiten Ardennen auf beiden Seiten.<\/span><\/p>\n<p class=\"MsoNormal\" style=\"text-align: justify;\"><span style=\"font-family: Arial; color: #000000;\">Die Amerikaner fingen bereits noch w\u00e4hrend der Kampfhandlungen an, die Gefallenen auf gro\u00dfen Sammelfriedh\u00f6fen \u00f6stlich der Stadt Luxemburg zu beerdigen: die deutschen Soldaten in Sandweiler und in Sichtweite gegen\u00fcber, etwa 1 km entfernt, die amerikanischen Soldaten in Hamm.<\/span><\/p>\n<p class=\"MsoNormal\" style=\"text-align: justify;\"><span style=\"font-family: Arial; color: #000000;\">Durch Umbettungen wurden die beiden Friedh\u00f6fe in den folgenden Jahren weiter vergr\u00f6\u00dfert: In Sandweiler liegen nun fast 11.000 deutsche Soldaten begraben, in Hamm \u00fcber 5.000 amerikanische.<\/span><\/p>\n<p class=\"MsoNormal\" style=\"text-align: justify;\"><span style=\"font-family: Arial; color: #000000;\">Wie schon in den Vorjahren hat sich eine Lebacher Arbeitsgruppe (aus Aschbach, Lebach, Niedersaubach und Gresaubach) dem Volksbund zur Verf\u00fcgung gestellt, um einen deutschen Soldatenfriedhof zu pflegen; in diesem Jahr wurde sie nach Sandweiler geschickt, um einen festen Unterstand f\u00fcr die Pflegefahrzeuge und \u2013ger\u00e4te zu bauen \u2013 zur vollsten Zufriedenheit des Pflegedienstleiters aus Fresnes, Jean-Marie Baltzinger. Im Herbst wird man noch einmal dorthin fahren, um ein Eingangstor zu reparieren.<\/span><\/p>\n<p class=\"MsoNormal\" style=\"text-align: justify;\"><span style=\"font-family: Arial; color: #000000;\">Etwas bedr\u00fcckt waren die Lebacher schon, als sie den amerikanischen Soldatenfriedhof gegen\u00fcber besuchten. Man traut seinen Augen nicht, wenn man die Pracht sieht, mit der die amerikanischen Gr\u00e4ber gepflegt werden. Die Kreuze und Davidsterne sind aus poliertem Marmor, und ein Heer von G\u00e4rtnern schneidet buchst\u00e4blich mit kleinen \u201eNagelscheren\u201c das Gras um die blitzblanken Grabsteine. Da wirkt ein deutscher Soldatenfriedhof wie der in Sandweiler, obwohl vom Volksbund mit allen zur Verf\u00fcgung stehenden Mitteln erhalten, doch eher trist und dem Zahn der Zeit hilflos ausgeliefert.<\/span><\/p>\n<div id=\"attachment_6032\" style=\"width: 650px\" class=\"wp-caption aligncenter\"><img loading=\"lazy\" decoding=\"async\" aria-describedby=\"caption-attachment-6032\" class=\"size-large wp-image-6032\" src=\"http:\/\/unser-niedersaubach.de\/wp-content\/uploads\/2013\/07\/Hamm2-1024x722.jpg\" alt=\"Hamm2\" width=\"640\" height=\"451\" srcset=\"https:\/\/unser-niedersaubach.de\/wp-content\/uploads\/2013\/07\/Hamm2-1024x722.jpg 1024w, https:\/\/unser-niedersaubach.de\/wp-content\/uploads\/2013\/07\/Hamm2-300x211.jpg 300w, https:\/\/unser-niedersaubach.de\/wp-content\/uploads\/2013\/07\/Hamm2.jpg 1418w\" sizes=\"auto, (max-width: 640px) 100vw, 640px\" \/><p id=\"caption-attachment-6032\" class=\"wp-caption-text\">Pr\u00e4chtig gepflegte amerikanische Soldatengr\u00e4ber in Hamm (Luxemburg), Foto: Willms<\/p><\/div>\n<p class=\"MsoNormal\" style=\"text-align: justify;\"><span style=\"font-family: Arial; color: #000000;\">Man kann nur hoffen, dass Deutschland seine Verantwortung f\u00fcr die armen Teufel, die da begraben liegen, nicht v\u00f6llig vergisst und dem Volksbund ausreichend Mittel zur Verf\u00fcgung stellt, die Gr\u00e4ber in einem w\u00fcrdigen Zustand zu halten. Die Amerikaner jedenfalls vergessen ihre gefallenen S\u00f6hne fern der Heimat nicht \u2013 ganz im Gegenteil.<br><\/span><\/p>\n<p class=\"MsoNormal\" style=\"text-align: justify;\"><span style=\"font-family: Arial;\"><span style=\"color: #000000;\">Im n\u00e4chsten Jahr wollen die Lebacher anl\u00e4sslich des 100. Jahrestages des Ausbruchs des 1. Weltkriegs auf dem deutschen Soldatenfriedhof in Consenvoye (im Departement Maas n\u00f6rdlich von Verdun) arbeiten; dort liegen 2 Niedersaubacher Freunde, Johann Heinrich und Johann Schmidt, ganz nah beieinander begraben. Ihnen soll 2014 der Arbeitseinsatz gewidmet sein. <\/span><\/span><\/p>\n<p class=\"MsoNormal\" style=\"text-align: justify;\"><span style=\"font-family: Arial;\"><span style=\"color: #000000;\">Hintergrundinformationen hierzu findet man f\u00fcr <strong><span style=\"color: #0000ff;\"><a title=\"Johann Heinrich\" href=\"http:\/\/unser-niedersaubach.de\/?page_id=2946\"><span style=\"color: #0000ff;\">Johann Heinrich hier (einfach anklicken)<\/span><\/a><\/span><\/strong> und f\u00fcr <a title=\"Johann Schmidt (Schmitt)\" href=\"http:\/\/unser-niedersaubach.de\/?page_id=2984\"><strong><span style=\"color: #0000ff;\">Johann Schmidt hier (einfach anklicken)<\/span><\/strong><\/a>!<\/span> <\/span><\/p>\n<p class=\"MsoNormal\" style=\"text-align: justify;\">L. Sch.<\/p>\n<p class=\"MsoNormal\" style=\"text-align: justify;\">Diese Fotogalerie stammt von Leo Willms (Aschbach) und wurde aufgenommen in Alzingen, Sandweiler und Hamm vom 27. bis zum 29. Juni 2013.<\/p>\n<p class=\"MsoNormal\" style=\"text-align: justify;\">&nbsp;<\/p>\n\n\nngg_shortcode_0_placeholder\n","protected":false},"excerpt":{"rendered":"<p>Vielleicht hat man schon mal davon geh\u00f6rt. Zwischen dem 6. Dezember 1944 und dem 25. Januar 1945 b\u00e4umte sich die Wehrmacht ein letztes Mal in einer Gro\u00dfoffensive gegen den Vormarsch der amerikanischen und britischen Verb\u00e4nde an der Westfront auf. In &hellip; <a href=\"https:\/\/unser-niedersaubach.de\/?p=6029\">Weiterlesen <span class=\"meta-nav\">&rarr;<\/span><\/a><\/p>\n","protected":false},"author":2,"featured_media":6031,"comment_status":"open","ping_status":"open","sticky":false,"template":"","format":"gallery","meta":{"ngg_post_thumbnail":0,"footnotes":""},"categories":[66,145,25,122,165],"tags":[274,275,276,273,272],"class_list":["post-6029","post","type-post","status-publish","format-gallery","has-post-thumbnail","hentry","category-bilder","category-familien","category-gefallene","category-in-der-fremde","category-krieg","tag-johann-heinrich","tag-johann-schmidt","tag-johann-schmitt","tag-kriegsgraberpflege","tag-volksbund","post_format-post-format-gallery"],"_links":{"self":[{"href":"https:\/\/unser-niedersaubach.de\/index.php?rest_route=\/wp\/v2\/posts\/6029","targetHints":{"allow":["GET"]}}],"collection":[{"href":"https:\/\/unser-niedersaubach.de\/index.php?rest_route=\/wp\/v2\/posts"}],"about":[{"href":"https:\/\/unser-niedersaubach.de\/index.php?rest_route=\/wp\/v2\/types\/post"}],"author":[{"embeddable":true,"href":"https:\/\/unser-niedersaubach.de\/index.php?rest_route=\/wp\/v2\/users\/2"}],"replies":[{"embeddable":true,"href":"https:\/\/unser-niedersaubach.de\/index.php?rest_route=%2Fwp%2Fv2%2Fcomments&post=6029"}],"version-history":[{"count":6,"href":"https:\/\/unser-niedersaubach.de\/index.php?rest_route=\/wp\/v2\/posts\/6029\/revisions"}],"predecessor-version":[{"id":8584,"href":"https:\/\/unser-niedersaubach.de\/index.php?rest_route=\/wp\/v2\/posts\/6029\/revisions\/8584"}],"wp:featuredmedia":[{"embeddable":true,"href":"https:\/\/unser-niedersaubach.de\/index.php?rest_route=\/wp\/v2\/media\/6031"}],"wp:attachment":[{"href":"https:\/\/unser-niedersaubach.de\/index.php?rest_route=%2Fwp%2Fv2%2Fmedia&parent=6029"}],"wp:term":[{"taxonomy":"category","embeddable":true,"href":"https:\/\/unser-niedersaubach.de\/index.php?rest_route=%2Fwp%2Fv2%2Fcategories&post=6029"},{"taxonomy":"post_tag","embeddable":true,"href":"https:\/\/unser-niedersaubach.de\/index.php?rest_route=%2Fwp%2Fv2%2Ftags&post=6029"}],"curies":[{"name":"wp","href":"https:\/\/api.w.org\/{rel}","templated":true}]}}