{"id":6048,"date":"2013-07-18T08:00:30","date_gmt":"2013-07-18T07:00:30","guid":{"rendered":"http:\/\/unser-niedersaubach.de\/?p=6048"},"modified":"2013-07-25T13:45:54","modified_gmt":"2013-07-25T12:45:54","slug":"ukrainische-folklore","status":"publish","type":"post","link":"https:\/\/unser-niedersaubach.de\/?p=6048","title":{"rendered":"Ukrainische Folklore"},"content":{"rendered":"<p><!--[if gte mso 9]><xml>\n<w:WordDocument>\n<w:View>Normal<\/w:View>\n<w:Zoom>0<\/w:Zoom>\n<w:HyphenationZone>21<\/w:HyphenationZone>\n<w:PunctuationKerning\/>\n<w:ValidateAgainstSchemas\/>\n<w:SaveIfXMLInvalid>false<\/w:SaveIfXMLInvalid>\n<w:IgnoreMixedContent>false<\/w:IgnoreMixedContent>\n<w:AlwaysShowPlaceholderText>false<\/w:AlwaysShowPlaceholderText>\n<w:Compatibility>\n<w:BreakWrappedTables\/>\n<w:SnapToGridInCell\/>\n<w:WrapTextWithPunct\/>\n<w:UseAsianBreakRules\/>\n<w:DontGrowAutofit\/>\n<\/w:Compatibility>\n<\/w:WordDocument>\n<\/xml><![endif]--><\/p>\n<p><!--[if gte mso 9]><xml>\n<w:LatentStyles DefLockedState=\"false\" LatentStyleCount=\"156\">\n<\/w:LatentStyles>\n<\/xml><![endif]--><!--[if gte mso 10]>\n\n\n\n<style>\n \/* Style Definitions *\/\n table.MsoNormalTable\n\t{mso-style-name:\"Normale Tabelle\";\n\tmso-tstyle-rowband-size:0;\n\tmso-tstyle-colband-size:0;\n\tmso-style-noshow:yes;\n\tmso-style-parent:\"\";\n\tmso-padding-alt:0cm 5.4pt 0cm 5.4pt;\n\tmso-para-margin:0cm;\n\tmso-para-margin-bottom:.0001pt;\n\tmso-pagination:widow-orphan;\n\tfont-size:10.0pt;\n\tfont-family:\"Times New Roman\";\n\tmso-ansi-language:#0400;\n\tmso-fareast-language:#0400;\n\tmso-bidi-language:#0400;}\n<\/style>\n\n<![endif]--><\/p>\n<h2 class=\"MsoNormal\" style=\"text-align: center;\" align=\"center\"><b style=\"mso-bidi-font-weight: normal;\"><span style=\"mso-bidi-font-size: 14.0pt; line-height: 115%;\">Ukrainisches Ensemble \u201eSbrutsch\u201c zu Gast am 20. Juli, 19.00 Uhr,<br \/>\nin der Antoniushalle<\/span><\/b><\/h2>\n<p class=\"MsoNormal\" style=\"text-align: justify;\"><span style=\"line-height: 115%; color: #000000;\">Wir d\u00fcrfen \u201eSbrutsch\u201c mit neuem Programm in unserer Festhalle begr\u00fc\u00dfen. Gerne erinnern wir uns an ihren ersten Auftritt vor zwei Jahren. <\/span><\/p>\n<div id=\"attachment_6049\" style=\"width: 586px\" class=\"wp-caption aligncenter\"><img loading=\"lazy\" decoding=\"async\" aria-describedby=\"caption-attachment-6049\" class=\" wp-image-6049 \" alt=\"Sbrutsch zu Gast in Niedersaubach, Foto: Werner Schmidt\" src=\"http:\/\/unser-niedersaubach.de\/wp-content\/uploads\/2013\/07\/Sbrutsch-2-724x1024.jpg\" width=\"576\" height=\"815\" srcset=\"https:\/\/unser-niedersaubach.de\/wp-content\/uploads\/2013\/07\/Sbrutsch-2-724x1024.jpg 724w, https:\/\/unser-niedersaubach.de\/wp-content\/uploads\/2013\/07\/Sbrutsch-2-212x300.jpg 212w, https:\/\/unser-niedersaubach.de\/wp-content\/uploads\/2013\/07\/Sbrutsch-2.jpg 800w\" sizes=\"auto, (max-width: 576px) 100vw, 576px\" \/><p id=\"caption-attachment-6049\" class=\"wp-caption-text\">Sbrutsch zu Gast in Niedersaubach, Fotos: Werner Schmidt<\/p><\/div>\n<p class=\"MsoNormal\" style=\"text-align: justify;\"><span style=\"line-height: 115%; color: #000000;\">Mit religi\u00f6ser und klassischer Musik entf\u00fchrten die K\u00fcnstler ihre G\u00e4ste zun\u00e4chst in die ukrainische Klangwelt und rissen die Zuh\u00f6rer immer wieder zu begeistertem Applaus hin. <\/span><\/p>\n<p class=\"MsoNormal\" style=\"text-align: justify;\"><span style=\"line-height: 115%; color: #000000;\">Nicht minder anspruchsvoll wirbelten die T\u00e4nzerinnen anmutig in ihren landestypischen Gew\u00e4ndern \u00fcbers Parkett, w\u00e4hrend der T\u00e4nzer immer wieder mit akrobatischen Einlagen gl\u00e4nzte. <\/span><\/p>\n<p class=\"MsoNormal\" style=\"text-align: justify;\"><span style=\"line-height: 115%;\">Ob im M\u00e4nnerquartett a capella oder mit solistischen Vortr\u00e4gen der Sopranistin, ob im gemeinsamen Chor mit Instrumentalbegleitung, ob auf dem Parkett, immer wartete man mit neuen Facetten und Ideen auf, die die Konzertbesucher stets erneut in Erstaunen und Bewunderung versetzten.<\/span><\/p>\n<p class=\"MsoNormal\" style=\"text-align: center;\"><img loading=\"lazy\" decoding=\"async\" class=\"aligncenter  wp-image-6050\" alt=\"Sbrutsch-1\" src=\"http:\/\/unser-niedersaubach.de\/wp-content\/uploads\/2013\/07\/Sbrutsch-1-880x1024.jpg\" width=\"576\" height=\"670\" srcset=\"https:\/\/unser-niedersaubach.de\/wp-content\/uploads\/2013\/07\/Sbrutsch-1-880x1024.jpg 880w, https:\/\/unser-niedersaubach.de\/wp-content\/uploads\/2013\/07\/Sbrutsch-1-257x300.jpg 257w, https:\/\/unser-niedersaubach.de\/wp-content\/uploads\/2013\/07\/Sbrutsch-1.jpg 1065w\" sizes=\"auto, (max-width: 576px) 100vw, 576px\" \/><\/p>\n<p class=\"MsoNormal\" style=\"text-align: justify;\"><span style=\"line-height: 115%;\">Auch in diesem Jahr werden wir sicherlich<\/span><span style=\"line-height: 115%; color: #000000;\"> wieder ein Feuerwerk ukrainischer Musik, T\u00e4nze und \u00dcberraschungen erleben.<\/span><\/p>\n<p><span style=\"font-size: 12pt; line-height: 115%; font-family: Arial; color: #000000;\"> Der Eintritt ist frei \u2013 Freiwillige Spende erbeten!<\/span><\/p>\n<p><span style=\"color: #000000;\">Werner Schmidt<\/span><\/p>\n<p>&nbsp;<\/p>\n<p>P.S.:<\/p>\n<h2 style=\"text-align: center;\"><strong>R\u00fcckblick zur Veranstaltung<br \/>\nvom 24. Juli 2013 von Werner Schmidt<\/strong><\/h2>\n<p style=\"text-align: justify;\"><span style=\"color: #000000;\"><em>Am Samstag, dem 15. Juli, gastierte das ukrainische Ensemble \u201eSbrutsch\u201c nach 2 Jahren wieder mit neuem Programm in der Antoniushalle.<\/em><\/span><\/p>\n<p style=\"text-align: justify;\"><span style=\"color: #000000;\"><em>Den Namen \u201eSbrutsch\u201c haben die K\u00fcnstler von einem Nebenfluss des Dnister im Westen der Ukraine abgeleitet. Bis 1918 bildete der \u201eSbrutsch\u201c die Grenze zwischen dem zaristischen Russland und dem ehemaligen \u00f6sterreichisch-ungarischen Galizien.<\/em><\/span><\/p>\n<p style=\"text-align: justify;\"><span style=\"color: #000000;\"><em>Die K\u00fcnstler haben allesamt in der Ukraine eine Musik- oder Tanzausbildung genossen. Einige sind auch an der Philharmonie in Ternopil engagiert.<\/em><\/span><\/p>\n<p style=\"text-align: justify;\"><span style=\"color: #000000;\"><em>In diesem Jahr trat die Truppe mit 9 K\u00fcnstlern auf, die in einem sehr abwechslungsreichen Programm in farbenfrohen landestypischen Kost\u00fcmen die Besucher begeisterten. Im Kreis der etwa 40 G\u00e4ste war man sich im Anschluss an das Konzert einig, dass die hochprofessionelle Show ein volles Haus verdient gehabt h\u00e4tte.<\/em><\/span><\/p>\n\n\t\t<style type=\"text\/css\">\n\t\t\t#gallery-1 {\n\t\t\t\tmargin: auto;\n\t\t\t}\n\t\t\t#gallery-1 .gallery-item {\n\t\t\t\tfloat: left;\n\t\t\t\tmargin-top: 10px;\n\t\t\t\ttext-align: center;\n\t\t\t\twidth: 50%;\n\t\t\t}\n\t\t\t#gallery-1 img {\n\t\t\t\tborder: 2px solid #cfcfcf;\n\t\t\t}\n\t\t\t#gallery-1 .gallery-caption {\n\t\t\t\tmargin-left: 0;\n\t\t\t}\n\t\t\t\/* see gallery_shortcode() in wp-includes\/media.php *\/\n\t\t<\/style>\n\t\t<div id='gallery-1' class='gallery galleryid-6048 gallery-columns-2 gallery-size-thumbnail'><dl class='gallery-item'>\n\t\t\t<dt class='gallery-icon landscape'>\n\t\t\t\t<a href='https:\/\/unser-niedersaubach.de\/?attachment_id=6101'><img loading=\"lazy\" decoding=\"async\" width=\"150\" height=\"150\" src=\"https:\/\/unser-niedersaubach.de\/wp-content\/uploads\/2013\/07\/1.Sopranistin-mit-Orchester-150x150.jpg\" class=\"attachment-thumbnail size-thumbnail\" alt=\"\" aria-describedby=\"gallery-1-6101\" \/><\/a>\n\t\t\t<\/dt>\n\t\t\t\t<dd class='wp-caption-text gallery-caption' id='gallery-1-6101'>\n\t\t\t\tSopranistin, Fotos: Manfred Mai\n\t\t\t\t<\/dd><\/dl><dl class='gallery-item'>\n\t\t\t<dt class='gallery-icon landscape'>\n\t\t\t\t<a href='https:\/\/unser-niedersaubach.de\/?attachment_id=6102'><img loading=\"lazy\" decoding=\"async\" width=\"150\" height=\"150\" src=\"https:\/\/unser-niedersaubach.de\/wp-content\/uploads\/2013\/07\/2.Violine-mit-Panfl\u00f6te-150x150.jpg\" class=\"attachment-thumbnail size-thumbnail\" alt=\"\" aria-describedby=\"gallery-1-6102\" \/><\/a>\n\t\t\t<\/dt>\n\t\t\t\t<dd class='wp-caption-text gallery-caption' id='gallery-1-6102'>\n\t\t\t\tVioline mit Panfl\u00f6te\n\t\t\t\t<\/dd><\/dl><br style=\"clear: both\" \/><dl class='gallery-item'>\n\t\t\t<dt class='gallery-icon landscape'>\n\t\t\t\t<a href='https:\/\/unser-niedersaubach.de\/?attachment_id=6103'><img loading=\"lazy\" decoding=\"async\" width=\"150\" height=\"150\" src=\"https:\/\/unser-niedersaubach.de\/wp-content\/uploads\/2013\/07\/2.Violinsolo-150x150.jpg\" class=\"attachment-thumbnail size-thumbnail\" alt=\"\" aria-describedby=\"gallery-1-6103\" \/><\/a>\n\t\t\t<\/dt>\n\t\t\t\t<dd class='wp-caption-text gallery-caption' id='gallery-1-6103'>\n\t\t\t\tViolinsolo\n\t\t\t\t<\/dd><\/dl><dl class='gallery-item'>\n\t\t\t<dt class='gallery-icon landscape'>\n\t\t\t\t<a href='https:\/\/unser-niedersaubach.de\/?attachment_id=6104'><img loading=\"lazy\" decoding=\"async\" width=\"150\" height=\"150\" src=\"https:\/\/unser-niedersaubach.de\/wp-content\/uploads\/2013\/07\/3.Tanzeinlage2-150x150.jpg\" class=\"attachment-thumbnail size-thumbnail\" alt=\"\" aria-describedby=\"gallery-1-6104\" \/><\/a>\n\t\t\t<\/dt>\n\t\t\t\t<dd class='wp-caption-text gallery-caption' id='gallery-1-6104'>\n\t\t\t\tTanzeinlage\n\t\t\t\t<\/dd><\/dl><br style=\"clear: both\" \/>\n\t\t<\/div>\n\n<p style=\"text-align: justify;\"><span style=\"color: #000000;\"><em>Mit klassischer und volkst\u00fcmlicher Musik entf\u00fchrten die K\u00fcnstler ihre G\u00e4ste in die ukrainische Klangwelt. Dabei setzte das Ensemble auch eher unbekannte Instrumente wie Bandura und Cymbal ein. Mit unglaublicher Virtuosit\u00e4t entz\u00fcckte der Violinspieler in einer Soloeinlage seine Zuh\u00f6rer, die ihm daf\u00fcr langanhaltenden Applaus spendeten. Nicht minder anspruchsvoll wirbelten oder schwebten die T\u00e4nzerinnen anmutig in ihren landestypischen Gew\u00e4ndern \u00fcbers Parkett, w\u00e4hrend die T\u00e4nzer immer wieder mit akrobatischen Einlagen gl\u00e4nzten.<\/em><\/span><\/p>\n<p style=\"text-align: justify;\"><span style=\"color: #000000;\"><em>Ersch\u00f6pft, aber hochzufrieden bedankten sich die ukrainischen G\u00e4ste schlie\u00dflich bei ihren Besuchern, nicht ohne diese zu einem Besuch in ihre Heimat einzuladen.<\/em><\/span><\/p>\n","protected":false},"excerpt":{"rendered":"<p>Ukrainisches Ensemble \u201eSbrutsch\u201c zu Gast am 20. Juli, 19.00 Uhr, in der Antoniushalle Wir d\u00fcrfen \u201eSbrutsch\u201c mit neuem Programm in unserer Festhalle begr\u00fc\u00dfen. Gerne erinnern wir uns an ihren ersten Auftritt vor zwei Jahren. Mit religi\u00f6ser und klassischer Musik entf\u00fchrten &hellip; <a href=\"https:\/\/unser-niedersaubach.de\/?p=6048\">Weiterlesen <span class=\"meta-nav\">&rarr;<\/span><\/a><\/p>\n","protected":false},"author":2,"featured_media":6054,"comment_status":"open","ping_status":"open","sticky":false,"template":"","format":"gallery","meta":{"ngg_post_thumbnail":0,"footnotes":""},"categories":[129,132],"tags":[130],"class_list":["post-6048","post","type-post","status-publish","format-gallery","has-post-thumbnail","hentry","category-kulturprogramm","category-veranstaltungen","tag-sbrutsch","post_format-post-format-gallery"],"_links":{"self":[{"href":"https:\/\/unser-niedersaubach.de\/index.php?rest_route=\/wp\/v2\/posts\/6048","targetHints":{"allow":["GET"]}}],"collection":[{"href":"https:\/\/unser-niedersaubach.de\/index.php?rest_route=\/wp\/v2\/posts"}],"about":[{"href":"https:\/\/unser-niedersaubach.de\/index.php?rest_route=\/wp\/v2\/types\/post"}],"author":[{"embeddable":true,"href":"https:\/\/unser-niedersaubach.de\/index.php?rest_route=\/wp\/v2\/users\/2"}],"replies":[{"embeddable":true,"href":"https:\/\/unser-niedersaubach.de\/index.php?rest_route=%2Fwp%2Fv2%2Fcomments&post=6048"}],"version-history":[{"count":8,"href":"https:\/\/unser-niedersaubach.de\/index.php?rest_route=\/wp\/v2\/posts\/6048\/revisions"}],"predecessor-version":[{"id":6053,"href":"https:\/\/unser-niedersaubach.de\/index.php?rest_route=\/wp\/v2\/posts\/6048\/revisions\/6053"}],"wp:featuredmedia":[{"embeddable":true,"href":"https:\/\/unser-niedersaubach.de\/index.php?rest_route=\/wp\/v2\/media\/6054"}],"wp:attachment":[{"href":"https:\/\/unser-niedersaubach.de\/index.php?rest_route=%2Fwp%2Fv2%2Fmedia&parent=6048"}],"wp:term":[{"taxonomy":"category","embeddable":true,"href":"https:\/\/unser-niedersaubach.de\/index.php?rest_route=%2Fwp%2Fv2%2Fcategories&post=6048"},{"taxonomy":"post_tag","embeddable":true,"href":"https:\/\/unser-niedersaubach.de\/index.php?rest_route=%2Fwp%2Fv2%2Ftags&post=6048"}],"curies":[{"name":"wp","href":"https:\/\/api.w.org\/{rel}","templated":true}]}}