{"id":6067,"date":"2013-07-22T16:09:57","date_gmt":"2013-07-22T15:09:57","guid":{"rendered":"http:\/\/unser-niedersaubach.de\/?p=6067"},"modified":"2013-07-25T10:45:47","modified_gmt":"2013-07-25T09:45:47","slug":"stolpersteine","status":"publish","type":"post","link":"https:\/\/unser-niedersaubach.de\/?p=6067","title":{"rendered":"Stolpersteine"},"content":{"rendered":"<p style=\"text-align: justify;\"><span style=\"color: #000000;\">Hilde Bayer, Lehrerin am Lebacher Geschwister-Scholl-Gymnasium, hat 2012\/ 2013 zusammen mit Kolleginnen im Fach Geschichte eine AG geleitet, die &#8211; unterst\u00fctzt vom Adolf-Bender-Zentrum St. Wendel &#8211; Schicksale von Opfern des nationalsozialistischen Terrors in Lebach und Niedersaubach aufgearbeitet hat.<br \/>\n<\/span><\/p>\n<p style=\"text-align: justify;\"><span style=\"color: #000000;\">Eine Pr\u00e4sentation der Recherche-Ergebnisse wird noch \u00f6ffentlich zug\u00e4nglich gemacht.<\/span><\/p>\n<p style=\"text-align: justify;\"><span style=\"color: #000000;\">Am 29. August d.J. sollen nun f\u00fcr diese Opfer in Lebach &#8222;<span style=\"color: #0000ff;\"><strong><a title=\"Stolpersteine\" href=\"http:\/\/de.wikipedia.org\/wiki\/Stolpersteine\" target=\"_blank\"><span style=\"color: #0000ff;\">Stolpersteine<\/span><\/a><\/strong><\/span>&#8220; verlegt werden.<\/span><\/p>\n<p style=\"text-align: justify;\"><span style=\"color: #000000;\">Beginnen soll diese Gedenkveranstaltung an diesem Donnerstag um 16 Uhr in Niedersaubach in der Hold.<\/span><\/p>\n<p style=\"text-align: justify;\"><span style=\"color: #000000;\">Dort soll durch Stolpersteine erinnert werden an <strong><span style=\"color: #0000ff;\"><a title=\"Josef Scherer\" href=\"http:\/\/unser-niedersaubach.de\/?page_id=4424\"><span style=\"color: #0000ff;\">Josef Scherer<\/span><\/a> <\/span><\/strong>und <strong><span style=\"color: #0000ff;\"><a title=\"Nikolaus Br\u00fcck\" href=\"http:\/\/unser-niedersaubach.de\/?page_id=2675\"><span style=\"color: #0000ff;\">Nikolaus Br\u00fcck<\/span><\/a><\/span><\/strong>, deren Schicksale wir im Rahmen der 800-Jahrfeier zum Volkstrauertag aufgearbeitet haben.<\/span><\/p>\n<p style=\"text-align: justify;\"><span style=\"color: #000000;\">Ortsvorsteher Werner Schmidt hat hierzu im Lebacher Stadtrat eine Erkl\u00e4rung abgegeben, die hier im Anschluss ver\u00f6ffentlicht wird.<\/span><\/p>\n<p style=\"text-align: justify;\"><span style=\"color: #000000;\">L. Sch.<\/span><\/p>\n<h3 style=\"text-align: justify;\"><strong><em>Erkl\u00e4rung von Ortsvorsteher Werner Schmidt zur Verlegung von &#8222;Stolpersteinen&#8220; f\u00fcr Opfer des NS-Terrors in Niedersaubach im Lebacher Stadtrat am 27. Juni 2013<\/em><\/strong><\/h3>\n<p style=\"text-align: justify;\"><span style=\"color: #000000;\">Ich danke den Sch\u00fclerinnen und Sch\u00fclern des Geschwister-Scholl-Gymnasiums, die sich mit ihren Lehrern dieser bedr\u00fcckenden Thematik\u00a0 angenommen haben. Zu meiner Zeit als Sch\u00fcler mochte man sich noch nicht damit besch\u00e4ftigen.<\/span><\/p>\n<p><span style=\"color: #000000;\"><img loading=\"lazy\" decoding=\"async\" class=\"size-full wp-image-6072 alignleft\" alt=\"bild-05_ortsvorsteher_werner-schmidt\" src=\"http:\/\/unser-niedersaubach.de\/wp-content\/uploads\/2013\/07\/bild-05_ortsvorsteher_werner-schmidt.jpg\" width=\"300\" height=\"300\" srcset=\"https:\/\/unser-niedersaubach.de\/wp-content\/uploads\/2013\/07\/bild-05_ortsvorsteher_werner-schmidt.jpg 300w, https:\/\/unser-niedersaubach.de\/wp-content\/uploads\/2013\/07\/bild-05_ortsvorsteher_werner-schmidt-150x150.jpg 150w\" sizes=\"auto, (max-width: 300px) 100vw, 300px\" \/><\/span><\/p>\n<p style=\"text-align: justify;\"><span style=\"color: #000000;\">Wir haben im vergangenen Jahr im Rahmen unserer 800-Jahrfeier zum Abschluss eine Gefallenenehrung durchgef\u00fchrt, in der wir in einer bewegenden Feier der jungen Leute gedachten, die f\u00fcr den Wahnwitz einer menschenverachtenden Ideologie geopfert wurden.<\/span><\/p>\n<p style=\"text-align: justify;\"><span style=\"color: #000000;\">In dieser Feier wurde auch das Schicksal zweier Niedersaubacher beleuchtet, die auf besonders tragische Weise ums Leben kamen. Da war zun\u00e4chst der 41j\u00e4hrige Nikolaus Br\u00fcck, den man 1941 als \u201eHochverr\u00e4ter\u201c in Dachau umbrachte und sein Nachbar Josef Scherer, der 1944 im Alter von 11 Jahren\u00a0 in Hadamar der Euthanasie zum Opfer fiel.<\/span><\/p>\n<p style=\"text-align: justify;\"><span style=\"color: #000000;\">Wie das Schicksal der Kriegsopfer hat mein Bruder Lothar in monatelangen Recherchen auch den Leidensweg der beiden Gewaltopfer in unserem Internetportal \u201eunser-niedersaubach.de\u201c dokumentiert. Dieses kollektive Ged\u00e4chtnis unseres Dorfes soll uns und unseren Nachfahren alle Facetten unserer Historie in Erinnerung behalten. Auch die dunklen Abschnitte, um uns immer wieder zu vergegenw\u00e4rtigen, in welche Abgr\u00fcnde uns diese Ideologie f\u00fchrte.<\/span><\/p>\n<p style=\"text-align: justify;\"><span style=\"color: #000000;\">Meine Mitb\u00fcrger sind mit mir dankbar f\u00fcr Ihr Engagement und wissen die Bedeutung der Stolpersteine zu w\u00fcrdigen.<\/span><\/p>\n","protected":false},"excerpt":{"rendered":"<p>Hilde Bayer, Lehrerin am Lebacher Geschwister-Scholl-Gymnasium, hat 2012\/ 2013 zusammen mit Kolleginnen im Fach Geschichte eine AG geleitet, die &#8211; unterst\u00fctzt vom Adolf-Bender-Zentrum St. Wendel &#8211; Schicksale von Opfern des nationalsozialistischen Terrors in Lebach und Niedersaubach aufgearbeitet hat. Eine Pr\u00e4sentation &hellip; <a href=\"https:\/\/unser-niedersaubach.de\/?p=6067\">Weiterlesen <span class=\"meta-nav\">&rarr;<\/span><\/a><\/p>\n","protected":false},"author":2,"featured_media":6074,"comment_status":"open","ping_status":"open","sticky":false,"template":"","format":"gallery","meta":{"ngg_post_thumbnail":0,"footnotes":""},"categories":[13,165],"tags":[228,284,283],"class_list":["post-6067","post","type-post","status-publish","format-gallery","has-post-thumbnail","hentry","category-antoniuskapelle","category-krieg","tag-josef-scherer","tag-nikolaus-bruck","tag-ns-opfer","post_format-post-format-gallery"],"_links":{"self":[{"href":"https:\/\/unser-niedersaubach.de\/index.php?rest_route=\/wp\/v2\/posts\/6067","targetHints":{"allow":["GET"]}}],"collection":[{"href":"https:\/\/unser-niedersaubach.de\/index.php?rest_route=\/wp\/v2\/posts"}],"about":[{"href":"https:\/\/unser-niedersaubach.de\/index.php?rest_route=\/wp\/v2\/types\/post"}],"author":[{"embeddable":true,"href":"https:\/\/unser-niedersaubach.de\/index.php?rest_route=\/wp\/v2\/users\/2"}],"replies":[{"embeddable":true,"href":"https:\/\/unser-niedersaubach.de\/index.php?rest_route=%2Fwp%2Fv2%2Fcomments&post=6067"}],"version-history":[{"count":9,"href":"https:\/\/unser-niedersaubach.de\/index.php?rest_route=\/wp\/v2\/posts\/6067\/revisions"}],"predecessor-version":[{"id":6079,"href":"https:\/\/unser-niedersaubach.de\/index.php?rest_route=\/wp\/v2\/posts\/6067\/revisions\/6079"}],"wp:featuredmedia":[{"embeddable":true,"href":"https:\/\/unser-niedersaubach.de\/index.php?rest_route=\/wp\/v2\/media\/6074"}],"wp:attachment":[{"href":"https:\/\/unser-niedersaubach.de\/index.php?rest_route=%2Fwp%2Fv2%2Fmedia&parent=6067"}],"wp:term":[{"taxonomy":"category","embeddable":true,"href":"https:\/\/unser-niedersaubach.de\/index.php?rest_route=%2Fwp%2Fv2%2Fcategories&post=6067"},{"taxonomy":"post_tag","embeddable":true,"href":"https:\/\/unser-niedersaubach.de\/index.php?rest_route=%2Fwp%2Fv2%2Ftags&post=6067"}],"curies":[{"name":"wp","href":"https:\/\/api.w.org\/{rel}","templated":true}]}}