{"id":6473,"date":"2014-02-14T21:53:32","date_gmt":"2014-02-14T20:53:32","guid":{"rendered":"http:\/\/unser-niedersaubach.de\/?p=6473"},"modified":"2014-02-18T10:23:24","modified_gmt":"2014-02-18T09:23:24","slug":"schnelles-internet-auch-fuer-unser-dorf-2","status":"publish","type":"post","link":"https:\/\/unser-niedersaubach.de\/?p=6473","title":{"rendered":"Schnelles Internet auch f\u00fcr unser Dorf"},"content":{"rendered":"<p style=\"text-align: justify;\"><span style=\"color: #000000;\">Nach heutigem Erkenntnisstand werden wir im Fr\u00fchjahr unser Projekt \u201eSchnelles Internet f\u00fcr unser Dorf\u201c starten. Das Bistum Trier hat uns mit Auflagen die grunds\u00e4tzliche Erlaubnis erteilt, eine Sendeanlage im Kapellenturm zu installieren. <\/span><\/p>\n<p style=\"text-align: justify;\"><span style=\"color: #000000;\">Bevor wir jedoch den Kapellenturm und weitere\u00a0 Standorte in Angriff nehmen, ist es dringend erforderlich, dass wir uns einen \u00dcberblick \u00fcber die Notwendigkeit der einzelnen Standorte verschaffen. Das hei\u00dft, wenn ein Standort bei allen R\u00fcckmeldungen von keinem der potentiellen Nutzer genannt wird, brauchen wir diesen auch nicht in unsere \u00dcberlegungen einzubeziehen.<\/span><\/p>\n<p><a title=\"Schnelles Internet f\u00fcr Niedersaubach und R\u00fcmmelbach\" href=\"http:\/\/unser-niedersaubach.de\/Dokumente\/Infrastruktur\/Internet_Fragebogen.pdf\" target=\"_blank\"><span style=\"color: #000080;\"><strong>Den Fragebogen finden Sie hier (einfach anklicken).<\/strong><\/span><\/a><\/p>\n<p style=\"text-align: justify;\"><span style=\"color: #000000;\">Nach dem Start wollen wir eine weitere Veranstaltung im Antoniusheim anbieten, in der der Gesch\u00e4ftsf\u00fchrer von Intersaar, Volker Musebrink, den Interessenten in einer Pr\u00e4sentation die neue Technologie vorf\u00fchren wird. Au\u00dferdem wird er den Besuchern die M\u00f6glichkeit bieten, selbst mal schnell im Internet zu surfen.<\/span><\/p>\n<p style=\"text-align: justify;\"><span style=\"color: #000000;\">Werner Schmidt, Ortsvorsteher<\/span><\/p>\n","protected":false},"excerpt":{"rendered":"<p>Nach heutigem Erkenntnisstand werden wir im Fr\u00fchjahr unser Projekt \u201eSchnelles Internet f\u00fcr unser Dorf\u201c starten. Das Bistum Trier hat uns mit Auflagen die grunds\u00e4tzliche Erlaubnis erteilt, eine Sendeanlage im Kapellenturm zu installieren. Bevor wir jedoch den Kapellenturm und weitere\u00a0 Standorte &hellip; <a href=\"https:\/\/unser-niedersaubach.de\/?p=6473\">Weiterlesen <span class=\"meta-nav\">&rarr;<\/span><\/a><\/p>\n","protected":false},"author":2,"featured_media":0,"comment_status":"open","ping_status":"open","sticky":false,"template":"","format":"gallery","meta":{"ngg_post_thumbnail":0,"footnotes":""},"categories":[319],"tags":[307,305],"class_list":["post-6473","post","type-post","status-publish","format-gallery","hentry","category-infrastruktur","tag-intersaar","tag-schnelles-internet","post_format-post-format-gallery"],"_links":{"self":[{"href":"https:\/\/unser-niedersaubach.de\/index.php?rest_route=\/wp\/v2\/posts\/6473","targetHints":{"allow":["GET"]}}],"collection":[{"href":"https:\/\/unser-niedersaubach.de\/index.php?rest_route=\/wp\/v2\/posts"}],"about":[{"href":"https:\/\/unser-niedersaubach.de\/index.php?rest_route=\/wp\/v2\/types\/post"}],"author":[{"embeddable":true,"href":"https:\/\/unser-niedersaubach.de\/index.php?rest_route=\/wp\/v2\/users\/2"}],"replies":[{"embeddable":true,"href":"https:\/\/unser-niedersaubach.de\/index.php?rest_route=%2Fwp%2Fv2%2Fcomments&post=6473"}],"version-history":[{"count":7,"href":"https:\/\/unser-niedersaubach.de\/index.php?rest_route=\/wp\/v2\/posts\/6473\/revisions"}],"predecessor-version":[{"id":6484,"href":"https:\/\/unser-niedersaubach.de\/index.php?rest_route=\/wp\/v2\/posts\/6473\/revisions\/6484"}],"wp:attachment":[{"href":"https:\/\/unser-niedersaubach.de\/index.php?rest_route=%2Fwp%2Fv2%2Fmedia&parent=6473"}],"wp:term":[{"taxonomy":"category","embeddable":true,"href":"https:\/\/unser-niedersaubach.de\/index.php?rest_route=%2Fwp%2Fv2%2Fcategories&post=6473"},{"taxonomy":"post_tag","embeddable":true,"href":"https:\/\/unser-niedersaubach.de\/index.php?rest_route=%2Fwp%2Fv2%2Ftags&post=6473"}],"curies":[{"name":"wp","href":"https:\/\/api.w.org\/{rel}","templated":true}]}}