{"id":6525,"date":"2014-05-15T14:20:29","date_gmt":"2014-05-15T13:20:29","guid":{"rendered":"http:\/\/unser-niedersaubach.de\/?p=6525"},"modified":"2014-05-15T16:05:09","modified_gmt":"2014-05-15T15:05:09","slug":"sie-sollen-nicht-vergessen-sein-2","status":"publish","type":"post","link":"https:\/\/unser-niedersaubach.de\/?p=6525","title":{"rendered":"Sie sollen nicht vergessen sein!"},"content":{"rendered":"<p style=\"text-align: justify;\"><span style=\"color: #000000;\">Im Gedenken an den Ersten Weltkrieg, dessen Ausbruch sich zum hundertsten Male j\u00e4hrt, wollen wir uns der 16 S\u00f6hne unseres Dorfes erinnern, die auf den grausamen Schlachtfeldern ihr junges Leben lassen mussten.<\/span><\/p>\n<p style=\"text-align: justify;\"><a title=\"1914 - 2014 \/ Nie wieder Krieg!\" href=\"http:\/\/unser-niedersaubach.de\/Dokumente\/WKI\/Nie_wieder_Krieg.pdf\" target=\"_blank\"><img loading=\"lazy\" decoding=\"async\" class=\"aligncenter size-large wp-image-6526\" src=\"http:\/\/unser-niedersaubach.de\/wp-content\/uploads\/2014\/05\/Nie_wieder_Krieg-730x1024.jpg\" alt=\"Nie_wieder_Krieg\" width=\"640\" height=\"897\" srcset=\"https:\/\/unser-niedersaubach.de\/wp-content\/uploads\/2014\/05\/Nie_wieder_Krieg-730x1024.jpg 730w, https:\/\/unser-niedersaubach.de\/wp-content\/uploads\/2014\/05\/Nie_wieder_Krieg-213x300.jpg 213w, https:\/\/unser-niedersaubach.de\/wp-content\/uploads\/2014\/05\/Nie_wieder_Krieg.jpg 1264w\" sizes=\"auto, (max-width: 640px) 100vw, 640px\" \/><\/a>\u00a9 Prof. Ivica Maksimovic<\/p>\n<p style=\"text-align: justify;\"><span style=\"color: #000000;\">Der Verein \u201eUnser Niedersaubach\u201c wird im Juli dieses Jahres mit einer Delegation, der auch der Kommandeur der Lebacher Fallschirmj\u00e4ger, Oberstleutnant Markus Meyer, angeh\u00f6ren wird, in den Argonnerwald reisen. Dort werden wir u.a. den Soldatenfriedhof Consenvoye besuchen, auf dem sich Helmut Kohl und Francois Mitterand \u00fcber den Gr\u00e4bern die H\u00e4nde reichten. Auf diesem Friedhof ruhen zwei Saubacher: <a title=\"Johann Schmitt\" href=\"http:\/\/unser-niedersaubach.de\/?page_id=2984\"><strong><span style=\"color: #0000ff;\">Johann Schmidt<\/span> <\/strong><\/a>und <a title=\"Johann Heinrich\" href=\"http:\/\/unser-niedersaubach.de\/?page_id=2946\"><strong><span style=\"color: #0000ff;\">Johann Heinrich<\/span><\/strong><\/a>. <\/span><br \/>\n<span style=\"color: #000000;\">Die Dokumentation des Besuches wollen wir am Volkstrauertag in einer w\u00fcrdevollen Gedenkfeier unseren Mitb\u00fcrgerinnen und Mitb\u00fcrgern in der Antoniushalle zeigen.<\/span><br \/>\n<span style=\"color: #000000;\">Vorher werden wir im Oktober einen zeitgen\u00f6ssischen Antikriegsfilm im Gemeindezentrum auff\u00fchren. <\/span><\/p>\n<address style=\"text-align: justify;\"><span style=\"color: #000000;\">Werner Schmidt<\/span><\/address>\n","protected":false},"excerpt":{"rendered":"<p>Im Gedenken an den Ersten Weltkrieg, dessen Ausbruch sich zum hundertsten Male j\u00e4hrt, wollen wir uns der 16 S\u00f6hne unseres Dorfes erinnern, die auf den grausamen Schlachtfeldern ihr junges Leben lassen mussten. \u00a9 Prof. Ivica Maksimovic Der Verein \u201eUnser Niedersaubach\u201c &hellip; <a href=\"https:\/\/unser-niedersaubach.de\/?p=6525\">Weiterlesen <span class=\"meta-nav\">&rarr;<\/span><\/a><\/p>\n","protected":false},"author":2,"featured_media":6528,"comment_status":"open","ping_status":"open","sticky":false,"template":"","format":"gallery","meta":{"ngg_post_thumbnail":0,"footnotes":""},"categories":[25,165],"tags":[26,341,342,274,275,338,340,336,339],"class_list":["post-6525","post","type-post","status-publish","format-gallery","has-post-thumbnail","hentry","category-gefallene","category-krieg","tag-1-weltkrieg","tag-argonnerwald","tag-consenvoye","tag-johann-heinrich","tag-johann-schmidt","tag-kanzler-kohl","tag-maas","tag-nie-wieder-krieg","tag-praesident-mitterand","post_format-post-format-gallery"],"_links":{"self":[{"href":"https:\/\/unser-niedersaubach.de\/index.php?rest_route=\/wp\/v2\/posts\/6525","targetHints":{"allow":["GET"]}}],"collection":[{"href":"https:\/\/unser-niedersaubach.de\/index.php?rest_route=\/wp\/v2\/posts"}],"about":[{"href":"https:\/\/unser-niedersaubach.de\/index.php?rest_route=\/wp\/v2\/types\/post"}],"author":[{"embeddable":true,"href":"https:\/\/unser-niedersaubach.de\/index.php?rest_route=\/wp\/v2\/users\/2"}],"replies":[{"embeddable":true,"href":"https:\/\/unser-niedersaubach.de\/index.php?rest_route=%2Fwp%2Fv2%2Fcomments&post=6525"}],"version-history":[{"count":7,"href":"https:\/\/unser-niedersaubach.de\/index.php?rest_route=\/wp\/v2\/posts\/6525\/revisions"}],"predecessor-version":[{"id":6530,"href":"https:\/\/unser-niedersaubach.de\/index.php?rest_route=\/wp\/v2\/posts\/6525\/revisions\/6530"}],"wp:featuredmedia":[{"embeddable":true,"href":"https:\/\/unser-niedersaubach.de\/index.php?rest_route=\/wp\/v2\/media\/6528"}],"wp:attachment":[{"href":"https:\/\/unser-niedersaubach.de\/index.php?rest_route=%2Fwp%2Fv2%2Fmedia&parent=6525"}],"wp:term":[{"taxonomy":"category","embeddable":true,"href":"https:\/\/unser-niedersaubach.de\/index.php?rest_route=%2Fwp%2Fv2%2Fcategories&post=6525"},{"taxonomy":"post_tag","embeddable":true,"href":"https:\/\/unser-niedersaubach.de\/index.php?rest_route=%2Fwp%2Fv2%2Ftags&post=6525"}],"curies":[{"name":"wp","href":"https:\/\/api.w.org\/{rel}","templated":true}]}}