{"id":6538,"date":"2014-05-26T21:54:51","date_gmt":"2014-05-26T20:54:51","guid":{"rendered":"http:\/\/unser-niedersaubach.de\/?p=6538"},"modified":"2014-05-26T22:02:35","modified_gmt":"2014-05-26T21:02:35","slug":"pfinstsonntag","status":"publish","type":"post","link":"https:\/\/unser-niedersaubach.de\/?p=6538","title":{"rendered":"Pfingstsonntag"},"content":{"rendered":"<h1>Antoniuskirmes in Niedersaubach<\/h1>\n<h2>Dem Heckenhannes wird der Prozess gemacht<\/h2>\n<p style=\"text-align: justify;\"><span style=\"color: #000000;\">Aus R\u00fccksicht auf die Lebacher Dreifaltigkeits-Kirmes haben die Niedersaubacher ihre Kirmes auf Pfingstsonntag, <strong>8. Juni<\/strong> d.J., vorgezogen.<\/span><br \/>\n<span style=\"color: #000000;\">Es geht los, wie es sich geh\u00f6rt, in der Niedersaubacher Antoniuskapelle. Dort beginnt um <strong>09:45 Uhr<\/strong> das <strong>Festhochamt<\/strong>, mitgestaltet von unserer Niedersaubacher Familien- und Jugendgruppe und dem Kinderchor unter der musikalischen Leitung unseres Kantors J\u00fcrgen Fr\u00f6hlich.<\/span><\/p>\n<div id=\"attachment_6543\" style=\"width: 560px\" class=\"wp-caption aligncenter\"><a href=\"http:\/\/unser-niedersaubach.de\/wp-content\/uploads\/2014\/05\/IMG_0189.jpg\" target=\"_blank\"><img loading=\"lazy\" decoding=\"async\" aria-describedby=\"caption-attachment-6543\" class=\"wp-image-6543\" src=\"http:\/\/unser-niedersaubach.de\/wp-content\/uploads\/2014\/05\/IMG_0189-1024x754.jpg\" alt=\"IMG_0189\" width=\"550\" height=\"406\" srcset=\"https:\/\/unser-niedersaubach.de\/wp-content\/uploads\/2014\/05\/IMG_0189-1024x754.jpg 1024w, https:\/\/unser-niedersaubach.de\/wp-content\/uploads\/2014\/05\/IMG_0189-300x221.jpg 300w\" sizes=\"auto, (max-width: 550px) 100vw, 550px\" \/><\/a><p id=\"caption-attachment-6543\" class=\"wp-caption-text\">Festumzug 2013 stellt sich auf; Fotos: Manfred Mai<\/p><\/div>\n<p style=\"text-align: justify;\"><span style=\"color: #000000;\">Nach der Messe begibt sich der <strong>Festumzug<\/strong>, gef\u00fchrt von den Gresaubacher Oldtimern, von der Kapelle zum Kirmestreiben auf den Peter-Adam-Platz (gegen\u00fcber dem Sportplatz). Der Marsch durchs Dorf wird angef\u00fchrt von unserem Kirwehannes; in diesem Jahr hat der <strong>Heckenhannes<\/strong>, einschl\u00e4gig bekannt aus unserem Niedersaubacher Heimatst\u00fcck: \u201eDie Schlacht an der Wolweskaul\u201c von Josef Sch\u00e4fer (Grawe Jupp), die Aufgabe als Festwirt \u00fcbernommen. Bei der Jagd auf den letzten Wolf in der Wolfskaul unterhalb von Tanneck hatte er damals als Heckenwirt die Ortsgewaltigen mehr schlecht als recht unterst\u00fctzt und nur seinen schn\u00f6den Vorteil im Auge.<\/span><\/p>\n<div id=\"attachment_6539\" style=\"width: 560px\" class=\"wp-caption aligncenter\"><a href=\"http:\/\/unser-niedersaubach.de\/wp-content\/uploads\/2014\/05\/100_4984.jpg\" target=\"_blank\"><img loading=\"lazy\" decoding=\"async\" aria-describedby=\"caption-attachment-6539\" class=\"wp-image-6539\" src=\"http:\/\/unser-niedersaubach.de\/wp-content\/uploads\/2014\/05\/100_4984-1024x753.jpg\" alt=\"100_4984\" width=\"550\" height=\"405\" srcset=\"https:\/\/unser-niedersaubach.de\/wp-content\/uploads\/2014\/05\/100_4984-1024x753.jpg 1024w, https:\/\/unser-niedersaubach.de\/wp-content\/uploads\/2014\/05\/100_4984-300x220.jpg 300w\" sizes=\"auto, (max-width: 550px) 100vw, 550px\" \/><\/a><p id=\"caption-attachment-6539\" class=\"wp-caption-text\">Der Heckenhannes (stehend) verf\u00fchrt seine G\u00e4ste zur Trunksucht.<\/p><\/div>\n<p style=\"text-align: justify;\"><span style=\"color: #000000;\">Gegen <strong>11 Uhr<\/strong> wird der Heckenhannes die Kirmes mit einem feierlichen Fassanstich er\u00f6ffnen. Im Anschluss spielen unsere Gresaubacher Oldtimer-Freunde zum Fr\u00fchschoppenkonzert auf.<\/span><br \/>\n<span style=\"color: #000000;\">Gleichzeitig beginnen f\u00fcr unsere Kinder Spiel und Spa\u00df auf dem Kirmesplatz, unterst\u00fctzt durch die Lebacher Stadtjugendpflege und das Saarlouiser Kreisjugendamt.<\/span><br \/>\n<span style=\"color: #000000;\">Gegen\u00fcber ist im Sportlerheim schon am fr\u00fchen Nachmittag f\u00fcr Kaffee und Kuchen gesorgt. Auf dem Kirmesplatz sind \u2013 wie immer bei sehr familienfreundlichen Preisen \u2013 Grill- und Getr\u00e4nkest\u00e4nde aufgebaut, die unsere Kirmesg\u00e4ste zu aller Zufriedenheit versorgen werden.<\/span><\/p>\n<div id=\"attachment_6545\" style=\"width: 560px\" class=\"wp-caption aligncenter\"><a href=\"http:\/\/unser-niedersaubach.de\/wp-content\/uploads\/2014\/05\/IMG_0210_1600.jpg\" target=\"_blank\"><img loading=\"lazy\" decoding=\"async\" aria-describedby=\"caption-attachment-6545\" class=\"wp-image-6545\" src=\"http:\/\/unser-niedersaubach.de\/wp-content\/uploads\/2014\/05\/IMG_0210_1600-1024x675.jpg\" alt=\"Helfer stehen bereit\" width=\"550\" height=\"363\" srcset=\"https:\/\/unser-niedersaubach.de\/wp-content\/uploads\/2014\/05\/IMG_0210_1600-1024x675.jpg 1024w, https:\/\/unser-niedersaubach.de\/wp-content\/uploads\/2014\/05\/IMG_0210_1600-300x198.jpg 300w, https:\/\/unser-niedersaubach.de\/wp-content\/uploads\/2014\/05\/IMG_0210_1600.jpg 1600w\" sizes=\"auto, (max-width: 550px) 100vw, 550px\" \/><\/a><p id=\"caption-attachment-6545\" class=\"wp-caption-text\">Helfer stehen bereit<\/p><\/div>\n<p style=\"text-align: justify;\"><span style=\"color: #000000;\">Weil uns den ganzen Tag \u00fcber der Heckenhannes verf\u00fchren wird, doch das ein oder andere Bier zu viel zu trinken, damit er unseres Geldes habhaft wird, werden wir ihn am sp\u00e4teren Abend so gegen <strong>21 Uhr<\/strong> zur Verantwortung ziehen. Die Anklageschrift ist von unserem Niedersaubacher <strong>Hochgericht<\/strong> schon vorsorglich den Schriftgelehrten zur Ausarbeitung aufgegeben worden, und unser Dorf-B\u00fcttel, Krohne Buwi, wird in Erwartung des unausweichlichen Strafbefehls daf\u00fcr sorgen, dass der Heckenhannes seiner gerechten Strafe zugef\u00fchrt wird. Leider werden wir aber unser Geld nicht wiedersehen; der Gauner wird es zur Seite schaffen.<\/span><\/p>\n<div id=\"attachment_6546\" style=\"width: 560px\" class=\"wp-caption aligncenter\"><a href=\"http:\/\/unser-niedersaubach.de\/wp-content\/uploads\/2014\/05\/IMG_0471_1600.jpg\" target=\"_blank\"><img loading=\"lazy\" decoding=\"async\" aria-describedby=\"caption-attachment-6546\" class=\"wp-image-6546\" src=\"http:\/\/unser-niedersaubach.de\/wp-content\/uploads\/2014\/05\/IMG_0471_1600-1024x585.jpg\" alt=\"Treiben um den Pavillon auch in diesem Jahr\" width=\"550\" height=\"315\" srcset=\"https:\/\/unser-niedersaubach.de\/wp-content\/uploads\/2014\/05\/IMG_0471_1600-1024x585.jpg 1024w, https:\/\/unser-niedersaubach.de\/wp-content\/uploads\/2014\/05\/IMG_0471_1600-300x171.jpg 300w, https:\/\/unser-niedersaubach.de\/wp-content\/uploads\/2014\/05\/IMG_0471_1600.jpg 1600w\" sizes=\"auto, (max-width: 550px) 100vw, 550px\" \/><\/a><p id=\"caption-attachment-6546\" class=\"wp-caption-text\">Treiben um den Pavillon auch in diesem Jahr<\/p><\/div>\n<p style=\"text-align: justify;\"><span style=\"color: #000000;\">Nach dem aufregenden Strafprozess wird unsere Kirmes gem\u00fctlich ausklingen.<\/span><\/p>\n","protected":false},"excerpt":{"rendered":"<p>Antoniuskirmes in Niedersaubach Dem Heckenhannes wird der Prozess gemacht Aus R\u00fccksicht auf die Lebacher Dreifaltigkeits-Kirmes haben die Niedersaubacher ihre Kirmes auf Pfingstsonntag, 8. Juni d.J., vorgezogen. Es geht los, wie es sich geh\u00f6rt, in der Niedersaubacher Antoniuskapelle. Dort beginnt um &hellip; <a href=\"https:\/\/unser-niedersaubach.de\/?p=6538\">Weiterlesen <span class=\"meta-nav\">&rarr;<\/span><\/a><\/p>\n","protected":false},"author":2,"featured_media":6547,"comment_status":"open","ping_status":"open","sticky":false,"template":"","format":"gallery","meta":{"ngg_post_thumbnail":0,"footnotes":""},"categories":[13,321,72,71],"tags":[206,332],"class_list":["post-6538","post","type-post","status-publish","format-gallery","has-post-thumbnail","hentry","category-antoniuskapelle","category-brauchtum","category-dorfgemeinschaft","category-festveranstaltung","tag-antoniuskirmes","tag-heckenhannes","post_format-post-format-gallery"],"_links":{"self":[{"href":"https:\/\/unser-niedersaubach.de\/index.php?rest_route=\/wp\/v2\/posts\/6538","targetHints":{"allow":["GET"]}}],"collection":[{"href":"https:\/\/unser-niedersaubach.de\/index.php?rest_route=\/wp\/v2\/posts"}],"about":[{"href":"https:\/\/unser-niedersaubach.de\/index.php?rest_route=\/wp\/v2\/types\/post"}],"author":[{"embeddable":true,"href":"https:\/\/unser-niedersaubach.de\/index.php?rest_route=\/wp\/v2\/users\/2"}],"replies":[{"embeddable":true,"href":"https:\/\/unser-niedersaubach.de\/index.php?rest_route=%2Fwp%2Fv2%2Fcomments&post=6538"}],"version-history":[{"count":6,"href":"https:\/\/unser-niedersaubach.de\/index.php?rest_route=\/wp\/v2\/posts\/6538\/revisions"}],"predecessor-version":[{"id":6549,"href":"https:\/\/unser-niedersaubach.de\/index.php?rest_route=\/wp\/v2\/posts\/6538\/revisions\/6549"}],"wp:featuredmedia":[{"embeddable":true,"href":"https:\/\/unser-niedersaubach.de\/index.php?rest_route=\/wp\/v2\/media\/6547"}],"wp:attachment":[{"href":"https:\/\/unser-niedersaubach.de\/index.php?rest_route=%2Fwp%2Fv2%2Fmedia&parent=6538"}],"wp:term":[{"taxonomy":"category","embeddable":true,"href":"https:\/\/unser-niedersaubach.de\/index.php?rest_route=%2Fwp%2Fv2%2Fcategories&post=6538"},{"taxonomy":"post_tag","embeddable":true,"href":"https:\/\/unser-niedersaubach.de\/index.php?rest_route=%2Fwp%2Fv2%2Ftags&post=6538"}],"curies":[{"name":"wp","href":"https:\/\/api.w.org\/{rel}","templated":true}]}}