{"id":6671,"date":"2014-10-06T20:00:50","date_gmt":"2014-10-06T19:00:50","guid":{"rendered":"http:\/\/unser-niedersaubach.de\/?p=6671"},"modified":"2014-10-09T13:25:35","modified_gmt":"2014-10-09T12:25:35","slug":"50-geburtstag-des-spd-ortsvereines-niedersaubach-ruemmelbach","status":"publish","type":"post","link":"https:\/\/unser-niedersaubach.de\/?p=6671","title":{"rendered":"50. Geburtstag des SPD-Ortsvereines Niedersaubach-R\u00fcmmelbach"},"content":{"rendered":"<h1>Ein sch\u00f6nes Fest an einem runden Geburtstag<\/h1>\n<h2>Werner Schmidt mit Willy-Brandt-Medaille ausgezeichnet<\/h2>\n<p style=\"text-align: justify;\"><span style=\"color: #000000;\">In diesem Jahr sind 50 Jahre vergangen, seit in Niedersaubach und R\u00fcmmelbach der SPD-Ortsverein gegr\u00fcndet wurde. <\/span><br \/>\n<span style=\"color: #000000;\">An dieses Ereignis wollte der SPD-Ortsverein Niedersaubach-R\u00fcmmelbach erinnern und lud zu einem Festakt in die Antoniushalle am 3. Oktober ein \u2013 und viele G\u00e4ste kamen.<\/span><br \/>\n<span style=\"color: #000000;\">Neben den Mitgliedern der \u201esozialdemokratischen Familie\u201c konnte der Ortsvereinsvorsitzende Werner Schmidt auch Vertreterinnen und Vertreter der CDU, der FDP, der GuD und B\u00fcrgermeister Klaus Peter Brill mit seiner Frau Ute begr\u00fc\u00dfen. Besonders freute sich Werner Schmidt, dass auch \u201edas Dorf\u201c zum Gratulieren gekommen war: Ortsvorsteher Hans Schmitz, der Seniorenverein, der Angelsportverein, der Fu\u00dfballverein und die Feuerwehr.<\/span><\/p>\n<p style=\"text-align: justify;\"><div class=\"flagallery phantom_skin\" id=\"FlaGallery_sc1_38\" style='width:1200;'><style type=\"text\/css\" class=\"flagallery_skin_style_import\">#FlaGallery_sc1_38 .flagPhantom_ThumbContainer {width:200px; height:180px;}#FlaGallery_sc1_38 .flagPhantom_MobileView .flagPhantom_ThumbContainer {width:150px; height:135px;}#FlaGallery_sc1_38 .flagPhantom_Container {margin-left:auto;margin-right:auto;}#FlaGallery_sc1_38 .flagPhantom_ThumbContainer {margin:8px 0 0 8px;}#FlaGallery_sc1_38 .flagPhantom_ThumbContainer {padding:2px;}#FlaGallery_sc1_38 .flagPhantom_LabelBottom .flagPhantom_ThumbContainer {padding-bottom:36px;}#FlaGallery_sc1_38 .flagPhantom_ThumbContainer,#FlaGallery_sc1_38 .flagPhantom_LabelBottom .flagPhantom_ThumbLabel {background-color:#ffffff;}#FlaGallery_sc1_38 .flagPhantom_ThumbContainer .flagPhantom_Thumb {opacity:0.9;}#FlaGallery_sc1_38 .flagPhantom_ThumbContainer:hover .flagPhantom_Thumb {opacity:1;}#FlaGallery_sc1_38 .flagPhantom_ThumbContainer {border:1px solid #cccccc;}#FlaGallery_sc1_38 .flagPhantom_ThumbContainer {box-shadow:0 0 5px -2px #cccccc;}#FlaGallery_sc1_38 .flagPhantom_ThumbLabel {color:#0b0b0b;}#FlaGallery_sc1_38 .flagPhantom_ThumbLabel a {color:#3695E7;}#FlaGallery_sc1_38 .flagPhantom_LabelInside .flagPhantom_ThumbLabel,#FlaGallery_sc1_38 .flagPhantom_LabelHover .flagPhantom_ThumbLabel {color:#ffffff;}#FlaGallery_sc1_38 .flagPhantom_LabelInside .flagPhantom_ThumbLabel a,#FlaGallery_sc1_38 .flagPhantom_LabelHover .flagPhantom_ThumbLabel a,#FlaGallery_sc1_38 .flagPhantom_LabelInside .flagPhantom_ThumbLabel a:hover,#FlaGallery_sc1_38 .flagPhantom_LabelHover .flagPhantom_ThumbLabel a:hover {color:#e7e179;}<\/style> <div class=\"flagPhantom_Container noLightbox\" style=\"opacity:0\"> <h3>50 Jahre SPD Niedersaubach-R\u00fcmmelbach<\/h3> <div class=\"flagPhantom_thumbsWrapper flagPhantom_ThumbScale flagPhantom_LabelHover\"> <div class=\"flagPhantom_ThumbContainer flagPhantom_ThumbLoader\" data-id=\"2560\" data-ratio=\"1.498127340824\" data-title=\"\" data-views=\"40\" data-likes=\"0\"> <a href=\"https:\/\/unser-niedersaubach.de\/wp-content\/flagallery\/50-jahre-spd-niedersaubach-ruemmelbach\/webview\/img_3317.jpg\" class=\"flagPhantom_Thumb\"><img decoding=\"async\" class=\"noLazy\" src=\"https:\/\/unser-niedersaubach.de\/wp-content\/flagallery\/50-jahre-spd-niedersaubach-ruemmelbach\/thumbs\/thumbs_img_3317.jpg\" data-src=\"https:\/\/unser-niedersaubach.de\/wp-content\/flagallery\/50-jahre-spd-niedersaubach-ruemmelbach\/webview\/img_3317.jpg\" alt=\"\"\/><\/a> <div class=\"flagPhantom_ThumbLabel\"> <span class=\"flagPhantom_ThumbLabel_title\"><\/span><\/div> <div style=\"display:none;\" class=\"flagPhantom_Details\"> <\/div> <\/div> <div class=\"flagPhantom_ThumbContainer flagPhantom_ThumbLoader\" data-id=\"2561\" data-ratio=\"1.5056461731493\" data-title=\"\" data-views=\"37\" data-likes=\"0\"> <a href=\"https:\/\/unser-niedersaubach.de\/wp-content\/flagallery\/50-jahre-spd-niedersaubach-ruemmelbach\/webview\/img_3319.jpg\" class=\"flagPhantom_Thumb\"><img decoding=\"async\" class=\"noLazy\" src=\"https:\/\/unser-niedersaubach.de\/wp-content\/flagallery\/50-jahre-spd-niedersaubach-ruemmelbach\/thumbs\/thumbs_img_3319.jpg\" data-src=\"https:\/\/unser-niedersaubach.de\/wp-content\/flagallery\/50-jahre-spd-niedersaubach-ruemmelbach\/webview\/img_3319.jpg\" alt=\"\"\/><\/a> <div class=\"flagPhantom_ThumbLabel\"> <span class=\"flagPhantom_ThumbLabel_title\"><\/span><\/div> <div style=\"display:none;\" class=\"flagPhantom_Details\"> <\/div> <\/div> <div class=\"flagPhantom_ThumbContainer flagPhantom_ThumbLoader\" data-id=\"2562\" data-ratio=\"1.4962593516209\" data-title=\"\" data-views=\"33\" data-likes=\"0\"> <a href=\"https:\/\/unser-niedersaubach.de\/wp-content\/flagallery\/50-jahre-spd-niedersaubach-ruemmelbach\/webview\/img_3320.jpg\" class=\"flagPhantom_Thumb\"><img decoding=\"async\" class=\"noLazy\" src=\"https:\/\/unser-niedersaubach.de\/wp-content\/flagallery\/50-jahre-spd-niedersaubach-ruemmelbach\/thumbs\/thumbs_img_3320.jpg\" data-src=\"https:\/\/unser-niedersaubach.de\/wp-content\/flagallery\/50-jahre-spd-niedersaubach-ruemmelbach\/webview\/img_3320.jpg\" alt=\"\"\/><\/a> <div class=\"flagPhantom_ThumbLabel\"> <span class=\"flagPhantom_ThumbLabel_title\"><\/span><\/div> <div style=\"display:none;\" class=\"flagPhantom_Details\"> <\/div> <\/div> <div class=\"flagPhantom_ThumbContainer flagPhantom_ThumbLoader\" data-id=\"2563\" data-ratio=\"1.4906832298137\" data-title=\"\" data-views=\"37\" data-likes=\"0\"> <a href=\"https:\/\/unser-niedersaubach.de\/wp-content\/flagallery\/50-jahre-spd-niedersaubach-ruemmelbach\/webview\/img_3321.jpg\" class=\"flagPhantom_Thumb\"><img decoding=\"async\" class=\"noLazy\" src=\"https:\/\/unser-niedersaubach.de\/wp-content\/flagallery\/50-jahre-spd-niedersaubach-ruemmelbach\/thumbs\/thumbs_img_3321.jpg\" data-src=\"https:\/\/unser-niedersaubach.de\/wp-content\/flagallery\/50-jahre-spd-niedersaubach-ruemmelbach\/webview\/img_3321.jpg\" alt=\"\"\/><\/a> <div class=\"flagPhantom_ThumbLabel\"> <span class=\"flagPhantom_ThumbLabel_title\"><\/span><\/div> <div style=\"display:none;\" class=\"flagPhantom_Details\"> <\/div> <\/div> <div class=\"flagPhantom_ThumbContainer flagPhantom_ThumbLoader\" data-id=\"2564\" data-ratio=\"1.5345268542199\" data-title=\"\" data-views=\"36\" data-likes=\"0\"> <a href=\"https:\/\/unser-niedersaubach.de\/wp-content\/flagallery\/50-jahre-spd-niedersaubach-ruemmelbach\/webview\/img_3323.jpg\" class=\"flagPhantom_Thumb\"><img decoding=\"async\" class=\"noLazy\" src=\"https:\/\/unser-niedersaubach.de\/wp-content\/flagallery\/50-jahre-spd-niedersaubach-ruemmelbach\/thumbs\/thumbs_img_3323.jpg\" data-src=\"https:\/\/unser-niedersaubach.de\/wp-content\/flagallery\/50-jahre-spd-niedersaubach-ruemmelbach\/webview\/img_3323.jpg\" alt=\"\"\/><\/a> <div class=\"flagPhantom_ThumbLabel\"> <span class=\"flagPhantom_ThumbLabel_title\"><\/span><\/div> <div style=\"display:none;\" class=\"flagPhantom_Details\"> <\/div> <\/div> <div class=\"flagPhantom_ThumbContainer flagPhantom_ThumbLoader\" data-id=\"2565\" data-ratio=\"1.5170670037927\" data-title=\"\" data-views=\"36\" data-likes=\"0\"> <a href=\"https:\/\/unser-niedersaubach.de\/wp-content\/flagallery\/50-jahre-spd-niedersaubach-ruemmelbach\/webview\/img_3325.jpg\" class=\"flagPhantom_Thumb\"><img decoding=\"async\" class=\"noLazy\" src=\"https:\/\/unser-niedersaubach.de\/wp-content\/flagallery\/50-jahre-spd-niedersaubach-ruemmelbach\/thumbs\/thumbs_img_3325.jpg\" data-src=\"https:\/\/unser-niedersaubach.de\/wp-content\/flagallery\/50-jahre-spd-niedersaubach-ruemmelbach\/webview\/img_3325.jpg\" alt=\"\"\/><\/a> <div class=\"flagPhantom_ThumbLabel\"> <span class=\"flagPhantom_ThumbLabel_title\"><\/span><\/div> <div style=\"display:none;\" class=\"flagPhantom_Details\"> <\/div> <\/div> <div class=\"flagPhantom_ThumbContainer flagPhantom_ThumbLoader\" data-id=\"2566\" data-ratio=\"1.5\" data-title=\"\" data-views=\"35\" data-likes=\"0\"> <a href=\"https:\/\/unser-niedersaubach.de\/wp-content\/flagallery\/50-jahre-spd-niedersaubach-ruemmelbach\/webview\/img_3326.jpg\" class=\"flagPhantom_Thumb\"><img decoding=\"async\" class=\"noLazy\" src=\"https:\/\/unser-niedersaubach.de\/wp-content\/flagallery\/50-jahre-spd-niedersaubach-ruemmelbach\/thumbs\/thumbs_img_3326.jpg\" data-src=\"https:\/\/unser-niedersaubach.de\/wp-content\/flagallery\/50-jahre-spd-niedersaubach-ruemmelbach\/webview\/img_3326.jpg\" alt=\"\"\/><\/a> <div class=\"flagPhantom_ThumbLabel\"> <span class=\"flagPhantom_ThumbLabel_title\"><\/span><\/div> <div style=\"display:none;\" class=\"flagPhantom_Details\"> <\/div> <\/div> <div class=\"flagPhantom_ThumbContainer flagPhantom_ThumbLoader\" data-id=\"2567\" data-ratio=\"1.4760147601476\" data-title=\"\" data-views=\"32\" data-likes=\"0\"> <a href=\"https:\/\/unser-niedersaubach.de\/wp-content\/flagallery\/50-jahre-spd-niedersaubach-ruemmelbach\/webview\/img_3327.jpg\" class=\"flagPhantom_Thumb\"><img decoding=\"async\" class=\"noLazy\" src=\"https:\/\/unser-niedersaubach.de\/wp-content\/flagallery\/50-jahre-spd-niedersaubach-ruemmelbach\/thumbs\/thumbs_img_3327.jpg\" data-src=\"https:\/\/unser-niedersaubach.de\/wp-content\/flagallery\/50-jahre-spd-niedersaubach-ruemmelbach\/webview\/img_3327.jpg\" alt=\"\"\/><\/a> <div class=\"flagPhantom_ThumbLabel\"> <span class=\"flagPhantom_ThumbLabel_title\"><\/span><\/div> <div style=\"display:none;\" class=\"flagPhantom_Details\"> <\/div> <\/div> <div class=\"flagPhantom_ThumbContainer flagPhantom_ThumbLoader\" data-id=\"2568\" data-ratio=\"1.6107382550336\" data-title=\"\" data-views=\"30\" data-likes=\"0\"> <a href=\"https:\/\/unser-niedersaubach.de\/wp-content\/flagallery\/50-jahre-spd-niedersaubach-ruemmelbach\/webview\/img_3328.jpg\" class=\"flagPhantom_Thumb\"><img decoding=\"async\" class=\"noLazy\" src=\"https:\/\/unser-niedersaubach.de\/wp-content\/flagallery\/50-jahre-spd-niedersaubach-ruemmelbach\/thumbs\/thumbs_img_3328.jpg\" data-src=\"https:\/\/unser-niedersaubach.de\/wp-content\/flagallery\/50-jahre-spd-niedersaubach-ruemmelbach\/webview\/img_3328.jpg\" alt=\"\"\/><\/a> <div class=\"flagPhantom_ThumbLabel\"> <span class=\"flagPhantom_ThumbLabel_title\"><\/span><\/div> <div style=\"display:none;\" class=\"flagPhantom_Details\"> <\/div> <\/div> <div class=\"flagPhantom_ThumbContainer flagPhantom_ThumbLoader\" data-id=\"2569\" data-ratio=\"1.5209125475285\" data-title=\"\" data-views=\"37\" data-likes=\"0\"> <a href=\"https:\/\/unser-niedersaubach.de\/wp-content\/flagallery\/50-jahre-spd-niedersaubach-ruemmelbach\/webview\/img_3329.jpg\" class=\"flagPhantom_Thumb\"><img decoding=\"async\" class=\"noLazy\" src=\"https:\/\/unser-niedersaubach.de\/wp-content\/flagallery\/50-jahre-spd-niedersaubach-ruemmelbach\/thumbs\/thumbs_img_3329.jpg\" data-src=\"https:\/\/unser-niedersaubach.de\/wp-content\/flagallery\/50-jahre-spd-niedersaubach-ruemmelbach\/webview\/img_3329.jpg\" alt=\"\"\/><\/a> <div class=\"flagPhantom_ThumbLabel\"> <span class=\"flagPhantom_ThumbLabel_title\"><\/span><\/div> <div style=\"display:none;\" class=\"flagPhantom_Details\"> <\/div> <\/div> <div class=\"flagPhantom_ThumbContainer flagPhantom_ThumbLoader\" data-id=\"2570\" data-ratio=\"1.7216642754663\" data-title=\"\" data-views=\"40\" data-likes=\"0\"> <a href=\"https:\/\/unser-niedersaubach.de\/wp-content\/flagallery\/50-jahre-spd-niedersaubach-ruemmelbach\/webview\/img_3331.jpg\" class=\"flagPhantom_Thumb\"><img decoding=\"async\" class=\"noLazy\" src=\"https:\/\/unser-niedersaubach.de\/wp-content\/flagallery\/50-jahre-spd-niedersaubach-ruemmelbach\/thumbs\/thumbs_img_3331.jpg\" data-src=\"https:\/\/unser-niedersaubach.de\/wp-content\/flagallery\/50-jahre-spd-niedersaubach-ruemmelbach\/webview\/img_3331.jpg\" alt=\"\"\/><\/a> <div class=\"flagPhantom_ThumbLabel\"> <span class=\"flagPhantom_ThumbLabel_title\"><\/span><\/div> <div style=\"display:none;\" class=\"flagPhantom_Details\"> <\/div> <\/div> <div class=\"flagPhantom_ThumbContainer flagPhantom_ThumbLoader\" data-id=\"2571\" data-ratio=\"1.7241379310345\" data-title=\"\" data-views=\"35\" data-likes=\"0\"> <a href=\"https:\/\/unser-niedersaubach.de\/wp-content\/flagallery\/50-jahre-spd-niedersaubach-ruemmelbach\/webview\/img_3332.jpg\" class=\"flagPhantom_Thumb\"><img decoding=\"async\" class=\"noLazy\" src=\"https:\/\/unser-niedersaubach.de\/wp-content\/flagallery\/50-jahre-spd-niedersaubach-ruemmelbach\/thumbs\/thumbs_img_3332.jpg\" data-src=\"https:\/\/unser-niedersaubach.de\/wp-content\/flagallery\/50-jahre-spd-niedersaubach-ruemmelbach\/webview\/img_3332.jpg\" alt=\"\"\/><\/a> <div class=\"flagPhantom_ThumbLabel\"> <span class=\"flagPhantom_ThumbLabel_title\"><\/span><\/div> <div style=\"display:none;\" class=\"flagPhantom_Details\"> <\/div> <\/div> <div class=\"flagPhantom_ThumbContainer flagPhantom_ThumbLoader\" data-id=\"2572\" data-ratio=\"1.7441860465116\" data-title=\"\" data-views=\"49\" data-likes=\"0\"> <a href=\"https:\/\/unser-niedersaubach.de\/wp-content\/flagallery\/50-jahre-spd-niedersaubach-ruemmelbach\/webview\/img_3334.jpg\" class=\"flagPhantom_Thumb\"><img decoding=\"async\" class=\"noLazy\" src=\"https:\/\/unser-niedersaubach.de\/wp-content\/flagallery\/50-jahre-spd-niedersaubach-ruemmelbach\/thumbs\/thumbs_img_3334.jpg\" data-src=\"https:\/\/unser-niedersaubach.de\/wp-content\/flagallery\/50-jahre-spd-niedersaubach-ruemmelbach\/webview\/img_3334.jpg\" alt=\"\"\/><\/a> <div class=\"flagPhantom_ThumbLabel\"> <span class=\"flagPhantom_ThumbLabel_title\"><\/span><\/div> <div style=\"display:none;\" class=\"flagPhantom_Details\"> <\/div> <\/div> <div class=\"flagPhantom_ThumbContainer flagPhantom_ThumbLoader\" data-id=\"2573\" data-ratio=\"1.5\" data-title=\"\" data-views=\"45\" data-likes=\"0\"> <a href=\"https:\/\/unser-niedersaubach.de\/wp-content\/flagallery\/50-jahre-spd-niedersaubach-ruemmelbach\/webview\/img_3335.jpg\" class=\"flagPhantom_Thumb\"><img decoding=\"async\" class=\"noLazy\" src=\"https:\/\/unser-niedersaubach.de\/wp-content\/flagallery\/50-jahre-spd-niedersaubach-ruemmelbach\/thumbs\/thumbs_img_3335.jpg\" data-src=\"https:\/\/unser-niedersaubach.de\/wp-content\/flagallery\/50-jahre-spd-niedersaubach-ruemmelbach\/webview\/img_3335.jpg\" alt=\"\"\/><\/a> <div class=\"flagPhantom_ThumbLabel\"> <span class=\"flagPhantom_ThumbLabel_title\"><\/span><\/div> <div style=\"display:none;\" class=\"flagPhantom_Details\"> <\/div> <\/div> <div class=\"flagPhantom_ThumbContainer flagPhantom_ThumbLoader\" data-id=\"2574\" data-ratio=\"1.5\" data-title=\"\" data-views=\"38\" data-likes=\"0\"> <a href=\"https:\/\/unser-niedersaubach.de\/wp-content\/flagallery\/50-jahre-spd-niedersaubach-ruemmelbach\/webview\/img_3336.jpg\" class=\"flagPhantom_Thumb\"><img decoding=\"async\" class=\"noLazy\" src=\"https:\/\/unser-niedersaubach.de\/wp-content\/flagallery\/50-jahre-spd-niedersaubach-ruemmelbach\/thumbs\/thumbs_img_3336.jpg\" data-src=\"https:\/\/unser-niedersaubach.de\/wp-content\/flagallery\/50-jahre-spd-niedersaubach-ruemmelbach\/webview\/img_3336.jpg\" alt=\"\"\/><\/a> <div class=\"flagPhantom_ThumbLabel\"> <span class=\"flagPhantom_ThumbLabel_title\"><\/span><\/div> <div style=\"display:none;\" class=\"flagPhantom_Details\"> <\/div> <\/div> <div class=\"flagPhantom_ThumbContainer flagPhantom_ThumbLoader\" data-id=\"2575\" data-ratio=\"1.5170670037927\" data-title=\"\" data-views=\"38\" data-likes=\"0\"> <a href=\"https:\/\/unser-niedersaubach.de\/wp-content\/flagallery\/50-jahre-spd-niedersaubach-ruemmelbach\/webview\/img_3337.jpg\" class=\"flagPhantom_Thumb\"><img decoding=\"async\" class=\"noLazy\" src=\"https:\/\/unser-niedersaubach.de\/wp-content\/flagallery\/50-jahre-spd-niedersaubach-ruemmelbach\/thumbs\/thumbs_img_3337.jpg\" data-src=\"https:\/\/unser-niedersaubach.de\/wp-content\/flagallery\/50-jahre-spd-niedersaubach-ruemmelbach\/webview\/img_3337.jpg\" alt=\"\"\/><\/a> <div class=\"flagPhantom_ThumbLabel\"> <span class=\"flagPhantom_ThumbLabel_title\"><\/span><\/div> <div style=\"display:none;\" class=\"flagPhantom_Details\"> <\/div> <\/div> <div class=\"flagPhantom_ThumbContainer flagPhantom_ThumbLoader\" data-id=\"2576\" data-ratio=\"1.9354838709677\" data-title=\"\" data-views=\"39\" data-likes=\"0\"> <a href=\"https:\/\/unser-niedersaubach.de\/wp-content\/flagallery\/50-jahre-spd-niedersaubach-ruemmelbach\/webview\/img_3338.jpg\" class=\"flagPhantom_Thumb\"><img decoding=\"async\" class=\"noLazy\" src=\"https:\/\/unser-niedersaubach.de\/wp-content\/flagallery\/50-jahre-spd-niedersaubach-ruemmelbach\/thumbs\/thumbs_img_3338.jpg\" data-src=\"https:\/\/unser-niedersaubach.de\/wp-content\/flagallery\/50-jahre-spd-niedersaubach-ruemmelbach\/webview\/img_3338.jpg\" alt=\"\"\/><\/a> <div class=\"flagPhantom_ThumbLabel\"> <span class=\"flagPhantom_ThumbLabel_title\"><\/span><\/div> <div style=\"display:none;\" class=\"flagPhantom_Details\"> <\/div> <\/div> <div class=\"flagPhantom_ThumbContainer flagPhantom_ThumbLoader\" data-id=\"2577\" data-ratio=\"1.6282225237449\" data-title=\"\" data-views=\"35\" data-likes=\"0\"> <a href=\"https:\/\/unser-niedersaubach.de\/wp-content\/flagallery\/50-jahre-spd-niedersaubach-ruemmelbach\/webview\/img_3340.jpg\" class=\"flagPhantom_Thumb\"><img decoding=\"async\" class=\"noLazy\" src=\"https:\/\/unser-niedersaubach.de\/wp-content\/flagallery\/50-jahre-spd-niedersaubach-ruemmelbach\/thumbs\/thumbs_img_3340.jpg\" data-src=\"https:\/\/unser-niedersaubach.de\/wp-content\/flagallery\/50-jahre-spd-niedersaubach-ruemmelbach\/webview\/img_3340.jpg\" alt=\"\"\/><\/a> <div class=\"flagPhantom_ThumbLabel\"> <span class=\"flagPhantom_ThumbLabel_title\"><\/span><\/div> <div style=\"display:none;\" class=\"flagPhantom_Details\"> <\/div> <\/div> <div class=\"flagPhantom_ThumbContainer flagPhantom_ThumbLoader\" data-id=\"2578\" data-ratio=\"1.5831134564644\" data-title=\"\" data-views=\"32\" data-likes=\"0\"> <a href=\"https:\/\/unser-niedersaubach.de\/wp-content\/flagallery\/50-jahre-spd-niedersaubach-ruemmelbach\/webview\/img_3342.jpg\" class=\"flagPhantom_Thumb\"><img decoding=\"async\" class=\"noLazy\" src=\"https:\/\/unser-niedersaubach.de\/wp-content\/flagallery\/50-jahre-spd-niedersaubach-ruemmelbach\/thumbs\/thumbs_img_3342.jpg\" data-src=\"https:\/\/unser-niedersaubach.de\/wp-content\/flagallery\/50-jahre-spd-niedersaubach-ruemmelbach\/webview\/img_3342.jpg\" alt=\"\"\/><\/a> <div class=\"flagPhantom_ThumbLabel\"> <span class=\"flagPhantom_ThumbLabel_title\"><\/span><\/div> <div style=\"display:none;\" class=\"flagPhantom_Details\"> <\/div> <\/div> <div class=\"flagPhantom_ThumbContainer flagPhantom_ThumbLoader\" data-id=\"2579\" data-ratio=\"1.5\" data-title=\"\" data-views=\"32\" data-likes=\"0\"> <a href=\"https:\/\/unser-niedersaubach.de\/wp-content\/flagallery\/50-jahre-spd-niedersaubach-ruemmelbach\/webview\/img_3343.jpg\" class=\"flagPhantom_Thumb\"><img decoding=\"async\" class=\"noLazy\" src=\"https:\/\/unser-niedersaubach.de\/wp-content\/flagallery\/50-jahre-spd-niedersaubach-ruemmelbach\/thumbs\/thumbs_img_3343.jpg\" data-src=\"https:\/\/unser-niedersaubach.de\/wp-content\/flagallery\/50-jahre-spd-niedersaubach-ruemmelbach\/webview\/img_3343.jpg\" alt=\"\"\/><\/a> <div class=\"flagPhantom_ThumbLabel\"> <span class=\"flagPhantom_ThumbLabel_title\"><\/span><\/div> <div style=\"display:none;\" class=\"flagPhantom_Details\"> <\/div> <\/div> <div class=\"flagPhantom_ThumbContainer flagPhantom_ThumbLoader\" data-id=\"2580\" data-ratio=\"1.3605442176871\" data-title=\"\" data-views=\"36\" data-likes=\"0\"> <a href=\"https:\/\/unser-niedersaubach.de\/wp-content\/flagallery\/50-jahre-spd-niedersaubach-ruemmelbach\/webview\/img_3344.jpg\" class=\"flagPhantom_Thumb\"><img decoding=\"async\" class=\"noLazy\" src=\"https:\/\/unser-niedersaubach.de\/wp-content\/flagallery\/50-jahre-spd-niedersaubach-ruemmelbach\/thumbs\/thumbs_img_3344.jpg\" data-src=\"https:\/\/unser-niedersaubach.de\/wp-content\/flagallery\/50-jahre-spd-niedersaubach-ruemmelbach\/webview\/img_3344.jpg\" alt=\"\"\/><\/a> <div class=\"flagPhantom_ThumbLabel\"> <span class=\"flagPhantom_ThumbLabel_title\"><\/span><\/div> <div style=\"display:none;\" class=\"flagPhantom_Details\"> <\/div> <\/div> <div class=\"flagPhantom_ThumbContainer flagPhantom_ThumbLoader\" data-id=\"2581\" data-ratio=\"1.5748031496063\" data-title=\"\" data-views=\"34\" data-likes=\"0\"> <a href=\"https:\/\/unser-niedersaubach.de\/wp-content\/flagallery\/50-jahre-spd-niedersaubach-ruemmelbach\/webview\/img_3347.jpg\" class=\"flagPhantom_Thumb\"><img decoding=\"async\" class=\"noLazy\" src=\"https:\/\/unser-niedersaubach.de\/wp-content\/flagallery\/50-jahre-spd-niedersaubach-ruemmelbach\/thumbs\/thumbs_img_3347.jpg\" data-src=\"https:\/\/unser-niedersaubach.de\/wp-content\/flagallery\/50-jahre-spd-niedersaubach-ruemmelbach\/webview\/img_3347.jpg\" alt=\"\"\/><\/a> <div class=\"flagPhantom_ThumbLabel\"> <span class=\"flagPhantom_ThumbLabel_title\"><\/span><\/div> <div style=\"display:none;\" class=\"flagPhantom_Details\"> <\/div> <\/div> <div class=\"flagPhantom_ThumbContainer flagPhantom_ThumbLoader\" data-id=\"2582\" data-ratio=\"1\" data-title=\"\" data-views=\"37\" data-likes=\"0\"> <a href=\"https:\/\/unser-niedersaubach.de\/wp-content\/flagallery\/50-jahre-spd-niedersaubach-ruemmelbach\/webview\/img_3350.jpg\" class=\"flagPhantom_Thumb\"><img decoding=\"async\" class=\"noLazy\" src=\"https:\/\/unser-niedersaubach.de\/wp-content\/flagallery\/50-jahre-spd-niedersaubach-ruemmelbach\/thumbs\/thumbs_img_3350.jpg\" data-src=\"https:\/\/unser-niedersaubach.de\/wp-content\/flagallery\/50-jahre-spd-niedersaubach-ruemmelbach\/webview\/img_3350.jpg\" alt=\"\"\/><\/a> <div class=\"flagPhantom_ThumbLabel\"> <span class=\"flagPhantom_ThumbLabel_title\"><\/span><\/div> <div style=\"display:none;\" class=\"flagPhantom_Details\"> <\/div> <\/div> <div class=\"flagPhantom_ThumbContainer flagPhantom_ThumbLoader\" data-id=\"2583\" data-ratio=\"1.27\" data-title=\"\" data-views=\"40\" data-likes=\"0\"> <a href=\"https:\/\/unser-niedersaubach.de\/wp-content\/flagallery\/50-jahre-spd-niedersaubach-ruemmelbach\/webview\/img_3351.jpg\" class=\"flagPhantom_Thumb\"><img decoding=\"async\" class=\"noLazy\" src=\"https:\/\/unser-niedersaubach.de\/wp-content\/flagallery\/50-jahre-spd-niedersaubach-ruemmelbach\/thumbs\/thumbs_img_3351.jpg\" data-src=\"https:\/\/unser-niedersaubach.de\/wp-content\/flagallery\/50-jahre-spd-niedersaubach-ruemmelbach\/webview\/img_3351.jpg\" alt=\"\"\/><\/a> <div class=\"flagPhantom_ThumbLabel\"> <span class=\"flagPhantom_ThumbLabel_title\"><\/span><\/div> <div style=\"display:none;\" class=\"flagPhantom_Details\"> <\/div> <\/div> <div class=\"flagPhantom_ThumbContainer flagPhantom_ThumbLoader\" data-id=\"2508\" data-ratio=\"1.5\" data-title=\"\" data-views=\"74\" data-likes=\"0\"> <a href=\"https:\/\/unser-niedersaubach.de\/wp-content\/flagallery\/50-jahre-spd-niedersaubach-ruemmelbach\/webview\/img_3248.jpg\" class=\"flagPhantom_Thumb\"><img decoding=\"async\" class=\"noLazy\" src=\"https:\/\/unser-niedersaubach.de\/wp-content\/flagallery\/50-jahre-spd-niedersaubach-ruemmelbach\/thumbs\/thumbs_img_3248.jpg\" data-src=\"https:\/\/unser-niedersaubach.de\/wp-content\/flagallery\/50-jahre-spd-niedersaubach-ruemmelbach\/webview\/img_3248.jpg\" alt=\"\"\/><\/a> <div class=\"flagPhantom_ThumbLabel\"> <span class=\"flagPhantom_ThumbLabel_title\"><\/span><\/div> <div style=\"display:none;\" class=\"flagPhantom_Details\"> <\/div> <\/div> <div class=\"flagPhantom_ThumbContainer flagPhantom_ThumbLoader\" data-id=\"2509\" data-ratio=\"1.6238159675237\" data-title=\"\" data-views=\"70\" data-likes=\"0\"> <a href=\"https:\/\/unser-niedersaubach.de\/wp-content\/flagallery\/50-jahre-spd-niedersaubach-ruemmelbach\/webview\/img_3249.jpg\" class=\"flagPhantom_Thumb\"><img decoding=\"async\" class=\"noLazy\" src=\"https:\/\/unser-niedersaubach.de\/wp-content\/flagallery\/50-jahre-spd-niedersaubach-ruemmelbach\/thumbs\/thumbs_img_3249.jpg\" data-src=\"https:\/\/unser-niedersaubach.de\/wp-content\/flagallery\/50-jahre-spd-niedersaubach-ruemmelbach\/webview\/img_3249.jpg\" alt=\"\"\/><\/a> <div class=\"flagPhantom_ThumbLabel\"> <span class=\"flagPhantom_ThumbLabel_title\"><\/span><\/div> <div style=\"display:none;\" class=\"flagPhantom_Details\"> <\/div> <\/div> <div class=\"flagPhantom_ThumbContainer flagPhantom_ThumbLoader\" data-id=\"2510\" data-ratio=\"1.5132408575032\" data-title=\"\" data-views=\"68\" data-likes=\"0\"> <a href=\"https:\/\/unser-niedersaubach.de\/wp-content\/flagallery\/50-jahre-spd-niedersaubach-ruemmelbach\/webview\/img_3251.jpg\" class=\"flagPhantom_Thumb\"><img decoding=\"async\" class=\"noLazy\" src=\"https:\/\/unser-niedersaubach.de\/wp-content\/flagallery\/50-jahre-spd-niedersaubach-ruemmelbach\/thumbs\/thumbs_img_3251.jpg\" data-src=\"https:\/\/unser-niedersaubach.de\/wp-content\/flagallery\/50-jahre-spd-niedersaubach-ruemmelbach\/webview\/img_3251.jpg\" alt=\"\"\/><\/a> <div class=\"flagPhantom_ThumbLabel\"> <span class=\"flagPhantom_ThumbLabel_title\"><\/span><\/div> <div style=\"display:none;\" class=\"flagPhantom_Details\"> <\/div> <\/div> <div class=\"flagPhantom_ThumbContainer flagPhantom_ThumbLoader\" data-id=\"2511\" data-ratio=\"1.6830294530154\" data-title=\"\" data-views=\"82\" data-likes=\"0\"> <a href=\"https:\/\/unser-niedersaubach.de\/wp-content\/flagallery\/50-jahre-spd-niedersaubach-ruemmelbach\/webview\/img_3253.jpg\" class=\"flagPhantom_Thumb\"><img decoding=\"async\" class=\"noLazy\" src=\"https:\/\/unser-niedersaubach.de\/wp-content\/flagallery\/50-jahre-spd-niedersaubach-ruemmelbach\/thumbs\/thumbs_img_3253.jpg\" data-src=\"https:\/\/unser-niedersaubach.de\/wp-content\/flagallery\/50-jahre-spd-niedersaubach-ruemmelbach\/webview\/img_3253.jpg\" alt=\"\"\/><\/a> <div class=\"flagPhantom_ThumbLabel\"> <span class=\"flagPhantom_ThumbLabel_title\"><\/span><\/div> <div style=\"display:none;\" class=\"flagPhantom_Details\"> <\/div> <\/div> <div class=\"flagPhantom_ThumbContainer flagPhantom_ThumbLoader\" data-id=\"2512\" data-ratio=\"1.5503875968992\" data-title=\"\" data-views=\"78\" data-likes=\"0\"> <a href=\"https:\/\/unser-niedersaubach.de\/wp-content\/flagallery\/50-jahre-spd-niedersaubach-ruemmelbach\/webview\/img_3254.jpg\" class=\"flagPhantom_Thumb\"><img decoding=\"async\" class=\"noLazy\" src=\"https:\/\/unser-niedersaubach.de\/wp-content\/flagallery\/50-jahre-spd-niedersaubach-ruemmelbach\/thumbs\/thumbs_img_3254.jpg\" data-src=\"https:\/\/unser-niedersaubach.de\/wp-content\/flagallery\/50-jahre-spd-niedersaubach-ruemmelbach\/webview\/img_3254.jpg\" alt=\"\"\/><\/a> <div class=\"flagPhantom_ThumbLabel\"> <span class=\"flagPhantom_ThumbLabel_title\"><\/span><\/div> <div style=\"display:none;\" class=\"flagPhantom_Details\"> <\/div> <\/div> <div class=\"flagPhantom_ThumbContainer flagPhantom_ThumbLoader\" data-id=\"2513\" data-ratio=\"1.5957446808511\" data-title=\"\" data-views=\"74\" data-likes=\"0\"> <a href=\"https:\/\/unser-niedersaubach.de\/wp-content\/flagallery\/50-jahre-spd-niedersaubach-ruemmelbach\/webview\/img_3255.jpg\" class=\"flagPhantom_Thumb\"><img decoding=\"async\" class=\"noLazy\" src=\"https:\/\/unser-niedersaubach.de\/wp-content\/flagallery\/50-jahre-spd-niedersaubach-ruemmelbach\/thumbs\/thumbs_img_3255.jpg\" data-src=\"https:\/\/unser-niedersaubach.de\/wp-content\/flagallery\/50-jahre-spd-niedersaubach-ruemmelbach\/webview\/img_3255.jpg\" alt=\"\"\/><\/a> <div class=\"flagPhantom_ThumbLabel\"> <span class=\"flagPhantom_ThumbLabel_title\"><\/span><\/div> <div style=\"display:none;\" class=\"flagPhantom_Details\"> <\/div> <\/div> <div class=\"flagPhantom_ThumbContainer flagPhantom_ThumbLoader\" data-id=\"2514\" data-ratio=\"1.468788249694\" data-title=\"\" data-views=\"75\" data-likes=\"0\"> <a href=\"https:\/\/unser-niedersaubach.de\/wp-content\/flagallery\/50-jahre-spd-niedersaubach-ruemmelbach\/webview\/img_3256.jpg\" class=\"flagPhantom_Thumb\"><img decoding=\"async\" class=\"noLazy\" src=\"https:\/\/unser-niedersaubach.de\/wp-content\/flagallery\/50-jahre-spd-niedersaubach-ruemmelbach\/thumbs\/thumbs_img_3256.jpg\" data-src=\"https:\/\/unser-niedersaubach.de\/wp-content\/flagallery\/50-jahre-spd-niedersaubach-ruemmelbach\/webview\/img_3256.jpg\" alt=\"\"\/><\/a> <div class=\"flagPhantom_ThumbLabel\"> <span class=\"flagPhantom_ThumbLabel_title\"><\/span><\/div> <div style=\"display:none;\" class=\"flagPhantom_Details\"> <\/div> <\/div> <div class=\"flagPhantom_ThumbContainer flagPhantom_ThumbLoader\" data-id=\"2515\" data-ratio=\"1.5189873417722\" data-title=\"\" data-views=\"81\" data-likes=\"0\"> <a href=\"https:\/\/unser-niedersaubach.de\/wp-content\/flagallery\/50-jahre-spd-niedersaubach-ruemmelbach\/webview\/img_3257.jpg\" class=\"flagPhantom_Thumb\"><img decoding=\"async\" class=\"noLazy\" src=\"https:\/\/unser-niedersaubach.de\/wp-content\/flagallery\/50-jahre-spd-niedersaubach-ruemmelbach\/thumbs\/thumbs_img_3257.jpg\" data-src=\"https:\/\/unser-niedersaubach.de\/wp-content\/flagallery\/50-jahre-spd-niedersaubach-ruemmelbach\/webview\/img_3257.jpg\" alt=\"\"\/><\/a> <div class=\"flagPhantom_ThumbLabel\"> <span class=\"flagPhantom_ThumbLabel_title\"><\/span><\/div> <div style=\"display:none;\" class=\"flagPhantom_Details\"> <\/div> <\/div> <div class=\"flagPhantom_ThumbContainer flagPhantom_ThumbLoader\" data-id=\"2516\" data-ratio=\"1.5\" data-title=\"\" data-views=\"89\" data-likes=\"0\"> <a href=\"https:\/\/unser-niedersaubach.de\/wp-content\/flagallery\/50-jahre-spd-niedersaubach-ruemmelbach\/webview\/img_3258.jpg\" class=\"flagPhantom_Thumb\"><img decoding=\"async\" class=\"noLazy\" src=\"https:\/\/unser-niedersaubach.de\/wp-content\/flagallery\/50-jahre-spd-niedersaubach-ruemmelbach\/thumbs\/thumbs_img_3258.jpg\" data-src=\"https:\/\/unser-niedersaubach.de\/wp-content\/flagallery\/50-jahre-spd-niedersaubach-ruemmelbach\/webview\/img_3258.jpg\" alt=\"\"\/><\/a> <div class=\"flagPhantom_ThumbLabel\"> <span class=\"flagPhantom_ThumbLabel_title\"><\/span><\/div> <div style=\"display:none;\" class=\"flagPhantom_Details\"> <\/div> <\/div> <div class=\"flagPhantom_ThumbContainer flagPhantom_ThumbLoader\" data-id=\"2517\" data-ratio=\"1.494396014944\" data-title=\"\" data-views=\"88\" data-likes=\"0\"> <a href=\"https:\/\/unser-niedersaubach.de\/wp-content\/flagallery\/50-jahre-spd-niedersaubach-ruemmelbach\/webview\/img_3259.jpg\" class=\"flagPhantom_Thumb\"><img decoding=\"async\" class=\"noLazy\" src=\"https:\/\/unser-niedersaubach.de\/wp-content\/flagallery\/50-jahre-spd-niedersaubach-ruemmelbach\/thumbs\/thumbs_img_3259.jpg\" data-src=\"https:\/\/unser-niedersaubach.de\/wp-content\/flagallery\/50-jahre-spd-niedersaubach-ruemmelbach\/webview\/img_3259.jpg\" alt=\"\"\/><\/a> <div class=\"flagPhantom_ThumbLabel\"> <span class=\"flagPhantom_ThumbLabel_title\"><\/span><\/div> <div style=\"display:none;\" class=\"flagPhantom_Details\"> <\/div> <\/div> <div class=\"flagPhantom_ThumbContainer flagPhantom_ThumbLoader\" data-id=\"2518\" data-ratio=\"1.4150943396226\" data-title=\"\" data-views=\"103\" data-likes=\"0\"> <a href=\"https:\/\/unser-niedersaubach.de\/wp-content\/flagallery\/50-jahre-spd-niedersaubach-ruemmelbach\/webview\/img_3261.jpg\" class=\"flagPhantom_Thumb\"><img decoding=\"async\" class=\"noLazy\" src=\"https:\/\/unser-niedersaubach.de\/wp-content\/flagallery\/50-jahre-spd-niedersaubach-ruemmelbach\/thumbs\/thumbs_img_3261.jpg\" data-src=\"https:\/\/unser-niedersaubach.de\/wp-content\/flagallery\/50-jahre-spd-niedersaubach-ruemmelbach\/webview\/img_3261.jpg\" alt=\"\"\/><\/a> <div class=\"flagPhantom_ThumbLabel\"> <span class=\"flagPhantom_ThumbLabel_title\"><\/span><\/div> <div style=\"display:none;\" class=\"flagPhantom_Details\"> <\/div> <\/div> <div class=\"flagPhantom_ThumbContainer flagPhantom_ThumbLoader\" data-id=\"2519\" data-ratio=\"1.5\" data-title=\"\" data-views=\"107\" data-likes=\"0\"> <a href=\"https:\/\/unser-niedersaubach.de\/wp-content\/flagallery\/50-jahre-spd-niedersaubach-ruemmelbach\/webview\/img_3262.jpg\" class=\"flagPhantom_Thumb\"><img decoding=\"async\" class=\"noLazy\" src=\"https:\/\/unser-niedersaubach.de\/wp-content\/flagallery\/50-jahre-spd-niedersaubach-ruemmelbach\/thumbs\/thumbs_img_3262.jpg\" data-src=\"https:\/\/unser-niedersaubach.de\/wp-content\/flagallery\/50-jahre-spd-niedersaubach-ruemmelbach\/webview\/img_3262.jpg\" alt=\"\"\/><\/a> <div class=\"flagPhantom_ThumbLabel\"> <span class=\"flagPhantom_ThumbLabel_title\"><\/span><\/div> <div style=\"display:none;\" class=\"flagPhantom_Details\"> <\/div> <\/div> <div class=\"flagPhantom_ThumbContainer flagPhantom_ThumbLoader\" data-id=\"2520\" data-ratio=\"1.6\" data-title=\"\" data-views=\"141\" data-likes=\"0\"> <a href=\"https:\/\/unser-niedersaubach.de\/wp-content\/flagallery\/50-jahre-spd-niedersaubach-ruemmelbach\/webview\/img_3263.jpg\" class=\"flagPhantom_Thumb\"><img decoding=\"async\" class=\"noLazy\" src=\"https:\/\/unser-niedersaubach.de\/wp-content\/flagallery\/50-jahre-spd-niedersaubach-ruemmelbach\/thumbs\/thumbs_img_3263.jpg\" data-src=\"https:\/\/unser-niedersaubach.de\/wp-content\/flagallery\/50-jahre-spd-niedersaubach-ruemmelbach\/webview\/img_3263.jpg\" alt=\"\"\/><\/a> <div class=\"flagPhantom_ThumbLabel\"> <span class=\"flagPhantom_ThumbLabel_title\"><\/span><\/div> <div style=\"display:none;\" class=\"flagPhantom_Details\"> <\/div> <\/div> <div class=\"flagPhantom_ThumbContainer flagPhantom_ThumbLoader\" data-id=\"2521\" data-ratio=\"1.5113350125945\" data-title=\"\" data-views=\"83\" data-likes=\"0\"> <a href=\"https:\/\/unser-niedersaubach.de\/wp-content\/flagallery\/50-jahre-spd-niedersaubach-ruemmelbach\/webview\/img_3265.jpg\" class=\"flagPhantom_Thumb\"><img decoding=\"async\" class=\"noLazy\" src=\"https:\/\/unser-niedersaubach.de\/wp-content\/flagallery\/50-jahre-spd-niedersaubach-ruemmelbach\/thumbs\/thumbs_img_3265.jpg\" data-src=\"https:\/\/unser-niedersaubach.de\/wp-content\/flagallery\/50-jahre-spd-niedersaubach-ruemmelbach\/webview\/img_3265.jpg\" alt=\"\"\/><\/a> <div class=\"flagPhantom_ThumbLabel\"> <span class=\"flagPhantom_ThumbLabel_title\"><\/span><\/div> <div style=\"display:none;\" class=\"flagPhantom_Details\"> <\/div> <\/div> <div class=\"flagPhantom_ThumbContainer flagPhantom_ThumbLoader\" data-id=\"2522\" data-ratio=\"1\" data-title=\"\" data-views=\"66\" data-likes=\"0\"> <a href=\"https:\/\/unser-niedersaubach.de\/wp-content\/flagallery\/50-jahre-spd-niedersaubach-ruemmelbach\/webview\/img_3266.jpg\" class=\"flagPhantom_Thumb\"><img decoding=\"async\" class=\"noLazy\" src=\"https:\/\/unser-niedersaubach.de\/wp-content\/flagallery\/50-jahre-spd-niedersaubach-ruemmelbach\/thumbs\/thumbs_img_3266.jpg\" data-src=\"https:\/\/unser-niedersaubach.de\/wp-content\/flagallery\/50-jahre-spd-niedersaubach-ruemmelbach\/webview\/img_3266.jpg\" alt=\"\"\/><\/a> <div class=\"flagPhantom_ThumbLabel\"> <span class=\"flagPhantom_ThumbLabel_title\"><\/span><\/div> <div style=\"display:none;\" class=\"flagPhantom_Details\"> <\/div> <\/div> <div class=\"flagPhantom_ThumbContainer flagPhantom_ThumbLoader\" data-id=\"2523\" data-ratio=\"1.498127340824\" data-title=\"\" data-views=\"62\" data-likes=\"0\"> <a href=\"https:\/\/unser-niedersaubach.de\/wp-content\/flagallery\/50-jahre-spd-niedersaubach-ruemmelbach\/webview\/img_3267.jpg\" class=\"flagPhantom_Thumb\"><img decoding=\"async\" class=\"noLazy\" src=\"https:\/\/unser-niedersaubach.de\/wp-content\/flagallery\/50-jahre-spd-niedersaubach-ruemmelbach\/thumbs\/thumbs_img_3267.jpg\" data-src=\"https:\/\/unser-niedersaubach.de\/wp-content\/flagallery\/50-jahre-spd-niedersaubach-ruemmelbach\/webview\/img_3267.jpg\" alt=\"\"\/><\/a> <div class=\"flagPhantom_ThumbLabel\"> <span class=\"flagPhantom_ThumbLabel_title\"><\/span><\/div> <div style=\"display:none;\" class=\"flagPhantom_Details\"> <\/div> <\/div> <div class=\"flagPhantom_ThumbContainer flagPhantom_ThumbLoader\" data-id=\"2524\" data-ratio=\"1.4778325123153\" data-title=\"\" data-views=\"64\" data-likes=\"0\"> <a href=\"https:\/\/unser-niedersaubach.de\/wp-content\/flagallery\/50-jahre-spd-niedersaubach-ruemmelbach\/webview\/img_3268.jpg\" class=\"flagPhantom_Thumb\"><img decoding=\"async\" class=\"noLazy\" src=\"https:\/\/unser-niedersaubach.de\/wp-content\/flagallery\/50-jahre-spd-niedersaubach-ruemmelbach\/thumbs\/thumbs_img_3268.jpg\" data-src=\"https:\/\/unser-niedersaubach.de\/wp-content\/flagallery\/50-jahre-spd-niedersaubach-ruemmelbach\/webview\/img_3268.jpg\" alt=\"\"\/><\/a> <div class=\"flagPhantom_ThumbLabel\"> <span class=\"flagPhantom_ThumbLabel_title\"><\/span><\/div> <div style=\"display:none;\" class=\"flagPhantom_Details\"> <\/div> <\/div> <div class=\"flagPhantom_ThumbContainer flagPhantom_ThumbLoader\" data-id=\"2525\" data-ratio=\"1.7673048600884\" data-title=\"\" data-views=\"67\" data-likes=\"0\"> <a href=\"https:\/\/unser-niedersaubach.de\/wp-content\/flagallery\/50-jahre-spd-niedersaubach-ruemmelbach\/webview\/img_3270.jpg\" class=\"flagPhantom_Thumb\"><img decoding=\"async\" class=\"noLazy\" src=\"https:\/\/unser-niedersaubach.de\/wp-content\/flagallery\/50-jahre-spd-niedersaubach-ruemmelbach\/thumbs\/thumbs_img_3270.jpg\" data-src=\"https:\/\/unser-niedersaubach.de\/wp-content\/flagallery\/50-jahre-spd-niedersaubach-ruemmelbach\/webview\/img_3270.jpg\" alt=\"\"\/><\/a> <div class=\"flagPhantom_ThumbLabel\"> <span class=\"flagPhantom_ThumbLabel_title\"><\/span><\/div> <div style=\"display:none;\" class=\"flagPhantom_Details\"> <\/div> <\/div> <div class=\"flagPhantom_ThumbContainer flagPhantom_ThumbLoader\" data-id=\"2526\" data-ratio=\"1.498127340824\" data-title=\"\" data-views=\"67\" data-likes=\"0\"> <a href=\"https:\/\/unser-niedersaubach.de\/wp-content\/flagallery\/50-jahre-spd-niedersaubach-ruemmelbach\/webview\/img_3272.jpg\" class=\"flagPhantom_Thumb\"><img decoding=\"async\" class=\"noLazy\" src=\"https:\/\/unser-niedersaubach.de\/wp-content\/flagallery\/50-jahre-spd-niedersaubach-ruemmelbach\/thumbs\/thumbs_img_3272.jpg\" data-src=\"https:\/\/unser-niedersaubach.de\/wp-content\/flagallery\/50-jahre-spd-niedersaubach-ruemmelbach\/webview\/img_3272.jpg\" alt=\"\"\/><\/a> <div class=\"flagPhantom_ThumbLabel\"> <span class=\"flagPhantom_ThumbLabel_title\"><\/span><\/div> <div style=\"display:none;\" class=\"flagPhantom_Details\"> <\/div> <\/div> <div class=\"flagPhantom_ThumbContainer flagPhantom_ThumbLoader\" data-id=\"2527\" data-ratio=\"1.4117647058824\" data-title=\"\" data-views=\"58\" data-likes=\"0\"> <a href=\"https:\/\/unser-niedersaubach.de\/wp-content\/flagallery\/50-jahre-spd-niedersaubach-ruemmelbach\/webview\/img_3273.jpg\" class=\"flagPhantom_Thumb\"><img decoding=\"async\" class=\"noLazy\" src=\"https:\/\/unser-niedersaubach.de\/wp-content\/flagallery\/50-jahre-spd-niedersaubach-ruemmelbach\/thumbs\/thumbs_img_3273.jpg\" data-src=\"https:\/\/unser-niedersaubach.de\/wp-content\/flagallery\/50-jahre-spd-niedersaubach-ruemmelbach\/webview\/img_3273.jpg\" alt=\"\"\/><\/a> <div class=\"flagPhantom_ThumbLabel\"> <span class=\"flagPhantom_ThumbLabel_title\"><\/span><\/div> <div style=\"display:none;\" class=\"flagPhantom_Details\"> <\/div> <\/div> <div class=\"flagPhantom_ThumbContainer flagPhantom_ThumbLoader\" data-id=\"2528\" data-ratio=\"1.3921113689095\" data-title=\"\" data-views=\"52\" data-likes=\"0\"> <a href=\"https:\/\/unser-niedersaubach.de\/wp-content\/flagallery\/50-jahre-spd-niedersaubach-ruemmelbach\/webview\/img_3274.jpg\" class=\"flagPhantom_Thumb\"><img decoding=\"async\" class=\"noLazy\" src=\"https:\/\/unser-niedersaubach.de\/wp-content\/flagallery\/50-jahre-spd-niedersaubach-ruemmelbach\/thumbs\/thumbs_img_3274.jpg\" data-src=\"https:\/\/unser-niedersaubach.de\/wp-content\/flagallery\/50-jahre-spd-niedersaubach-ruemmelbach\/webview\/img_3274.jpg\" alt=\"\"\/><\/a> <div class=\"flagPhantom_ThumbLabel\"> <span class=\"flagPhantom_ThumbLabel_title\"><\/span><\/div> <div style=\"display:none;\" class=\"flagPhantom_Details\"> <\/div> <\/div> <div class=\"flagPhantom_ThumbContainer flagPhantom_ThumbLoader\" data-id=\"2529\" data-ratio=\"1.5444015444015\" data-title=\"\" data-views=\"46\" data-likes=\"0\"> <a href=\"https:\/\/unser-niedersaubach.de\/wp-content\/flagallery\/50-jahre-spd-niedersaubach-ruemmelbach\/webview\/img_3275.jpg\" class=\"flagPhantom_Thumb\"><img decoding=\"async\" class=\"noLazy\" src=\"https:\/\/unser-niedersaubach.de\/wp-content\/flagallery\/50-jahre-spd-niedersaubach-ruemmelbach\/thumbs\/thumbs_img_3275.jpg\" data-src=\"https:\/\/unser-niedersaubach.de\/wp-content\/flagallery\/50-jahre-spd-niedersaubach-ruemmelbach\/webview\/img_3275.jpg\" alt=\"\"\/><\/a> <div class=\"flagPhantom_ThumbLabel\"> <span class=\"flagPhantom_ThumbLabel_title\"><\/span><\/div> <div style=\"display:none;\" class=\"flagPhantom_Details\"> <\/div> <\/div> <div class=\"flagPhantom_ThumbContainer flagPhantom_ThumbLoader\" data-id=\"2530\" data-ratio=\"1.6460905349794\" data-title=\"\" data-views=\"60\" data-likes=\"0\"> <a href=\"https:\/\/unser-niedersaubach.de\/wp-content\/flagallery\/50-jahre-spd-niedersaubach-ruemmelbach\/webview\/img_3276.jpg\" class=\"flagPhantom_Thumb\"><img decoding=\"async\" class=\"noLazy\" src=\"https:\/\/unser-niedersaubach.de\/wp-content\/flagallery\/50-jahre-spd-niedersaubach-ruemmelbach\/thumbs\/thumbs_img_3276.jpg\" data-src=\"https:\/\/unser-niedersaubach.de\/wp-content\/flagallery\/50-jahre-spd-niedersaubach-ruemmelbach\/webview\/img_3276.jpg\" alt=\"\"\/><\/a> <div class=\"flagPhantom_ThumbLabel\"> <span class=\"flagPhantom_ThumbLabel_title\"><\/span><\/div> <div style=\"display:none;\" class=\"flagPhantom_Details\"> <\/div> <\/div> <div class=\"flagPhantom_ThumbContainer flagPhantom_ThumbLoader\" data-id=\"2531\" data-ratio=\"1.498127340824\" data-title=\"\" data-views=\"60\" data-likes=\"0\"> <a href=\"https:\/\/unser-niedersaubach.de\/wp-content\/flagallery\/50-jahre-spd-niedersaubach-ruemmelbach\/webview\/img_3277.jpg\" class=\"flagPhantom_Thumb\"><img decoding=\"async\" class=\"noLazy\" src=\"https:\/\/unser-niedersaubach.de\/wp-content\/flagallery\/50-jahre-spd-niedersaubach-ruemmelbach\/thumbs\/thumbs_img_3277.jpg\" data-src=\"https:\/\/unser-niedersaubach.de\/wp-content\/flagallery\/50-jahre-spd-niedersaubach-ruemmelbach\/webview\/img_3277.jpg\" alt=\"\"\/><\/a> <div class=\"flagPhantom_ThumbLabel\"> <span class=\"flagPhantom_ThumbLabel_title\"><\/span><\/div> <div style=\"display:none;\" class=\"flagPhantom_Details\"> <\/div> <\/div> <div class=\"flagPhantom_ThumbContainer flagPhantom_ThumbLoader\" data-id=\"2532\" data-ratio=\"1.6172506738544\" data-title=\"\" data-views=\"59\" data-likes=\"0\"> <a href=\"https:\/\/unser-niedersaubach.de\/wp-content\/flagallery\/50-jahre-spd-niedersaubach-ruemmelbach\/webview\/img_3279.jpg\" class=\"flagPhantom_Thumb\"><img decoding=\"async\" class=\"noLazy\" src=\"https:\/\/unser-niedersaubach.de\/wp-content\/flagallery\/50-jahre-spd-niedersaubach-ruemmelbach\/thumbs\/thumbs_img_3279.jpg\" data-src=\"https:\/\/unser-niedersaubach.de\/wp-content\/flagallery\/50-jahre-spd-niedersaubach-ruemmelbach\/webview\/img_3279.jpg\" alt=\"\"\/><\/a> <div class=\"flagPhantom_ThumbLabel\"> <span class=\"flagPhantom_ThumbLabel_title\"><\/span><\/div> <div style=\"display:none;\" class=\"flagPhantom_Details\"> <\/div> <\/div> <div class=\"flagPhantom_ThumbContainer flagPhantom_ThumbLoader\" data-id=\"2533\" data-ratio=\"1\" data-title=\"\" data-views=\"56\" data-likes=\"0\"> <a href=\"https:\/\/unser-niedersaubach.de\/wp-content\/flagallery\/50-jahre-spd-niedersaubach-ruemmelbach\/webview\/img_3281.jpg\" class=\"flagPhantom_Thumb\"><img decoding=\"async\" class=\"noLazy\" src=\"https:\/\/unser-niedersaubach.de\/wp-content\/flagallery\/50-jahre-spd-niedersaubach-ruemmelbach\/thumbs\/thumbs_img_3281.jpg\" data-src=\"https:\/\/unser-niedersaubach.de\/wp-content\/flagallery\/50-jahre-spd-niedersaubach-ruemmelbach\/webview\/img_3281.jpg\" alt=\"\"\/><\/a> <div class=\"flagPhantom_ThumbLabel\"> <span class=\"flagPhantom_ThumbLabel_title\"><\/span><\/div> <div style=\"display:none;\" class=\"flagPhantom_Details\"> <\/div> <\/div> <div class=\"flagPhantom_ThumbContainer flagPhantom_ThumbLoader\" data-id=\"2534\" data-ratio=\"1.4051522248244\" data-title=\"\" data-views=\"44\" data-likes=\"0\"> <a href=\"https:\/\/unser-niedersaubach.de\/wp-content\/flagallery\/50-jahre-spd-niedersaubach-ruemmelbach\/webview\/img_3282.jpg\" class=\"flagPhantom_Thumb\"><img decoding=\"async\" class=\"noLazy\" src=\"https:\/\/unser-niedersaubach.de\/wp-content\/flagallery\/50-jahre-spd-niedersaubach-ruemmelbach\/thumbs\/thumbs_img_3282.jpg\" data-src=\"https:\/\/unser-niedersaubach.de\/wp-content\/flagallery\/50-jahre-spd-niedersaubach-ruemmelbach\/webview\/img_3282.jpg\" alt=\"\"\/><\/a> <div class=\"flagPhantom_ThumbLabel\"> <span class=\"flagPhantom_ThumbLabel_title\"><\/span><\/div> <div style=\"display:none;\" class=\"flagPhantom_Details\"> <\/div> <\/div> <div class=\"flagPhantom_ThumbContainer flagPhantom_ThumbLoader\" data-id=\"2535\" data-ratio=\"1.530612244898\" data-title=\"\" data-views=\"55\" data-likes=\"0\"> <a href=\"https:\/\/unser-niedersaubach.de\/wp-content\/flagallery\/50-jahre-spd-niedersaubach-ruemmelbach\/webview\/img_3283.jpg\" class=\"flagPhantom_Thumb\"><img decoding=\"async\" class=\"noLazy\" src=\"https:\/\/unser-niedersaubach.de\/wp-content\/flagallery\/50-jahre-spd-niedersaubach-ruemmelbach\/thumbs\/thumbs_img_3283.jpg\" data-src=\"https:\/\/unser-niedersaubach.de\/wp-content\/flagallery\/50-jahre-spd-niedersaubach-ruemmelbach\/webview\/img_3283.jpg\" alt=\"\"\/><\/a> <div class=\"flagPhantom_ThumbLabel\"> <span class=\"flagPhantom_ThumbLabel_title\"><\/span><\/div> <div style=\"display:none;\" class=\"flagPhantom_Details\"> <\/div> <\/div> <div class=\"flagPhantom_ThumbContainer flagPhantom_ThumbLoader\" data-id=\"2536\" data-ratio=\"1.1555555555556\" data-title=\"\" data-views=\"43\" data-likes=\"0\"> <a href=\"https:\/\/unser-niedersaubach.de\/wp-content\/flagallery\/50-jahre-spd-niedersaubach-ruemmelbach\/webview\/img_3284.jpg\" class=\"flagPhantom_Thumb\"><img decoding=\"async\" class=\"noLazy\" src=\"https:\/\/unser-niedersaubach.de\/wp-content\/flagallery\/50-jahre-spd-niedersaubach-ruemmelbach\/thumbs\/thumbs_img_3284.jpg\" data-src=\"https:\/\/unser-niedersaubach.de\/wp-content\/flagallery\/50-jahre-spd-niedersaubach-ruemmelbach\/webview\/img_3284.jpg\" alt=\"\"\/><\/a> <div class=\"flagPhantom_ThumbLabel\"> <span class=\"flagPhantom_ThumbLabel_title\"><\/span><\/div> <div style=\"display:none;\" class=\"flagPhantom_Details\"> <\/div> <\/div> <div class=\"flagPhantom_ThumbContainer flagPhantom_ThumbLoader\" data-id=\"2537\" data-ratio=\"1.5113350125945\" data-title=\"\" data-views=\"51\" data-likes=\"0\"> <a href=\"https:\/\/unser-niedersaubach.de\/wp-content\/flagallery\/50-jahre-spd-niedersaubach-ruemmelbach\/webview\/img_3287.jpg\" class=\"flagPhantom_Thumb\"><img decoding=\"async\" class=\"noLazy\" src=\"https:\/\/unser-niedersaubach.de\/wp-content\/flagallery\/50-jahre-spd-niedersaubach-ruemmelbach\/thumbs\/thumbs_img_3287.jpg\" data-src=\"https:\/\/unser-niedersaubach.de\/wp-content\/flagallery\/50-jahre-spd-niedersaubach-ruemmelbach\/webview\/img_3287.jpg\" alt=\"\"\/><\/a> <div class=\"flagPhantom_ThumbLabel\"> <span class=\"flagPhantom_ThumbLabel_title\"><\/span><\/div> <div style=\"display:none;\" class=\"flagPhantom_Details\"> <\/div> <\/div> <div class=\"flagPhantom_ThumbContainer flagPhantom_ThumbLoader\" data-id=\"2538\" data-ratio=\"1.4492753623188\" data-title=\"\" data-views=\"47\" data-likes=\"0\"> <a href=\"https:\/\/unser-niedersaubach.de\/wp-content\/flagallery\/50-jahre-spd-niedersaubach-ruemmelbach\/webview\/img_3289.jpg\" class=\"flagPhantom_Thumb\"><img decoding=\"async\" class=\"noLazy\" src=\"https:\/\/unser-niedersaubach.de\/wp-content\/flagallery\/50-jahre-spd-niedersaubach-ruemmelbach\/thumbs\/thumbs_img_3289.jpg\" data-src=\"https:\/\/unser-niedersaubach.de\/wp-content\/flagallery\/50-jahre-spd-niedersaubach-ruemmelbach\/webview\/img_3289.jpg\" alt=\"\"\/><\/a> <div class=\"flagPhantom_ThumbLabel\"> <span class=\"flagPhantom_ThumbLabel_title\"><\/span><\/div> <div style=\"display:none;\" class=\"flagPhantom_Details\"> <\/div> <\/div> <div class=\"flagPhantom_ThumbContainer flagPhantom_ThumbLoader\" data-id=\"2539\" data-ratio=\"1.5\" data-title=\"\" data-views=\"46\" data-likes=\"0\"> <a href=\"https:\/\/unser-niedersaubach.de\/wp-content\/flagallery\/50-jahre-spd-niedersaubach-ruemmelbach\/webview\/img_3291.jpg\" class=\"flagPhantom_Thumb\"><img decoding=\"async\" class=\"noLazy\" src=\"https:\/\/unser-niedersaubach.de\/wp-content\/flagallery\/50-jahre-spd-niedersaubach-ruemmelbach\/thumbs\/thumbs_img_3291.jpg\" data-src=\"https:\/\/unser-niedersaubach.de\/wp-content\/flagallery\/50-jahre-spd-niedersaubach-ruemmelbach\/webview\/img_3291.jpg\" alt=\"\"\/><\/a> <div class=\"flagPhantom_ThumbLabel\"> <span class=\"flagPhantom_ThumbLabel_title\"><\/span><\/div> <div style=\"display:none;\" class=\"flagPhantom_Details\"> <\/div> <\/div> <div class=\"flagPhantom_ThumbContainer flagPhantom_ThumbLoader\" data-id=\"2540\" data-ratio=\"1.3698630136986\" data-title=\"\" data-views=\"50\" data-likes=\"0\"> <a href=\"https:\/\/unser-niedersaubach.de\/wp-content\/flagallery\/50-jahre-spd-niedersaubach-ruemmelbach\/webview\/img_3292.jpg\" class=\"flagPhantom_Thumb\"><img decoding=\"async\" class=\"noLazy\" src=\"https:\/\/unser-niedersaubach.de\/wp-content\/flagallery\/50-jahre-spd-niedersaubach-ruemmelbach\/thumbs\/thumbs_img_3292.jpg\" data-src=\"https:\/\/unser-niedersaubach.de\/wp-content\/flagallery\/50-jahre-spd-niedersaubach-ruemmelbach\/webview\/img_3292.jpg\" alt=\"\"\/><\/a> <div class=\"flagPhantom_ThumbLabel\"> <span class=\"flagPhantom_ThumbLabel_title\"><\/span><\/div> <div style=\"display:none;\" class=\"flagPhantom_Details\"> <\/div> <\/div> <div class=\"flagPhantom_ThumbContainer flagPhantom_ThumbLoader\" data-id=\"2541\" data-ratio=\"1.3155555555556\" data-title=\"\" data-views=\"45\" data-likes=\"0\"> <a href=\"https:\/\/unser-niedersaubach.de\/wp-content\/flagallery\/50-jahre-spd-niedersaubach-ruemmelbach\/webview\/img_3294.jpg\" class=\"flagPhantom_Thumb\"><img decoding=\"async\" class=\"noLazy\" src=\"https:\/\/unser-niedersaubach.de\/wp-content\/flagallery\/50-jahre-spd-niedersaubach-ruemmelbach\/thumbs\/thumbs_img_3294.jpg\" data-src=\"https:\/\/unser-niedersaubach.de\/wp-content\/flagallery\/50-jahre-spd-niedersaubach-ruemmelbach\/webview\/img_3294.jpg\" alt=\"\"\/><\/a> <div class=\"flagPhantom_ThumbLabel\"> <span class=\"flagPhantom_ThumbLabel_title\"><\/span><\/div> <div style=\"display:none;\" class=\"flagPhantom_Details\"> <\/div> <\/div> <div class=\"flagPhantom_ThumbContainer flagPhantom_ThumbLoader\" data-id=\"2542\" data-ratio=\"1.498127340824\" data-title=\"\" data-views=\"42\" data-likes=\"0\"> <a href=\"https:\/\/unser-niedersaubach.de\/wp-content\/flagallery\/50-jahre-spd-niedersaubach-ruemmelbach\/webview\/img_3295.jpg\" class=\"flagPhantom_Thumb\"><img decoding=\"async\" class=\"noLazy\" src=\"https:\/\/unser-niedersaubach.de\/wp-content\/flagallery\/50-jahre-spd-niedersaubach-ruemmelbach\/thumbs\/thumbs_img_3295.jpg\" data-src=\"https:\/\/unser-niedersaubach.de\/wp-content\/flagallery\/50-jahre-spd-niedersaubach-ruemmelbach\/webview\/img_3295.jpg\" alt=\"\"\/><\/a> <div class=\"flagPhantom_ThumbLabel\"> <span class=\"flagPhantom_ThumbLabel_title\"><\/span><\/div> <div style=\"display:none;\" class=\"flagPhantom_Details\"> <\/div> <\/div> <div class=\"flagPhantom_ThumbContainer flagPhantom_ThumbLoader\" data-id=\"2543\" data-ratio=\"1.6620498614958\" data-title=\"\" data-views=\"41\" data-likes=\"0\"> <a href=\"https:\/\/unser-niedersaubach.de\/wp-content\/flagallery\/50-jahre-spd-niedersaubach-ruemmelbach\/webview\/img_3296.jpg\" class=\"flagPhantom_Thumb\"><img decoding=\"async\" class=\"noLazy\" src=\"https:\/\/unser-niedersaubach.de\/wp-content\/flagallery\/50-jahre-spd-niedersaubach-ruemmelbach\/thumbs\/thumbs_img_3296.jpg\" data-src=\"https:\/\/unser-niedersaubach.de\/wp-content\/flagallery\/50-jahre-spd-niedersaubach-ruemmelbach\/webview\/img_3296.jpg\" alt=\"\"\/><\/a> <div class=\"flagPhantom_ThumbLabel\"> <span class=\"flagPhantom_ThumbLabel_title\"><\/span><\/div> <div style=\"display:none;\" class=\"flagPhantom_Details\"> <\/div> <\/div> <\/div> <\/div> <script type=\"text\/javascript\"> jQuery(function(){ var settings = {\"maxheight\":\"0\",\"thumbCols\":\"0\",\"thumbRows\":\"0\",\"thumbsNavigation\":\"scroll\",\"bgColor\":\"#ffffff\",\"bgAlpha\":\"0\",\"thumbWidth\":\"200\",\"thumbHeight\":\"180\",\"thumbWidthMobile\":\"150\",\"thumbHeightMobile\":\"135\",\"thumbsSpacing\":\"8\",\"thumbsVerticalPadding\":\"4\",\"thumbsHorizontalPadding\":\"4\",\"thumbsAlign\":\"center\",\"thumbScale\":\"1\",\"thumbBG\":\"#ffffff\",\"thumbAlpha\":\"90\",\"thumbAlphaHover\":\"100\",\"thumbBorderSize\":\"1\",\"thumbBorderColor\":\"#cccccc\",\"thumbPadding\":\"2\",\"thumbsInfo\":\"label\",\"labelOnHover\":\"1\",\"labelTextColor\":\"#ffffff\",\"labelLinkColor\":\"#e7e179\",\"label8TextColor\":\"#0b0b0b\",\"label8LinkColor\":\"#3695E7\",\"tooltipTextColor\":\"#0b0b0b\",\"tooltipBgColor\":\"#ffffff\",\"tooltipStrokeColor\":\"#000000\",\"lightboxControlsColor\":\"#ffffff\",\"lightboxTitleColor\":\"#f3f3f3\",\"lightboxTextColor\":\"#f3f3f3\",\"lightboxBGColor\":\"#0b0b0b\",\"lightboxBGAlpha\":\"80\",\"socialShareEnabled\":\"1\",\"deepLinks\":\"1\",\"sidebarBGColor\":\"#ffffff\",\"lightbox800HideArrows\":\"0\",\"viewsEnabled\":\"1\",\"likesEnabled\":\"1\",\"thumb2link\":\"0\",\"show_title\":\"1\",\"initRPdelay\":\"200\",\"key\":\"\",\"name\":\"\",\"mfp_css\":\"\\r\\n#mfp_gm_sc1_38 .mfp-arrow-right:after,\\r\\n#mfp_gm_sc1_38 .mfp-arrow-right .mfp-a {border-left-color:#ffffff;}\\r\\n#mfp_gm_sc1_38 .mfp-arrow-left:after,\\r\\n#mfp_gm_sc1_38 .mfp-arrow-left .mfp-a {border-right-color:#ffffff;}\\r\\n#mfp_gm_sc1_38 .mfp-close,\\r\\n#mfp_gm_sc1_38 .mfp-likes,\\r\\n#mfp_gm_sc1_38 .mfp-share {color:#ffffff;}\\r\\n#mfp_gm_sc1_38 .mfp-preloader {background-color:#ffffff;}\\r\\n#mfp_gm_sc1_38 .flagPhantom_title,\\r\\n#mfp_gm_sc1_38 .mfp-counter {color:#f3f3f3;}\\r\\n#mfp_gm_sc1_38 .flagPhantom_text {color:#f3f3f3;}\\r\\n#mfp_gm_sc1_38_bg.mfp-bg {background-color:#0b0b0b;}\\r\\n#mfp_gm_sc1_38_bg.mfp-bg {opacity:0.8;}\\r\\n#mfp_gm_sc1_38_bg.mfp-zoom-in.mfp-bg {opacity:0}\\r\\n#mfp_gm_sc1_38_bg.mfp-zoom-in.mfp-ready.mfp-bg {opacity:0.8;}\\r\\n#mfp_gm_sc1_38_bg.mfp-zoom-in.mfp-removing.mfp-bg {opacity:0}\"}; jQuery('#FlaGallery_sc1_38').flagPhantom([settings]); }); <\/script><\/div><noscript id=\"noscript_FlaGallery_sc1_38\"><img class=\"skip-lazy no-lazyload noLazy\" data-lazy-src=\"\" src =\"https:\/\/unser-niedersaubach.de\/wp-content\/flagallery\/50-jahre-spd-niedersaubach-ruemmelbach\/img_3317.jpg\" alt=\"\" \/><img class=\"skip-lazy no-lazyload noLazy\" data-lazy-src=\"\" src =\"https:\/\/unser-niedersaubach.de\/wp-content\/flagallery\/50-jahre-spd-niedersaubach-ruemmelbach\/img_3319.jpg\" alt=\"\" \/><img class=\"skip-lazy no-lazyload noLazy\" data-lazy-src=\"\" src =\"https:\/\/unser-niedersaubach.de\/wp-content\/flagallery\/50-jahre-spd-niedersaubach-ruemmelbach\/img_3320.jpg\" alt=\"\" \/><img class=\"skip-lazy no-lazyload noLazy\" data-lazy-src=\"\" src =\"https:\/\/unser-niedersaubach.de\/wp-content\/flagallery\/50-jahre-spd-niedersaubach-ruemmelbach\/img_3321.jpg\" alt=\"\" \/><img class=\"skip-lazy no-lazyload noLazy\" data-lazy-src=\"\" src =\"https:\/\/unser-niedersaubach.de\/wp-content\/flagallery\/50-jahre-spd-niedersaubach-ruemmelbach\/img_3323.jpg\" alt=\"\" \/><img class=\"skip-lazy no-lazyload noLazy\" data-lazy-src=\"\" src =\"https:\/\/unser-niedersaubach.de\/wp-content\/flagallery\/50-jahre-spd-niedersaubach-ruemmelbach\/img_3325.jpg\" alt=\"\" \/><img class=\"skip-lazy no-lazyload noLazy\" data-lazy-src=\"\" src =\"https:\/\/unser-niedersaubach.de\/wp-content\/flagallery\/50-jahre-spd-niedersaubach-ruemmelbach\/img_3326.jpg\" alt=\"\" \/><img class=\"skip-lazy no-lazyload noLazy\" data-lazy-src=\"\" src =\"https:\/\/unser-niedersaubach.de\/wp-content\/flagallery\/50-jahre-spd-niedersaubach-ruemmelbach\/img_3327.jpg\" alt=\"\" \/><img class=\"skip-lazy no-lazyload noLazy\" data-lazy-src=\"\" src =\"https:\/\/unser-niedersaubach.de\/wp-content\/flagallery\/50-jahre-spd-niedersaubach-ruemmelbach\/img_3328.jpg\" alt=\"\" \/><img class=\"skip-lazy no-lazyload noLazy\" data-lazy-src=\"\" src =\"https:\/\/unser-niedersaubach.de\/wp-content\/flagallery\/50-jahre-spd-niedersaubach-ruemmelbach\/img_3329.jpg\" alt=\"\" \/><img class=\"skip-lazy no-lazyload noLazy\" data-lazy-src=\"\" src =\"https:\/\/unser-niedersaubach.de\/wp-content\/flagallery\/50-jahre-spd-niedersaubach-ruemmelbach\/img_3331.jpg\" alt=\"\" \/><img class=\"skip-lazy no-lazyload noLazy\" data-lazy-src=\"\" src =\"https:\/\/unser-niedersaubach.de\/wp-content\/flagallery\/50-jahre-spd-niedersaubach-ruemmelbach\/img_3332.jpg\" alt=\"\" \/><img class=\"skip-lazy no-lazyload noLazy\" data-lazy-src=\"\" src =\"https:\/\/unser-niedersaubach.de\/wp-content\/flagallery\/50-jahre-spd-niedersaubach-ruemmelbach\/img_3334.jpg\" alt=\"\" \/><img class=\"skip-lazy no-lazyload noLazy\" data-lazy-src=\"\" src =\"https:\/\/unser-niedersaubach.de\/wp-content\/flagallery\/50-jahre-spd-niedersaubach-ruemmelbach\/img_3335.jpg\" alt=\"\" \/><img class=\"skip-lazy no-lazyload noLazy\" data-lazy-src=\"\" src =\"https:\/\/unser-niedersaubach.de\/wp-content\/flagallery\/50-jahre-spd-niedersaubach-ruemmelbach\/img_3336.jpg\" alt=\"\" \/><img class=\"skip-lazy no-lazyload noLazy\" data-lazy-src=\"\" src =\"https:\/\/unser-niedersaubach.de\/wp-content\/flagallery\/50-jahre-spd-niedersaubach-ruemmelbach\/img_3337.jpg\" alt=\"\" \/><img class=\"skip-lazy no-lazyload noLazy\" data-lazy-src=\"\" src =\"https:\/\/unser-niedersaubach.de\/wp-content\/flagallery\/50-jahre-spd-niedersaubach-ruemmelbach\/img_3338.jpg\" alt=\"\" \/><img class=\"skip-lazy no-lazyload noLazy\" data-lazy-src=\"\" src =\"https:\/\/unser-niedersaubach.de\/wp-content\/flagallery\/50-jahre-spd-niedersaubach-ruemmelbach\/img_3340.jpg\" alt=\"\" \/><img class=\"skip-lazy no-lazyload noLazy\" data-lazy-src=\"\" src =\"https:\/\/unser-niedersaubach.de\/wp-content\/flagallery\/50-jahre-spd-niedersaubach-ruemmelbach\/img_3342.jpg\" alt=\"\" \/><img class=\"skip-lazy no-lazyload noLazy\" data-lazy-src=\"\" src =\"https:\/\/unser-niedersaubach.de\/wp-content\/flagallery\/50-jahre-spd-niedersaubach-ruemmelbach\/img_3343.jpg\" alt=\"\" \/><img class=\"skip-lazy no-lazyload noLazy\" data-lazy-src=\"\" src =\"https:\/\/unser-niedersaubach.de\/wp-content\/flagallery\/50-jahre-spd-niedersaubach-ruemmelbach\/img_3344.jpg\" alt=\"\" \/><img class=\"skip-lazy no-lazyload noLazy\" data-lazy-src=\"\" src =\"https:\/\/unser-niedersaubach.de\/wp-content\/flagallery\/50-jahre-spd-niedersaubach-ruemmelbach\/img_3347.jpg\" alt=\"\" \/><img class=\"skip-lazy no-lazyload noLazy\" data-lazy-src=\"\" src =\"https:\/\/unser-niedersaubach.de\/wp-content\/flagallery\/50-jahre-spd-niedersaubach-ruemmelbach\/img_3350.jpg\" alt=\"\" \/><img class=\"skip-lazy no-lazyload noLazy\" data-lazy-src=\"\" src =\"https:\/\/unser-niedersaubach.de\/wp-content\/flagallery\/50-jahre-spd-niedersaubach-ruemmelbach\/img_3351.jpg\" alt=\"\" \/><img class=\"skip-lazy no-lazyload noLazy\" data-lazy-src=\"\" src =\"https:\/\/unser-niedersaubach.de\/wp-content\/flagallery\/50-jahre-spd-niedersaubach-ruemmelbach\/img_3248.jpg\" alt=\"\" \/><img class=\"skip-lazy no-lazyload noLazy\" data-lazy-src=\"\" src =\"https:\/\/unser-niedersaubach.de\/wp-content\/flagallery\/50-jahre-spd-niedersaubach-ruemmelbach\/img_3249.jpg\" alt=\"\" \/><img class=\"skip-lazy no-lazyload noLazy\" data-lazy-src=\"\" src =\"https:\/\/unser-niedersaubach.de\/wp-content\/flagallery\/50-jahre-spd-niedersaubach-ruemmelbach\/img_3251.jpg\" alt=\"\" \/><img class=\"skip-lazy no-lazyload noLazy\" data-lazy-src=\"\" src =\"https:\/\/unser-niedersaubach.de\/wp-content\/flagallery\/50-jahre-spd-niedersaubach-ruemmelbach\/img_3253.jpg\" alt=\"\" \/><img class=\"skip-lazy no-lazyload noLazy\" data-lazy-src=\"\" src =\"https:\/\/unser-niedersaubach.de\/wp-content\/flagallery\/50-jahre-spd-niedersaubach-ruemmelbach\/img_3254.jpg\" alt=\"\" \/><img class=\"skip-lazy no-lazyload noLazy\" data-lazy-src=\"\" src =\"https:\/\/unser-niedersaubach.de\/wp-content\/flagallery\/50-jahre-spd-niedersaubach-ruemmelbach\/img_3255.jpg\" alt=\"\" \/><img class=\"skip-lazy no-lazyload noLazy\" data-lazy-src=\"\" src =\"https:\/\/unser-niedersaubach.de\/wp-content\/flagallery\/50-jahre-spd-niedersaubach-ruemmelbach\/img_3256.jpg\" alt=\"\" \/><img class=\"skip-lazy no-lazyload noLazy\" data-lazy-src=\"\" src =\"https:\/\/unser-niedersaubach.de\/wp-content\/flagallery\/50-jahre-spd-niedersaubach-ruemmelbach\/img_3257.jpg\" alt=\"\" \/><img class=\"skip-lazy no-lazyload noLazy\" data-lazy-src=\"\" src =\"https:\/\/unser-niedersaubach.de\/wp-content\/flagallery\/50-jahre-spd-niedersaubach-ruemmelbach\/img_3258.jpg\" alt=\"\" \/><img class=\"skip-lazy no-lazyload noLazy\" data-lazy-src=\"\" src =\"https:\/\/unser-niedersaubach.de\/wp-content\/flagallery\/50-jahre-spd-niedersaubach-ruemmelbach\/img_3259.jpg\" alt=\"\" \/><img class=\"skip-lazy no-lazyload noLazy\" data-lazy-src=\"\" src =\"https:\/\/unser-niedersaubach.de\/wp-content\/flagallery\/50-jahre-spd-niedersaubach-ruemmelbach\/img_3261.jpg\" alt=\"\" \/><img class=\"skip-lazy no-lazyload noLazy\" data-lazy-src=\"\" src =\"https:\/\/unser-niedersaubach.de\/wp-content\/flagallery\/50-jahre-spd-niedersaubach-ruemmelbach\/img_3262.jpg\" alt=\"\" \/><img class=\"skip-lazy no-lazyload noLazy\" data-lazy-src=\"\" src =\"https:\/\/unser-niedersaubach.de\/wp-content\/flagallery\/50-jahre-spd-niedersaubach-ruemmelbach\/img_3263.jpg\" alt=\"\" \/><img class=\"skip-lazy no-lazyload noLazy\" data-lazy-src=\"\" src =\"https:\/\/unser-niedersaubach.de\/wp-content\/flagallery\/50-jahre-spd-niedersaubach-ruemmelbach\/img_3265.jpg\" alt=\"\" \/><img class=\"skip-lazy no-lazyload noLazy\" data-lazy-src=\"\" src =\"https:\/\/unser-niedersaubach.de\/wp-content\/flagallery\/50-jahre-spd-niedersaubach-ruemmelbach\/img_3266.jpg\" alt=\"\" \/><img class=\"skip-lazy no-lazyload noLazy\" data-lazy-src=\"\" src =\"https:\/\/unser-niedersaubach.de\/wp-content\/flagallery\/50-jahre-spd-niedersaubach-ruemmelbach\/img_3267.jpg\" alt=\"\" \/><img class=\"skip-lazy no-lazyload noLazy\" data-lazy-src=\"\" src =\"https:\/\/unser-niedersaubach.de\/wp-content\/flagallery\/50-jahre-spd-niedersaubach-ruemmelbach\/img_3268.jpg\" alt=\"\" \/><img class=\"skip-lazy no-lazyload noLazy\" data-lazy-src=\"\" src =\"https:\/\/unser-niedersaubach.de\/wp-content\/flagallery\/50-jahre-spd-niedersaubach-ruemmelbach\/img_3270.jpg\" alt=\"\" \/><img class=\"skip-lazy no-lazyload noLazy\" data-lazy-src=\"\" src =\"https:\/\/unser-niedersaubach.de\/wp-content\/flagallery\/50-jahre-spd-niedersaubach-ruemmelbach\/img_3272.jpg\" alt=\"\" \/><img class=\"skip-lazy no-lazyload noLazy\" data-lazy-src=\"\" src =\"https:\/\/unser-niedersaubach.de\/wp-content\/flagallery\/50-jahre-spd-niedersaubach-ruemmelbach\/img_3273.jpg\" alt=\"\" \/><img class=\"skip-lazy no-lazyload noLazy\" data-lazy-src=\"\" src =\"https:\/\/unser-niedersaubach.de\/wp-content\/flagallery\/50-jahre-spd-niedersaubach-ruemmelbach\/img_3274.jpg\" alt=\"\" \/><img class=\"skip-lazy no-lazyload noLazy\" data-lazy-src=\"\" src =\"https:\/\/unser-niedersaubach.de\/wp-content\/flagallery\/50-jahre-spd-niedersaubach-ruemmelbach\/img_3275.jpg\" alt=\"\" \/><img class=\"skip-lazy no-lazyload noLazy\" data-lazy-src=\"\" src =\"https:\/\/unser-niedersaubach.de\/wp-content\/flagallery\/50-jahre-spd-niedersaubach-ruemmelbach\/img_3276.jpg\" alt=\"\" \/><img class=\"skip-lazy no-lazyload noLazy\" data-lazy-src=\"\" src =\"https:\/\/unser-niedersaubach.de\/wp-content\/flagallery\/50-jahre-spd-niedersaubach-ruemmelbach\/img_3277.jpg\" alt=\"\" \/><img class=\"skip-lazy no-lazyload noLazy\" data-lazy-src=\"\" src =\"https:\/\/unser-niedersaubach.de\/wp-content\/flagallery\/50-jahre-spd-niedersaubach-ruemmelbach\/img_3279.jpg\" alt=\"\" \/><img class=\"skip-lazy no-lazyload noLazy\" data-lazy-src=\"\" src =\"https:\/\/unser-niedersaubach.de\/wp-content\/flagallery\/50-jahre-spd-niedersaubach-ruemmelbach\/img_3281.jpg\" alt=\"\" \/><img class=\"skip-lazy no-lazyload noLazy\" data-lazy-src=\"\" src =\"https:\/\/unser-niedersaubach.de\/wp-content\/flagallery\/50-jahre-spd-niedersaubach-ruemmelbach\/img_3282.jpg\" alt=\"\" \/><img class=\"skip-lazy no-lazyload noLazy\" data-lazy-src=\"\" src =\"https:\/\/unser-niedersaubach.de\/wp-content\/flagallery\/50-jahre-spd-niedersaubach-ruemmelbach\/img_3283.jpg\" alt=\"\" \/><img class=\"skip-lazy no-lazyload noLazy\" data-lazy-src=\"\" src =\"https:\/\/unser-niedersaubach.de\/wp-content\/flagallery\/50-jahre-spd-niedersaubach-ruemmelbach\/img_3284.jpg\" alt=\"\" \/><img class=\"skip-lazy no-lazyload noLazy\" data-lazy-src=\"\" src =\"https:\/\/unser-niedersaubach.de\/wp-content\/flagallery\/50-jahre-spd-niedersaubach-ruemmelbach\/img_3287.jpg\" alt=\"\" \/><img class=\"skip-lazy no-lazyload noLazy\" data-lazy-src=\"\" src =\"https:\/\/unser-niedersaubach.de\/wp-content\/flagallery\/50-jahre-spd-niedersaubach-ruemmelbach\/img_3289.jpg\" alt=\"\" \/><img class=\"skip-lazy no-lazyload noLazy\" data-lazy-src=\"\" src =\"https:\/\/unser-niedersaubach.de\/wp-content\/flagallery\/50-jahre-spd-niedersaubach-ruemmelbach\/img_3291.jpg\" alt=\"\" \/><img class=\"skip-lazy no-lazyload noLazy\" data-lazy-src=\"\" src =\"https:\/\/unser-niedersaubach.de\/wp-content\/flagallery\/50-jahre-spd-niedersaubach-ruemmelbach\/img_3292.jpg\" alt=\"\" \/><img class=\"skip-lazy no-lazyload noLazy\" data-lazy-src=\"\" src =\"https:\/\/unser-niedersaubach.de\/wp-content\/flagallery\/50-jahre-spd-niedersaubach-ruemmelbach\/img_3294.jpg\" alt=\"\" \/><img class=\"skip-lazy no-lazyload noLazy\" data-lazy-src=\"\" src =\"https:\/\/unser-niedersaubach.de\/wp-content\/flagallery\/50-jahre-spd-niedersaubach-ruemmelbach\/img_3295.jpg\" alt=\"\" \/><img class=\"skip-lazy no-lazyload noLazy\" data-lazy-src=\"\" src =\"https:\/\/unser-niedersaubach.de\/wp-content\/flagallery\/50-jahre-spd-niedersaubach-ruemmelbach\/img_3296.jpg\" alt=\"\" \/><\/noscript><br \/>\n<span style=\"color: #ff0000;\">Fotogalerie: Manfred Mai (alle Rechte vorbehalten)<\/span><\/p>\n<p style=\"text-align: justify;\"><span style=\"color: #000000;\">Zum ersten Mal an diesem Abend kam feierliche Stimmung auf, als die Somebody\u2019s die \u201eRose\u201c sangen. Die Somebody\u2019s, J\u00fcrgen Fr\u00f6hlich und Wolfgang Link rahmten die Veranstaltung musikalisch ein. Ihnen sei herzlich gedankt. <\/span><br \/>\n<span style=\"color: #000000;\">Georg Jung, der den Ortsverein Niedersaubach vor 50 Jahren gegr\u00fcndet hatte, erinnerte in launigen Worten und Geschichten an die Schwierigkeiten, mit denen sich damals diejenigen rumschlagen mussten, die einen \u201eroten Ortsverein\u201c nicht nur gr\u00fcnden, sondern auch dessen Kandidaten in eine Kommunalwahl f\u00fchren wollten. Als Lohn f\u00fcr die Anstrengungen gab es dann 1 Sitz im Ortsrat. Immerhin! Gro\u00dfes entsteht immer im Kleinen!<\/span><br \/>\n<span style=\"color: #000000;\">An die wechselvolle Geschichte der SPD seit ihrer Gr\u00fcndung im Jahr 1863 und an gro\u00dfe Politikerinnen und Politiker \u2013 vor allem auch in der schweren Zeit der Verfolgung unter den Nazis \u2013 erinnert ein Film, der anl\u00e4sslich des 150j\u00e4hrigen Bestehens der \u00e4ltesten deutschen Partei im vergangenen Jahr gedreht wurde. Ausschnitte aus diesem Film wurden von den Festg\u00e4sten mit gro\u00dfem Interesse angeschaut. Im Anschluss daran erinnerte Werner daran, dass wir an diesem 3. Oktober auch 25 Jahre deutsche Wiedervereinigung feiern und bat alle Anwesenden, sich von den Pl\u00e4tzen zu erheben und die Nationalhymne zu singen.<\/span><br \/>\n<span style=\"color: #000000;\">Im Mittelpunkt des zweiten Teils der Veranstaltung stand die Festrede des Schirmherrn J\u00fcrgen Barke. Es war au\u00dferordentlich kurzweilig, J\u00fcrgen zuzuh\u00f6ren, als er seine Erinnerungen an seine bisherige gemeinsame Zeit mit dem Ortsverein und vor allem auch seine Freundschaft mit Werner ausbreitete. Mit munterem Applaus dankten die G\u00e4ste J\u00fcrgen Barke f\u00fcr seine Rede.<\/span><br \/>\n<span style=\"color: #000000;\">Den H\u00f6hepunkt des Abends gestaltete wieder J\u00fcrgen \u2013 allerdings mit einem Programmteil, von dem Werner nichts wusste. Gemeinsam mit der Generalsekret\u00e4rin der SPD, Petra Berg, \u00fcberreichte er Werner die Willy-Brandt-Medaille f\u00fcr seine Verdienste um die Sozialdemokratische Partei, aber auch um die Menschen in seinem Ort (s. Foto). Werner ist zu Recht sehr stolz auf diese Auszeichnung, und wir alle gratulieren ihm sehr herzlich.<\/span><\/p>\n<div id=\"attachment_6673\" style=\"width: 561px\" class=\"wp-caption aligncenter\"><a href=\"http:\/\/unser-niedersaubach.de\/wp-content\/uploads\/2014\/10\/Willy-Brandt-Medaille_2000.jpg\"><img loading=\"lazy\" decoding=\"async\" aria-describedby=\"caption-attachment-6673\" class=\"wp-image-6673\" src=\"http:\/\/unser-niedersaubach.de\/wp-content\/uploads\/2014\/10\/Willy-Brandt-Medaille_2000-1024x753.jpg\" alt=\"Staatssekret\u00e4r J\u00fcrgen Barke und Generalsekret\u00e4rin Petra Berg \u00fcberreichen Werner Schmidt die Willy-Brandt-Medaille, Foto: Manfred Mai\" width=\"551\" height=\"405\" srcset=\"https:\/\/unser-niedersaubach.de\/wp-content\/uploads\/2014\/10\/Willy-Brandt-Medaille_2000-1024x753.jpg 1024w, https:\/\/unser-niedersaubach.de\/wp-content\/uploads\/2014\/10\/Willy-Brandt-Medaille_2000-300x220.jpg 300w, https:\/\/unser-niedersaubach.de\/wp-content\/uploads\/2014\/10\/Willy-Brandt-Medaille_2000.jpg 2000w\" sizes=\"auto, (max-width: 551px) 100vw, 551px\" \/><\/a><p id=\"caption-attachment-6673\" class=\"wp-caption-text\">Staatssekret\u00e4r J\u00fcrgen Barke und Generalsekret\u00e4rin Petra Berg \u00fcberreichen Werner Schmidt die Willy-Brandt-Medaille, Foto: Manfred Mai<\/p><\/div>\n<p style=\"text-align: justify;\"><span style=\"color: #000000;\">Der offizielle Teil klang musikalisch aus und ging dann nahtlos in den kulinarischen Teil \u00fcber, der \u2013 wie im Saarland \u00fcblich \u2013 deutlich l\u00e4nger als der erste Teil dauerte.<\/span><br \/>\n<span style=\"color: #000000;\">Wir bedanken uns ganz herzlich bei allen, die dieses sch\u00f6ne Fest vorbereitet, gestaltet und durchgef\u00fchrt haben.<\/span><\/p>\n<p style=\"text-align: justify;\"><em>Anna Schmidt<\/em><\/p>\n","protected":false},"excerpt":{"rendered":"<p>Ein sch\u00f6nes Fest an einem runden Geburtstag Werner Schmidt mit Willy-Brandt-Medaille ausgezeichnet In diesem Jahr sind 50 Jahre vergangen, seit in Niedersaubach und R\u00fcmmelbach der SPD-Ortsverein gegr\u00fcndet wurde. An dieses Ereignis wollte der SPD-Ortsverein Niedersaubach-R\u00fcmmelbach erinnern und lud zu einem &hellip; <a href=\"https:\/\/unser-niedersaubach.de\/?p=6671\">Weiterlesen <span class=\"meta-nav\">&rarr;<\/span><\/a><\/p>\n","protected":false},"author":2,"featured_media":6679,"comment_status":"open","ping_status":"open","sticky":false,"template":"","format":"gallery","meta":{"ngg_post_thumbnail":0,"footnotes":""},"categories":[48,297,356],"tags":[357,349,358],"class_list":["post-6671","post","type-post","status-publish","format-gallery","has-post-thumbnail","hentry","category-jubilaum","category-kommunalpolitik","category-parteien","tag-50-jahre-spd-niedersaubach-ruemmelbach","tag-werner-schmidt","tag-willy-brandt-medaille","post_format-post-format-gallery"],"_links":{"self":[{"href":"https:\/\/unser-niedersaubach.de\/index.php?rest_route=\/wp\/v2\/posts\/6671","targetHints":{"allow":["GET"]}}],"collection":[{"href":"https:\/\/unser-niedersaubach.de\/index.php?rest_route=\/wp\/v2\/posts"}],"about":[{"href":"https:\/\/unser-niedersaubach.de\/index.php?rest_route=\/wp\/v2\/types\/post"}],"author":[{"embeddable":true,"href":"https:\/\/unser-niedersaubach.de\/index.php?rest_route=\/wp\/v2\/users\/2"}],"replies":[{"embeddable":true,"href":"https:\/\/unser-niedersaubach.de\/index.php?rest_route=%2Fwp%2Fv2%2Fcomments&post=6671"}],"version-history":[{"count":5,"href":"https:\/\/unser-niedersaubach.de\/index.php?rest_route=\/wp\/v2\/posts\/6671\/revisions"}],"predecessor-version":[{"id":6680,"href":"https:\/\/unser-niedersaubach.de\/index.php?rest_route=\/wp\/v2\/posts\/6671\/revisions\/6680"}],"wp:featuredmedia":[{"embeddable":true,"href":"https:\/\/unser-niedersaubach.de\/index.php?rest_route=\/wp\/v2\/media\/6679"}],"wp:attachment":[{"href":"https:\/\/unser-niedersaubach.de\/index.php?rest_route=%2Fwp%2Fv2%2Fmedia&parent=6671"}],"wp:term":[{"taxonomy":"category","embeddable":true,"href":"https:\/\/unser-niedersaubach.de\/index.php?rest_route=%2Fwp%2Fv2%2Fcategories&post=6671"},{"taxonomy":"post_tag","embeddable":true,"href":"https:\/\/unser-niedersaubach.de\/index.php?rest_route=%2Fwp%2Fv2%2Ftags&post=6671"}],"curies":[{"name":"wp","href":"https:\/\/api.w.org\/{rel}","templated":true}]}}