{"id":6711,"date":"2014-10-26T19:57:01","date_gmt":"2014-10-26T18:57:01","guid":{"rendered":"http:\/\/unser-niedersaubach.de\/?p=6711"},"modified":"2014-10-26T19:57:01","modified_gmt":"2014-10-26T18:57:01","slug":"wir-haben-uns-versoehnt-wir-haben-uns-verstaendigt-wir-sind-freunde-geworden","status":"publish","type":"post","link":"https:\/\/unser-niedersaubach.de\/?p=6711","title":{"rendered":"Wir haben uns vers\u00f6hnt &#8211; Wir haben uns verst\u00e4ndigt &#8211; Wir sind Freunde geworden!"},"content":{"rendered":"<h1>Volkstrauertag im Zeichen der Vers\u00f6hnung<\/h1>\n<p style=\"text-align: justify;\"><span style=\"color: #000000;\">Am Sonntag, <strong>16. November 2014, 17 \u2013 19 Uhr<\/strong>, begehen wir den Volkstrauertag in Erinnerung an den Ausbruch des 1. Weltkriegs vor 100 Jahren.<\/span><\/p>\n<div id=\"attachment_6712\" style=\"width: 560px\" class=\"wp-caption aligncenter\"><a href=\"http:\/\/unser-niedersaubach.de\/wp-content\/uploads\/2014\/10\/Nie-wieder-Krieg_Plus-jamais-la-guerre.jpg\" target=\"_blank\"><img loading=\"lazy\" decoding=\"async\" aria-describedby=\"caption-attachment-6712\" class=\"wp-image-6712\" src=\"http:\/\/unser-niedersaubach.de\/wp-content\/uploads\/2014\/10\/Nie-wieder-Krieg_Plus-jamais-la-guerre-730x1024.jpg\" alt=\"Nie wieder Krieg! Entwurf: Prof. Ivica Maksimovic\" width=\"550\" height=\"771\" srcset=\"https:\/\/unser-niedersaubach.de\/wp-content\/uploads\/2014\/10\/Nie-wieder-Krieg_Plus-jamais-la-guerre-730x1024.jpg 730w, https:\/\/unser-niedersaubach.de\/wp-content\/uploads\/2014\/10\/Nie-wieder-Krieg_Plus-jamais-la-guerre-213x300.jpg 213w, https:\/\/unser-niedersaubach.de\/wp-content\/uploads\/2014\/10\/Nie-wieder-Krieg_Plus-jamais-la-guerre.jpg 1264w\" sizes=\"auto, (max-width: 550px) 100vw, 550px\" \/><\/a><p id=\"caption-attachment-6712\" class=\"wp-caption-text\">Nie wieder Krieg! Entwurf: Prof. Ivica Maksimovic<\/p><\/div>\n<p style=\"text-align: justify;\"><span style=\"color: #000000;\"><span style=\"color: #0000ff;\"><strong><a style=\"color: #0000ff;\" title=\"Besuch in Consenvoye am 19. Juli 2014, Fotos: Manfred Mai\" href=\"http:\/\/unser-niedersaubach.de\/?p=6596\">Bereits im Juli dieses Jahres hatten wir die Gr\u00e4ber von zwei Niedersaubacher Freunden (Johann Schmitt und Johann Heinrich aus der Lach), die im Argonnerwald gefallen waren, auf dem deutschen Soldatenfriedhof in Consenvoye an der Maas (ca. 12 km n\u00f6rdlich von Verdun) besucht.<\/a><\/strong><\/span> Dabei wurden wir sehr herzlich vom Consenvoyer B\u00fcrgermeister Andr\u00e9 Dormois und seinem Gemeinderat empfangen und begleitet.<\/span><\/p>\n<p style=\"text-align: justify;\"><span style=\"color: #000000;\">Consenvoye ist 1984 bekannt geworden, als sich Pr\u00e4sident Mitterrand und Kanzler Kohl erstmals auf einem deutschen Soldatenfriedhof \u00fcber den Gr\u00e4bern zur Vers\u00f6hnung die H\u00e4nde reichten.<\/span><\/p>\n<p style=\"text-align: justify;\"><span style=\"color: #000000;\">Wir freuen uns deshalb sehr, dass etwa 15 bis 20 franz\u00f6sische Freunde aus Consenvoye unter F\u00fchrung ihres B\u00fcrgermeisters am 16. November nach Niedersaubach kommen wollen, um an unserer Gedenkveranstaltung teilzunehmen. Angef\u00fchrt werden sie von einem Fahnentr\u00e4ger der franz\u00f6sischen Veteranen: Anciens Combattants aus dem D\u00e9partement Maas, der seine Tricolore mitbringen wird.<\/span><\/p>\n<div id=\"attachment_6713\" style=\"width: 560px\" class=\"wp-caption aligncenter\"><a href=\"http:\/\/unser-niedersaubach.de\/wp-content\/uploads\/2014\/10\/IMG_3064.jpg\" target=\"_blank\"><img loading=\"lazy\" decoding=\"async\" aria-describedby=\"caption-attachment-6713\" class=\"wp-image-6713\" src=\"http:\/\/unser-niedersaubach.de\/wp-content\/uploads\/2014\/10\/IMG_3064-1024x681.jpg\" alt=\"Vers\u00f6hnung \u00fcber den Gr\u00e4bern in Consenvoye am 19. Juli 2014, B\u00fcrgermeister Andr\u00e9 Dormois und Ortsvorsteher Hans Schmitz reichen sich die Hand, Foto: Manfred Mai\" width=\"550\" height=\"366\" srcset=\"https:\/\/unser-niedersaubach.de\/wp-content\/uploads\/2014\/10\/IMG_3064-1024x681.jpg 1024w, https:\/\/unser-niedersaubach.de\/wp-content\/uploads\/2014\/10\/IMG_3064-300x199.jpg 300w\" sizes=\"auto, (max-width: 550px) 100vw, 550px\" \/><\/a><p id=\"caption-attachment-6713\" class=\"wp-caption-text\">Vers\u00f6hnung \u00fcber den Gr\u00e4bern in Consenvoye am 19. Juli 2014, B\u00fcrgermeister Andr\u00e9 Dormois und Ortsvorsteher Hans Schmitz reichen sich die Hand, Foto: Manfred Mai<\/p><\/div>\n<p style=\"text-align: justify;\"><span style=\"color: #000000;\">Die Gedenkveranstaltung ist grob wie folgt geplant:<\/span><\/p>\n<p style=\"text-align: justify;\"><span style=\"color: #000000;\">17:00 \u2013 17:30 Uhr<br \/>\n\u00d6kumenisches Friedensgebet, gestaltet von Pfarrerin Sattler (Lebach) und Pastor Theobald (Steinbach), mit Kranzniederlegung in der Antoniuskapelle, musikalisch begleitet durch Kantor Fr\u00f6hlich und S\u00e4nger des Saarknappenchores, durchgef\u00fchrt durch den Consenvoyer B\u00fcrgermeister Andr\u00e9 Dormois und den Niedersaubacher Ortsvorsteher Hans Schmitz, begleitet von einer Abordnung der Lebacher Fallschirmj\u00e4ger<\/span><\/p>\n<p style=\"text-align: justify;\"><span style=\"color: #000000;\">17:30 \u2013 17:45 Uhr<br \/>\nEhrenzug durchs Dorf zum Antoniusheim, angef\u00fchrt durch Trommler des Musikvereins Gresaubach und einer Abordnung der Lebacher Fallschirmj\u00e4ger sowie einem Fahnentr\u00e4ger der franz\u00f6sischen Veteranen, flankiert von Fackeltr\u00e4gern der Niedersaubacher Feuerwehr<\/span><\/p>\n<p style=\"text-align: justify;\"><span style=\"color: #000000;\">17:45 \u2013 18:00 Uhr<br \/>\nAufstellung vor dem Antoniusheim, Begr\u00fc\u00dfung der franz\u00f6sischen G\u00e4ste, Spielen der Nationalhymnen und des Soldatenliedes: Ich hatt\u2019 einen Kameraden durch 2 Trompeter<\/span><\/p>\n<p style=\"text-align: justify;\"><span style=\"color: #000000;\">18:00 \u2013 19:00 Uhr<br \/>\nGedenken im Antoniusheim an die 16 Gefallenen des Dorfes im 1. Weltkrieg, multimedial gestaltet von Prof. Ivica Maksimovic und musikalisch umrahmt durch die Somebody\u2019s, den Kantor J\u00fcrgen Fr\u00f6hlich, den Geiger Wolfgang Link und S\u00e4nger des Saarknappenchores, mit einer abschlie\u00dfenden Festansprache des Consenvoyer B\u00fcrgermeisters Andr\u00e9 Dormois und einem Schlusswort des Niedersaubacher Ortsvorstehers Hans Schmitz<\/span><\/p>\n<p style=\"text-align: justify;\"><span style=\"color: #000000;\">19:00 &#8211; Uhr<br \/>\nBewirtung der G\u00e4ste im Antoniusheim<\/span><\/p>\n<p style=\"text-align: justify;\"><span style=\"color: #000000;\">Unsere Gedenkveranstaltung steht unter dem Motto, das Staatspr\u00e4sident Mitterrand und Bundeskanzler Kohl 1984 \u2013 sich erstmals auf einem deutschen Soldatenfriedhof, n\u00e4mlich in Consenvoye an der Maas, die H\u00e4nde reichend \u2013 formulierten:<br \/>\n<em><strong>\u201cWir haben uns vers\u00f6hnt! Wir haben uns verst\u00e4ndigt. Wir sind Freunde geworden!\u201d<\/strong> <\/em><br \/>\nAuf Franz\u00f6sisch: <em><strong>\u201cNous nous sommes r\u00e9concili\u00e9s. Nous nous sommes compris. Nous sommes devenus des amis.\u201d<\/strong><\/em><\/span><\/p>\n","protected":false},"excerpt":{"rendered":"<p>Volkstrauertag im Zeichen der Vers\u00f6hnung Am Sonntag, 16. November 2014, 17 \u2013 19 Uhr, begehen wir den Volkstrauertag in Erinnerung an den Ausbruch des 1. Weltkriegs vor 100 Jahren. Bereits im Juli dieses Jahres hatten wir die Gr\u00e4ber von zwei &hellip; <a href=\"https:\/\/unser-niedersaubach.de\/?p=6711\">Weiterlesen <span class=\"meta-nav\">&rarr;<\/span><\/a><\/p>\n","protected":false},"author":2,"featured_media":6715,"comment_status":"open","ping_status":"open","sticky":false,"template":"","format":"gallery","meta":{"ngg_post_thumbnail":0,"footnotes":""},"categories":[165,132],"tags":[26,342,362],"class_list":["post-6711","post","type-post","status-publish","format-gallery","has-post-thumbnail","hentry","category-krieg","category-veranstaltungen","tag-1-weltkrieg","tag-consenvoye","tag-volkstrauertag-2014","post_format-post-format-gallery"],"_links":{"self":[{"href":"https:\/\/unser-niedersaubach.de\/index.php?rest_route=\/wp\/v2\/posts\/6711","targetHints":{"allow":["GET"]}}],"collection":[{"href":"https:\/\/unser-niedersaubach.de\/index.php?rest_route=\/wp\/v2\/posts"}],"about":[{"href":"https:\/\/unser-niedersaubach.de\/index.php?rest_route=\/wp\/v2\/types\/post"}],"author":[{"embeddable":true,"href":"https:\/\/unser-niedersaubach.de\/index.php?rest_route=\/wp\/v2\/users\/2"}],"replies":[{"embeddable":true,"href":"https:\/\/unser-niedersaubach.de\/index.php?rest_route=%2Fwp%2Fv2%2Fcomments&post=6711"}],"version-history":[{"count":1,"href":"https:\/\/unser-niedersaubach.de\/index.php?rest_route=\/wp\/v2\/posts\/6711\/revisions"}],"predecessor-version":[{"id":6716,"href":"https:\/\/unser-niedersaubach.de\/index.php?rest_route=\/wp\/v2\/posts\/6711\/revisions\/6716"}],"wp:featuredmedia":[{"embeddable":true,"href":"https:\/\/unser-niedersaubach.de\/index.php?rest_route=\/wp\/v2\/media\/6715"}],"wp:attachment":[{"href":"https:\/\/unser-niedersaubach.de\/index.php?rest_route=%2Fwp%2Fv2%2Fmedia&parent=6711"}],"wp:term":[{"taxonomy":"category","embeddable":true,"href":"https:\/\/unser-niedersaubach.de\/index.php?rest_route=%2Fwp%2Fv2%2Fcategories&post=6711"},{"taxonomy":"post_tag","embeddable":true,"href":"https:\/\/unser-niedersaubach.de\/index.php?rest_route=%2Fwp%2Fv2%2Ftags&post=6711"}],"curies":[{"name":"wp","href":"https:\/\/api.w.org\/{rel}","templated":true}]}}