{"id":6733,"date":"2014-11-02T18:02:38","date_gmt":"2014-11-02T17:02:38","guid":{"rendered":"http:\/\/unser-niedersaubach.de\/?p=6733"},"modified":"2014-11-02T18:10:14","modified_gmt":"2014-11-02T17:10:14","slug":"euthanasie","status":"publish","type":"post","link":"https:\/\/unser-niedersaubach.de\/?p=6733","title":{"rendered":"Euthanasie"},"content":{"rendered":"<h1>Rudolf Scherer berichtet \u00fcber seinen Bruder Josef<\/h1>\n<p style=\"text-align: justify;\"><span style=\"color: #000000;\">Mirco Tomic hat f\u00fcr den Saarl\u00e4ndischen Rundfunk die beklemmende Geschichte der Euthanasie bei uns an der Saar im Dritten Reich aufgearbeitet.<\/span><\/p>\n<p style=\"text-align: justify;\"><span style=\"color: #000000;\">Dabei kommt auch Rudolf Scherer aus unserem Dorf zu Wort; er berichtet \u00fcber den Mord an seinem Bruder Josef.<\/span><\/p>\n<p style=\"text-align: justify;\"><a title=\"Josef Scherer, ermordet in Hadamar\" href=\"http:\/\/unser-niedersaubach.de\/?page_id=4424\"><strong><span style=\"color: #0000ff;\">Die Geschichte seines Bruders hatten wir im Rahmen des Gedenkens an die Opfer der beiden Weltkriege anl\u00e4sslich unserer 800-Jahrfeier mit aufgearbeitet. Am 29. August 2013 wurde f\u00fcr ihn in der Hold vor seinem Elternhaus ein Stolperstein verlegt.<\/span><\/strong><\/a><\/p>\n<p style=\"text-align: justify;\"><span style=\"color: #000000;\">Hier nun der Beitrag von Mirco Tomic im Saarl\u00e4ndischen Rundfunk:<\/span><\/p>\n<div id=\"attachment_6734\" style=\"width: 560px\" class=\"wp-caption aligncenter\"><a title=\"SR vom 1. November 2014, Ich w\u00e4re so gern heimgekommen, ein Film von Mirco Tomic\" href=\"http:\/\/sr-mediathek.sr-online.de\/index.php?seite=7&amp;id=28591\" target=\"_blank\"><img loading=\"lazy\" decoding=\"async\" aria-describedby=\"caption-attachment-6734\" class=\"size-full wp-image-6734\" src=\"http:\/\/unser-niedersaubach.de\/wp-content\/uploads\/2014\/11\/SR_Mirco-Tomic_Ich-waere-so-gern-heimgekommen_01-11-2014.jpg\" alt=\"Mirco Tomic, Ich w\u00e4r' so gern heimgekommen, SR vom 1. November 2014, Foto: Screenshot\" width=\"550\" height=\"575\" srcset=\"https:\/\/unser-niedersaubach.de\/wp-content\/uploads\/2014\/11\/SR_Mirco-Tomic_Ich-waere-so-gern-heimgekommen_01-11-2014.jpg 550w, https:\/\/unser-niedersaubach.de\/wp-content\/uploads\/2014\/11\/SR_Mirco-Tomic_Ich-waere-so-gern-heimgekommen_01-11-2014-286x300.jpg 286w\" sizes=\"auto, (max-width: 550px) 100vw, 550px\" \/><\/a><p id=\"caption-attachment-6734\" class=\"wp-caption-text\">Mirco Tomic, Ich w\u00e4r&#8216; so gern heimgekommen, SR vom 1. November 2014, Foto: Screenshot<\/p><\/div>\n<p>Und hier l\u00e4sst sich sein Feature dazu in SR 3 &#8222;Land und Leute&#8220; vom 2. November 2014 anh\u00f6ren:<\/p>\n<div id=\"attachment_6735\" style=\"width: 560px\" class=\"wp-caption aligncenter\"><a title=\"SR3 Feature, Land und Leute, Mirco Tomic, 2. November 2014\" href=\"http:\/\/pcast.sr-online.de\/play\/land-und-leute\/2014-11-02_land_und_leute_021114.mp3\" target=\"_blank\"><img loading=\"lazy\" decoding=\"async\" aria-describedby=\"caption-attachment-6735\" class=\"size-full wp-image-6735\" src=\"http:\/\/unser-niedersaubach.de\/wp-content\/uploads\/2014\/11\/SR3-Sonntagsfeature_02-11-2014_Mirco-Tomic.jpg\" alt=\"SR3-Sonntagsfeature vom 2. November 2014, Land und Leute, von Mirco Tomic\" width=\"550\" height=\"321\" srcset=\"https:\/\/unser-niedersaubach.de\/wp-content\/uploads\/2014\/11\/SR3-Sonntagsfeature_02-11-2014_Mirco-Tomic.jpg 550w, https:\/\/unser-niedersaubach.de\/wp-content\/uploads\/2014\/11\/SR3-Sonntagsfeature_02-11-2014_Mirco-Tomic-300x175.jpg 300w\" sizes=\"auto, (max-width: 550px) 100vw, 550px\" \/><\/a><p id=\"caption-attachment-6735\" class=\"wp-caption-text\">SR3-Sonntagsfeature vom 2. November 2014, Land und Leute, von Mirco Tomic<\/p><\/div>\n<p style=\"text-align: justify;\">\n","protected":false},"excerpt":{"rendered":"<p>Rudolf Scherer berichtet \u00fcber seinen Bruder Josef Mirco Tomic hat f\u00fcr den Saarl\u00e4ndischen Rundfunk die beklemmende Geschichte der Euthanasie bei uns an der Saar im Dritten Reich aufgearbeitet. Dabei kommt auch Rudolf Scherer aus unserem Dorf zu Wort; er berichtet &hellip; <a href=\"https:\/\/unser-niedersaubach.de\/?p=6733\">Weiterlesen <span class=\"meta-nav\">&rarr;<\/span><\/a><\/p>\n","protected":false},"author":2,"featured_media":0,"comment_status":"open","ping_status":"open","sticky":false,"template":"","format":"gallery","meta":{"ngg_post_thumbnail":0,"footnotes":""},"categories":[165],"tags":[366,228,367,368],"class_list":["post-6733","post","type-post","status-publish","format-gallery","hentry","category-krieg","tag-euthanasie","tag-josef-scherer","tag-mirco-tomic","tag-sr","post_format-post-format-gallery"],"_links":{"self":[{"href":"https:\/\/unser-niedersaubach.de\/index.php?rest_route=\/wp\/v2\/posts\/6733","targetHints":{"allow":["GET"]}}],"collection":[{"href":"https:\/\/unser-niedersaubach.de\/index.php?rest_route=\/wp\/v2\/posts"}],"about":[{"href":"https:\/\/unser-niedersaubach.de\/index.php?rest_route=\/wp\/v2\/types\/post"}],"author":[{"embeddable":true,"href":"https:\/\/unser-niedersaubach.de\/index.php?rest_route=\/wp\/v2\/users\/2"}],"replies":[{"embeddable":true,"href":"https:\/\/unser-niedersaubach.de\/index.php?rest_route=%2Fwp%2Fv2%2Fcomments&post=6733"}],"version-history":[{"count":3,"href":"https:\/\/unser-niedersaubach.de\/index.php?rest_route=\/wp\/v2\/posts\/6733\/revisions"}],"predecessor-version":[{"id":6737,"href":"https:\/\/unser-niedersaubach.de\/index.php?rest_route=\/wp\/v2\/posts\/6733\/revisions\/6737"}],"wp:attachment":[{"href":"https:\/\/unser-niedersaubach.de\/index.php?rest_route=%2Fwp%2Fv2%2Fmedia&parent=6733"}],"wp:term":[{"taxonomy":"category","embeddable":true,"href":"https:\/\/unser-niedersaubach.de\/index.php?rest_route=%2Fwp%2Fv2%2Fcategories&post=6733"},{"taxonomy":"post_tag","embeddable":true,"href":"https:\/\/unser-niedersaubach.de\/index.php?rest_route=%2Fwp%2Fv2%2Ftags&post=6733"}],"curies":[{"name":"wp","href":"https:\/\/api.w.org\/{rel}","templated":true}]}}