{"id":6740,"date":"2014-11-02T23:14:15","date_gmt":"2014-11-02T22:14:15","guid":{"rendered":"http:\/\/unser-niedersaubach.de\/?p=6740"},"modified":"2014-11-02T23:29:00","modified_gmt":"2014-11-02T22:29:00","slug":"1-weltkrieg-volkstrauertag","status":"publish","type":"post","link":"https:\/\/unser-niedersaubach.de\/?p=6740","title":{"rendered":"1. Weltkrieg &#8211; Volkstrauertag"},"content":{"rendered":"<h1>Besuch am 19. Juli dieses Jahres in Consenvoye<\/h1>\n<p style=\"text-align: justify;\"><span style=\"color: #000000;\">Wir hatten bereits dar\u00fcber berichtet: Anl\u00e4sslich des 100. Jahrestages des Ausbruchs des 1. Weltkriegs waren wir im Sommer mit einer Gruppe aus Niedersaubach und Lebach, begleitet von Lebach Fallschirmj\u00e4gern, im Argonnerwald und an der Maas auf dem deutschen Soldatenfriedhof in Consenvoye, auf dem 2 Niedersaubacher Freunde begraben liegen.<\/span><\/p>\n<p style=\"text-align: justify;\"><span style=\"color: #000000;\">Diesen Besuch hat Richard Kallenborn in Ausz\u00fcgen gefilmt und auf Youtube ver\u00f6ffentlicht (Copyright: Richard Kallenborn).<\/span><\/p>\n<p><iframe loading=\"lazy\" src=\"\/\/www.youtube.com\/embed\/FBs5GLJQgdQ\" width=\"560\" height=\"315\" frameborder=\"0\" allowfullscreen=\"allowfullscreen\"><\/iframe><\/p>\n<p style=\"text-align: justify;\"><span style=\"color: #000000;\">Am Volkstrauertag, Sonntag, 16. November dieses Jahres, 17 &#8211; 19 Uhr, wird der Consenvoyer B\u00fcrgermeister Andr\u00e9 Dormois, begleitet von Mitb\u00fcrgern aus seinem Dorf, nach Niedersaubach kommen, um an der Gedenkveranstaltung unter dem Motto: &#8222;Wir haben uns vers\u00f6hnt. Wir sind Freunde geworden!&#8220; teilzunehmen.<\/span><\/p>\n<div id=\"attachment_6748\" style=\"width: 560px\" class=\"wp-caption alignleft\"><a href=\"http:\/\/unser-niedersaubach.de\/wp-content\/uploads\/2014\/11\/Flyer.jpg\" target=\"_blank\"><img loading=\"lazy\" decoding=\"async\" aria-describedby=\"caption-attachment-6748\" class=\"wp-image-6748\" src=\"http:\/\/unser-niedersaubach.de\/wp-content\/uploads\/2014\/11\/Flyer-1024x719.jpg\" alt=\"Nie wieder Krieg! Plus jamais la guerre!\" width=\"550\" height=\"386\" srcset=\"https:\/\/unser-niedersaubach.de\/wp-content\/uploads\/2014\/11\/Flyer-1024x719.jpg 1024w, https:\/\/unser-niedersaubach.de\/wp-content\/uploads\/2014\/11\/Flyer-300x210.jpg 300w\" sizes=\"auto, (max-width: 550px) 100vw, 550px\" \/><\/a><p id=\"caption-attachment-6748\" class=\"wp-caption-text\">Nie wieder Krieg!<br \/> Plus jamais la guerre!<\/p><\/div>\n<p style=\"text-align: justify;\"><em><span style=\"color: #000000;\">Lothar Schmidt<\/span><\/em><\/p>\n","protected":false},"excerpt":{"rendered":"<p>Besuch am 19. Juli dieses Jahres in Consenvoye Wir hatten bereits dar\u00fcber berichtet: Anl\u00e4sslich des 100. Jahrestages des Ausbruchs des 1. Weltkriegs waren wir im Sommer mit einer Gruppe aus Niedersaubach und Lebach, begleitet von Lebach Fallschirmj\u00e4gern, im Argonnerwald und &hellip; <a href=\"https:\/\/unser-niedersaubach.de\/?p=6740\">Weiterlesen <span class=\"meta-nav\">&rarr;<\/span><\/a><\/p>\n","protected":false},"author":2,"featured_media":6747,"comment_status":"open","ping_status":"open","sticky":false,"template":"","format":"gallery","meta":{"ngg_post_thumbnail":0,"footnotes":""},"categories":[48,165],"tags":[26,342,362],"class_list":["post-6740","post","type-post","status-publish","format-gallery","has-post-thumbnail","hentry","category-jubilaum","category-krieg","tag-1-weltkrieg","tag-consenvoye","tag-volkstrauertag-2014","post_format-post-format-gallery"],"_links":{"self":[{"href":"https:\/\/unser-niedersaubach.de\/index.php?rest_route=\/wp\/v2\/posts\/6740","targetHints":{"allow":["GET"]}}],"collection":[{"href":"https:\/\/unser-niedersaubach.de\/index.php?rest_route=\/wp\/v2\/posts"}],"about":[{"href":"https:\/\/unser-niedersaubach.de\/index.php?rest_route=\/wp\/v2\/types\/post"}],"author":[{"embeddable":true,"href":"https:\/\/unser-niedersaubach.de\/index.php?rest_route=\/wp\/v2\/users\/2"}],"replies":[{"embeddable":true,"href":"https:\/\/unser-niedersaubach.de\/index.php?rest_route=%2Fwp%2Fv2%2Fcomments&post=6740"}],"version-history":[{"count":5,"href":"https:\/\/unser-niedersaubach.de\/index.php?rest_route=\/wp\/v2\/posts\/6740\/revisions"}],"predecessor-version":[{"id":6743,"href":"https:\/\/unser-niedersaubach.de\/index.php?rest_route=\/wp\/v2\/posts\/6740\/revisions\/6743"}],"wp:featuredmedia":[{"embeddable":true,"href":"https:\/\/unser-niedersaubach.de\/index.php?rest_route=\/wp\/v2\/media\/6747"}],"wp:attachment":[{"href":"https:\/\/unser-niedersaubach.de\/index.php?rest_route=%2Fwp%2Fv2%2Fmedia&parent=6740"}],"wp:term":[{"taxonomy":"category","embeddable":true,"href":"https:\/\/unser-niedersaubach.de\/index.php?rest_route=%2Fwp%2Fv2%2Fcategories&post=6740"},{"taxonomy":"post_tag","embeddable":true,"href":"https:\/\/unser-niedersaubach.de\/index.php?rest_route=%2Fwp%2Fv2%2Ftags&post=6740"}],"curies":[{"name":"wp","href":"https:\/\/api.w.org\/{rel}","templated":true}]}}