{"id":6828,"date":"2015-02-23T13:08:26","date_gmt":"2015-02-23T12:08:26","guid":{"rendered":"http:\/\/unser-niedersaubach.de\/?p=6828"},"modified":"2015-03-10T16:14:11","modified_gmt":"2015-03-10T15:14:11","slug":"feldahorn-baum-des-jahres-2015","status":"publish","type":"post","link":"https:\/\/unser-niedersaubach.de\/?p=6828","title":{"rendered":"Feldahorn &#8211; Baum des Jahres 2015"},"content":{"rendered":"<h1>Tag des Baumes in Lebach am Sa., 14. M\u00e4rz<\/h1>\n<h2>Wanderung am Rand des R\u00fcmmelbach-Humberg-Weges<\/h2>\n<p style=\"text-align: justify;\"><span style=\"color: #000000;\">Am Samstag, 14. M\u00e4rz, l\u00e4dt der Saarwaldverein Lebach zusammen mit der Stadt Lebach und der levobank zum Tag des Baumes 2015 ein.<\/span><\/p>\n<p style=\"text-align: justify;\"><span style=\"color: #000000;\">Begr\u00fcndet wurde die Tradition, einen Tag des Baumes zu feiern, von der Schutzgemeinschaft Deutscher Wald und dem ersten deutschen Bundespr\u00e4sidenten, Theodor Heuss, im Jahr 1952. Der Tag des Baumes soll ein Ehrentag sein, der eindringlich f\u00fcr den Schutz unserer heimischen B\u00e4ume wirbt. Der jeweils ausgesuchte Baum soll in seiner Sch\u00f6nheit, Besonderheit und N\u00fctzlichkeit den Menschen nahegebracht werden.<\/span><\/p>\n<p style=\"text-align: justify;\"><span style=\"color: #000000;\">In diesem Jahr ist der Feldahorn als Baum des Jahres ausgew\u00e4hlt worden. Der kleine Bruder des Berg- und des Spitzahorns ist recht unscheinbar; er wird nicht sehr gro\u00df (h\u00f6chstens 15 m), sodass er eher zur Begr\u00fcnung am Wegesrand verwendet wird oder in Heckenformationen auftaucht. Wegen der fr\u00fcheren Nutzung seines Blattwerkes als Viehfutter wird er noch landl\u00e4ufig auch Ma\u00dfholder (althochdeutsch: Futterbaum) genannt. Holzwirtschaftlich spielt der fast nur im Nieder- oder Mittelwald wachsende Feldahorn keine Rolle. Die Bedeutung des Feldahorns wird nun auch darin gesehen, dass er sich, weil er sich eben eher klein h\u00e4lt, als Stadtbaum empfiehlt. In unseren naturfeindlichen St\u00e4dten gilt er als stressresistent, weil er mit belastenden Abgasen, zersetzenden Streusalzen etc. fertig wird. Daher soll am Tag des Baumes bei der Lebacher Volksbank ein Feldahorn gepflanzt werden.<\/span><\/p>\n<div id=\"attachment_6829\" style=\"width: 560px\" class=\"wp-caption aligncenter\"><a href=\"http:\/\/unser-niedersaubach.de\/wp-content\/uploads\/2015\/02\/Feldahorn.jpg\"><img loading=\"lazy\" decoding=\"async\" aria-describedby=\"caption-attachment-6829\" class=\"wp-image-6829\" src=\"http:\/\/unser-niedersaubach.de\/wp-content\/uploads\/2015\/02\/Feldahorn-768x1024.jpg\" alt=\"Feldahorn am Grundsberg n\u00f6rdlich von Steinbach; er w\u00e4chst bei uns nach Auskunft von F\u00f6rster Winfried Fandel nur in Steinbach und in D\u00f6rsdorf, Foto: Lothar Schmidt\" width=\"550\" height=\"733\" srcset=\"https:\/\/unser-niedersaubach.de\/wp-content\/uploads\/2015\/02\/Feldahorn-768x1024.jpg 768w, https:\/\/unser-niedersaubach.de\/wp-content\/uploads\/2015\/02\/Feldahorn-225x300.jpg 225w\" sizes=\"auto, (max-width: 550px) 100vw, 550px\" \/><\/a><p id=\"caption-attachment-6829\" class=\"wp-caption-text\">Feldahorn am Grundsberg n\u00f6rdlich von Steinbach im Februar 2015; er w\u00e4chst bei uns nach Auskunft von F\u00f6rster Winfried Fandel nur in Steinbach und in D\u00f6rsdorf, Foto: Lothar Schmidt<\/p><\/div>\n<p style=\"text-align: justify;\"><span style=\"color: #000000;\"><strong>Das Fest dieses unscheinbaren Baumes soll am gleichen Tag mit einer gef\u00fchrten Wanderung am Rand des R\u00fcmmelbach-Humberg-Weges beginnen.<\/strong> Die Wanderung wird gef\u00fchrt von den Schmelzer Historikern Edith und Eric Glanzdorp, die sich geologisch mit der Geschichte des urzeitlichen R\u00fcmmelbach-Humberg-Meeres besch\u00e4ftigt haben; als Ansprechpartner bei der Wanderung steht auch Lothar Schmidt vom Heimatverein Niedersaubach-R\u00fcmmelbach zur Verf\u00fcgung; der Verein hatte bereits 2010 einen R\u00fcmmelbach-Humberg-Weg beschrieben. Das sich zwischen R\u00fcmmelbach und Humberg (bei Bad Kreuznach) erstreckende Urmeer hatte vor etwa 280 Mio. Jahren einen Rohstoff hervorgebracht, der uns als Lebacher Eier bekannt ist und als kostbare Eisenerze die Wiege der saarl\u00e4ndischen Eisen- und Stahlindustrie begr\u00fcndet hat. Schon im 16. Jahrhundert hatte der Eisenerzbergbau in R\u00fcmmelbach, Gresaubach und Steinbach begonnen, und erst Mitte des 19. Jahrhunderts kam er zum Erliegen. Bergrechtlich wurde dieses Lebacher \u201eBergwerk\u201c erst 1960, nachdem die Versuche 1937 und 1952 fehlgeschlagen waren, es wiederzubeleben, \u201egeschlossen\u201c (nachzulesen unter dem Stichwort \u201eR\u00fcmmelbach-Humberg\u201c nach Ilse Winter-Emden <a title=\"R\u00fcmmelbach-Humberg-Weg\" href=\"http:\/\/unser-niedersaubach.de\/?p=1654\"><strong><span style=\"color: #0000ff;\">hier (einfach anklicken).<\/span><\/strong><\/a><\/span><\/p>\n<p style=\"text-align: justify;\"><span style=\"color: #000000;\">Treffpunkt zur Wanderung ist am 14. M\u00e4rz um 10 Uhr am Bitscher Platz. Von dort aus erfolgt ein kostenloser Bustransfer, den die Stadt Lebach erm\u00f6glicht nach R\u00fcmmelbach. Die Wanderung beginnt in R\u00fcmmelbach um 10:15 Uhr. Zur\u00fcck in Lebach wird man gegen 13 Uhr sein.<\/span><\/p>\n<p style=\"text-align: justify;\"><span style=\"color: #000000;\">Ab 13 Uhr wird der Lebacher Saarwaldverein bei der levobank Erbsensuppe mit W\u00fcrstchen sowie Kaffee und Kuchen reichen; nat\u00fcrlich sind auch Getr\u00e4nke zu haben.<\/span><\/p>\n<p style=\"text-align: justify;\"><span style=\"color: #000000;\">Um 14 Uhr beginnt ein Festakt zum Tag des Baumes, der musikalisch umrahmt wird vom MGV Fidelio Landsweiler. Umweltminister Reinhold Jost wird die Festrede halten. Ebenso sprechen wird der Landesvorsitzende des Saarwaldvereins, Aribert von Pock, der Lebacher B\u00fcrgermeister Klauspeter Brill und der Lebacher Saarwaldvereinvorsitzende Heinrich Spengler.<\/span><\/p>\n<p style=\"text-align: justify;\"><span style=\"color: #000000;\">Die Anmeldung zur Wanderung sollte bis zum 6. M\u00e4rz \u00fcber unseren Wanderwart Udo Alder erfolgen: Tel.: 06881 88 404 oder E-Mail: <a style=\"color: #000000;\" href=\"mailto:hans.udo@hotmail.de\">hans.udo@hotmail.de<\/a>!<\/span><\/p>\n<p style=\"text-align: justify;\">F\u00fcr den Saarwaldverein Lebach<\/p>\n<p style=\"text-align: justify;\"><em>Lothar Schmidt<\/em><\/p>\n","protected":false},"excerpt":{"rendered":"<p>Tag des Baumes in Lebach am Sa., 14. M\u00e4rz Wanderung am Rand des R\u00fcmmelbach-Humberg-Weges Am Samstag, 14. M\u00e4rz, l\u00e4dt der Saarwaldverein Lebach zusammen mit der Stadt Lebach und der levobank zum Tag des Baumes 2015 ein. Begr\u00fcndet wurde die Tradition, &hellip; <a href=\"https:\/\/unser-niedersaubach.de\/?p=6828\">Weiterlesen <span class=\"meta-nav\">&rarr;<\/span><\/a><\/p>\n","protected":false},"author":2,"featured_media":6829,"comment_status":"open","ping_status":"open","sticky":false,"template":"","format":"gallery","meta":{"ngg_post_thumbnail":0,"footnotes":""},"categories":[27,132,12],"tags":[375,211,377,374,376],"class_list":["post-6828","post","type-post","status-publish","format-gallery","has-post-thumbnail","hentry","category-rummelbach","category-veranstaltungen","category-vereine","tag-feldahorn","tag-lebacher-eier","tag-ruemmelbach-humberg-weg","tag-tag-des-baumes-2015","tag-udo-alder","post_format-post-format-gallery"],"_links":{"self":[{"href":"https:\/\/unser-niedersaubach.de\/index.php?rest_route=\/wp\/v2\/posts\/6828","targetHints":{"allow":["GET"]}}],"collection":[{"href":"https:\/\/unser-niedersaubach.de\/index.php?rest_route=\/wp\/v2\/posts"}],"about":[{"href":"https:\/\/unser-niedersaubach.de\/index.php?rest_route=\/wp\/v2\/types\/post"}],"author":[{"embeddable":true,"href":"https:\/\/unser-niedersaubach.de\/index.php?rest_route=\/wp\/v2\/users\/2"}],"replies":[{"embeddable":true,"href":"https:\/\/unser-niedersaubach.de\/index.php?rest_route=%2Fwp%2Fv2%2Fcomments&post=6828"}],"version-history":[{"count":6,"href":"https:\/\/unser-niedersaubach.de\/index.php?rest_route=\/wp\/v2\/posts\/6828\/revisions"}],"predecessor-version":[{"id":6836,"href":"https:\/\/unser-niedersaubach.de\/index.php?rest_route=\/wp\/v2\/posts\/6828\/revisions\/6836"}],"wp:featuredmedia":[{"embeddable":true,"href":"https:\/\/unser-niedersaubach.de\/index.php?rest_route=\/wp\/v2\/media\/6829"}],"wp:attachment":[{"href":"https:\/\/unser-niedersaubach.de\/index.php?rest_route=%2Fwp%2Fv2%2Fmedia&parent=6828"}],"wp:term":[{"taxonomy":"category","embeddable":true,"href":"https:\/\/unser-niedersaubach.de\/index.php?rest_route=%2Fwp%2Fv2%2Fcategories&post=6828"},{"taxonomy":"post_tag","embeddable":true,"href":"https:\/\/unser-niedersaubach.de\/index.php?rest_route=%2Fwp%2Fv2%2Ftags&post=6828"}],"curies":[{"name":"wp","href":"https:\/\/api.w.org\/{rel}","templated":true}]}}