{"id":6837,"date":"2015-03-10T16:39:45","date_gmt":"2015-03-10T15:39:45","guid":{"rendered":"http:\/\/unser-niedersaubach.de\/?p=6837"},"modified":"2020-12-20T18:41:55","modified_gmt":"2020-12-20T17:41:55","slug":"jakob-hofmann-ruemmelbacher-soldat-in-diensten-des-franzoesischen-kaisers","status":"publish","type":"post","link":"https:\/\/unser-niedersaubach.de\/?p=6837","title":{"rendered":"Jakob Hofmann &#8211; R\u00fcmmelbacher Soldat in Diensten des franz\u00f6sischen Kaisers"},"content":{"rendered":"<h2>Denkmal in R\u00fcmmelbach aus der Napoleonischen Zeit zwecks Restaurierung in Sicherheit gebracht<\/h2>\n<p style=\"text-align: justify;\"><span style=\"color: #000000;\">Zwischen 1800 und 1814 tobten in Europa die Napoleonischen Kriege. Bereits 1794 hatten die franz\u00f6sischen Revolutionstruppen die linken Rheinlande besetzt, und dadurch war die Gegend zwischen Saar, Mosel und Nahe, also auch unser Lebach und sein Umland, franz\u00f6sisch geworden.<\/span><\/p>\n<p style=\"text-align: justify;\"><span style=\"color: #000000;\">Unsere jungen M\u00e4nner mussten in der Folge, genauer seit 1801, Kriegsdienst in der franz\u00f6sischen Armee leisten. 21 Soldaten aus Lebach und den zu Lebach geh\u00f6renden D\u00f6rfern verloren dabei ihr Leben, wie Gerhard Storb (Lebach) aus den Lebacher Kirchenb\u00fcchern herausgelesen hatte.<\/span><\/p>\n<div id=\"attachment_6838\" style=\"width: 531px\" class=\"wp-caption aligncenter\"><a href=\"http:\/\/unser-niedersaubach.de\/wp-content\/uploads\/2015\/03\/Jakob-Hofmann_Ruemmelbach.jpg\"><img loading=\"lazy\" decoding=\"async\" aria-describedby=\"caption-attachment-6838\" class=\"size-large wp-image-6838\" src=\"http:\/\/unser-niedersaubach.de\/wp-content\/uploads\/2015\/03\/Jakob-Hofmann_Ruemmelbach-521x1024.jpg\" alt=\"Wegkreuz zur Erinnerung an Jakob Hofmann aus R\u00fcmmelbach, gefallen 1809; Foto: Richard Wagner\" width=\"521\" height=\"1024\" srcset=\"https:\/\/unser-niedersaubach.de\/wp-content\/uploads\/2015\/03\/Jakob-Hofmann_Ruemmelbach-521x1024.jpg 521w, https:\/\/unser-niedersaubach.de\/wp-content\/uploads\/2015\/03\/Jakob-Hofmann_Ruemmelbach-153x300.jpg 153w, https:\/\/unser-niedersaubach.de\/wp-content\/uploads\/2015\/03\/Jakob-Hofmann_Ruemmelbach.jpg 1881w\" sizes=\"auto, (max-width: 521px) 100vw, 521px\" \/><\/a><p id=\"caption-attachment-6838\" class=\"wp-caption-text\">Wegkreuz zur Erinnerung an Jakob Hofmann aus R\u00fcmmelbach, gefallen 1809; Foto: Richard Wagner<\/p><\/div>\n<p style=\"text-align: justify;\"><span style=\"color: #000000;\">Ein Gefallener stammte aus R\u00fcmmelbach; er hie\u00df Jakob Hofmann, und er war wohl 1809 umgekommen. 1809 k\u00e4mpfte die franz\u00f6sische Armee vor allem auf den Schlachtfeldern in Spanien und in \u00d6sterreich.<\/span><\/p>\n<p style=\"text-align: justify;\"><span style=\"color: #000000;\">Klaus Feld (Landsweiler) kann herleiten, dass Jakob Hofmann am 2. Februar 1787 in R\u00fcmmelbach im Scheppes-Haus (das leider 2013 wegen Bauf\u00e4lligheit abgerissen werden musste) geboren wurde. Seine Eltern, Philipp und Anna Hofmann, errichteten sein Kreuz wohl urspr\u00fcnglich an der R\u00fcmmelbacher Hauptstra\u00dfe, an der das Scheppes-Haus stand. Von dort k\u00f6nnte es versetzt worden sein hinunter zum Dorfbrunnen, als in den 1920er Jahren die Stra\u00dfe zwischen Gresaubach und Niedersaubach \u00fcber R\u00fcmmelbach gebaut wurde. Klaus Feld: \u201eF\u00fcr die Lebacher Familien waren (damals) gefallene und vermisste S\u00f6hne eine v\u00f6llig neue Erfahrung. Da man die Opfer nicht auf dem heimischen Friedhof betrauern konnte, wurden zum Gedenken vielfach Wegekreuze aufgestellt, die sich bis heute erhalten haben.\u201c<\/span><\/p>\n<p style=\"text-align: justify;\"><span style=\"color: #000000;\">Bis vor ca. 10 Jahren stand es auch dort als Mahnmal und Symbol einer lebendigen Trauerkultur am Dorfbrunnen. Wegen Bauarbeiten sollte es umgesetzt werden; dabei zerbrach das wertvolle Denkmal in viele Teile, die seither &#8211; notd\u00fcrftig gelagert \u2013 dem Verfall preisgegeben waren.<\/span><\/p>\nngg_shortcode_0_placeholder\n<p style=\"text-align: justify;\"><em>Foto-Galerie: Lothar Schmidt<\/em><\/p>\n<p style=\"text-align: justify;\"><span style=\"color: #000000;\">Nun hat sich der Heimatverein \u201eUnser Niedersaubach\u201c aufgemacht, f\u00fcr die Sanierung des historischen Schatzes zu sorgen. Unter Leitung des erfahrenen Restaurators Edwin Reis aus \u00dcberroth (Fa. Wilhelm &amp; Reis in D\u00f6rsdorf und \u00dcberroth) wurden die zerbrochenen Steine geborgen und in die Werkstatt nach \u00dcberroth verbracht. Der Restaurator wird den Sandstein genauer untersuchen und die Kosten der Sanierung sch\u00e4tzen. Bei der Rekonstruktion der Inschrift hat Walter Lesch, der schon viele Wegekreuze saniert hat, seine Hilfe angeboten. Die Dorfgemeinschaft R\u00fcmmelbach hat sich bereit erkl\u00e4rt, einen wesentlichen Teil der Sanierungskosten zu tragen. Nun soll versucht werden, weitere gro\u00dfz\u00fcgige Spender f\u00fcr dieses Vorhaben zu gewinnen, damit die Geschichte unserer beiden D\u00f6rfer nicht verloren geht.<\/span><\/p>\n<p style=\"text-align: justify;\"><span style=\"color: #000000;\">Getreu unserem Wahlspruch nach Stefan Zweig: Wer seine Wurzeln nicht kennt, hat keinen Halt!<\/span><\/p>\n<p style=\"text-align: justify;\"><em>Lothar Schmidt<\/em><\/p>\n","protected":false},"excerpt":{"rendered":"<p>Denkmal in R\u00fcmmelbach aus der Napoleonischen Zeit zwecks Restaurierung in Sicherheit gebracht Zwischen 1800 und 1814 tobten in Europa die Napoleonischen Kriege. Bereits 1794 hatten die franz\u00f6sischen Revolutionstruppen die linken Rheinlande besetzt, und dadurch war die Gegend zwischen Saar, Mosel &hellip; <a href=\"https:\/\/unser-niedersaubach.de\/?p=6837\">Weiterlesen <span class=\"meta-nav\">&rarr;<\/span><\/a><\/p>\n","protected":false},"author":2,"featured_media":6843,"comment_status":"open","ping_status":"open","sticky":false,"template":"","format":"gallery","meta":{"ngg_post_thumbnail":0,"footnotes":""},"categories":[145,122,165,27,150],"tags":[381,379,380,378],"class_list":["post-6837","post","type-post","status-publish","format-gallery","has-post-thumbnail","hentry","category-familien","category-in-der-fremde","category-krieg","category-rummelbach","category-wegkreuz","tag-denkmal","tag-jakob-hofmann","tag-napoleonische-kriege","tag-napoleonkreuz","post_format-post-format-gallery"],"_links":{"self":[{"href":"https:\/\/unser-niedersaubach.de\/index.php?rest_route=\/wp\/v2\/posts\/6837","targetHints":{"allow":["GET"]}}],"collection":[{"href":"https:\/\/unser-niedersaubach.de\/index.php?rest_route=\/wp\/v2\/posts"}],"about":[{"href":"https:\/\/unser-niedersaubach.de\/index.php?rest_route=\/wp\/v2\/types\/post"}],"author":[{"embeddable":true,"href":"https:\/\/unser-niedersaubach.de\/index.php?rest_route=\/wp\/v2\/users\/2"}],"replies":[{"embeddable":true,"href":"https:\/\/unser-niedersaubach.de\/index.php?rest_route=%2Fwp%2Fv2%2Fcomments&post=6837"}],"version-history":[{"count":3,"href":"https:\/\/unser-niedersaubach.de\/index.php?rest_route=\/wp\/v2\/posts\/6837\/revisions"}],"predecessor-version":[{"id":8081,"href":"https:\/\/unser-niedersaubach.de\/index.php?rest_route=\/wp\/v2\/posts\/6837\/revisions\/8081"}],"wp:featuredmedia":[{"embeddable":true,"href":"https:\/\/unser-niedersaubach.de\/index.php?rest_route=\/wp\/v2\/media\/6843"}],"wp:attachment":[{"href":"https:\/\/unser-niedersaubach.de\/index.php?rest_route=%2Fwp%2Fv2%2Fmedia&parent=6837"}],"wp:term":[{"taxonomy":"category","embeddable":true,"href":"https:\/\/unser-niedersaubach.de\/index.php?rest_route=%2Fwp%2Fv2%2Fcategories&post=6837"},{"taxonomy":"post_tag","embeddable":true,"href":"https:\/\/unser-niedersaubach.de\/index.php?rest_route=%2Fwp%2Fv2%2Ftags&post=6837"}],"curies":[{"name":"wp","href":"https:\/\/api.w.org\/{rel}","templated":true}]}}