{"id":6873,"date":"2015-04-17T12:39:16","date_gmt":"2015-04-17T11:39:16","guid":{"rendered":"http:\/\/unser-niedersaubach.de\/?p=6873"},"modified":"2015-04-17T12:39:16","modified_gmt":"2015-04-17T11:39:16","slug":"peter-adam-platz","status":"publish","type":"post","link":"https:\/\/unser-niedersaubach.de\/?p=6873","title":{"rendered":"Peter-Adam-Platz"},"content":{"rendered":"<h1>KEB stellt Sitzb\u00e4nke auf Bitten der Nachfahren des ersten Dorfschullehrers Peter Adam auf<\/h1>\n<p style=\"text-align: justify;\"><span style=\"color: #000000;\">Der Peter-Adam-Platz, auf dem ehedem unsere erste eigene Volksschule stand, ist ein richtig sch\u00f6ner Dorfgemeinschaftsplatz geworden. Nicht nur an der Antoniuskirmes bezaubert er uns unter den alten Linden durch sein angenehmes Mikroklima; diese Linden hatte Peter Adam 1901 gepflanzt.<\/span><br \/>\n<span style=\"color: #000000;\">Zur Erinnerung: 1901 errichteten die D\u00f6rfer Niedersaubach und R\u00fcmmelbach eine eigene einklassige Volksschule, um sich von Lebach unabh\u00e4ngiger zu machen und den Kindern die weiten Schulwege zu verk\u00fcrzen. Der erste Dorfschullehrer, den man zum 15. April 1901 einstellte, hie\u00df Peter Adam. Er wohnte auch mit seiner Familie, seiner Frau Anna, seinen 7 S\u00f6hnen (von denen vier im 2. Weltkrieg fielen) und seinen 2 T\u00f6chtern im Schulhaus. Nutzgarten und Viehstall waren f\u00fcr den schlecht bezahlten P\u00e4dagogen \u00fcberlebensnotwendig. Dass man sein Brot selber buk, war damals selbstredend.<\/span><br \/>\n<span style=\"color: #000000;\">In der Spitze hatte unsere Volksschule 1917 in einer Klasse \u00fcber 8 Jahrg\u00e4nge 103 Sch\u00fcler: 48 Buben und 55 M\u00e4dchen; 85 stammten aus Niedersaubach, 18 aus R\u00fcmmelbach; zu Ostern wurden damals 12 Erstkl\u00e4ssler, 10 M\u00e4dchen und 2 Buben, eingeschult. Diese un\u00fcbersichtliche Unterrichtssituation verlangte unserem Dorfschulmeister allerhand ab, sodass er mehrmals bei unserer Gemeinde und der Schulaufsicht um Verst\u00e4rkung durch eine zweite Lehrkraft nachsuchte.<\/span><br \/>\n<span style=\"color: #000000;\">Im Rahmen unserer 800-Jahrfeier (1212 \u2013 2012) haben die Nachfahren der Familie Adam wieder Kontakt zur alten Wirkungsst\u00e4tte ihres Gro\u00dfvaters aufgenommen. Sie sind durch die Erz\u00e4hlungen ihrer Eltern \u00fcber die Zeit in unserem Dorf vorm 2. Weltkrieg immer noch tief gepr\u00e4gt und bewegt. Sie nutzen mittlerweile unsere Antoniuskirmes zum Familientreffen und reisen aus ganz Deutschland an. Ein Wunsch der Adam-Familie war nun, im Gedenken an ihren Gro\u00dfvater f\u00fcr Sitzb\u00e4nke auf dem Peter-Adam-Platz zu sorgen. Das hat Revierf\u00f6rster Winfried Fandel vermittelt, und unter Anleitung von Dominik Wilhelm hat die KEB 4 Sitzb\u00e4nke aufgestellt; die Rundbank unter der gro\u00dfen alten Linde wird noch erneuert.<\/span><\/p>\n<div id=\"attachment_6874\" style=\"width: 560px\" class=\"wp-caption aligncenter\"><a href=\"http:\/\/unser-niedersaubach.de\/wp-content\/uploads\/2015\/04\/KEB.jpg\" target=\"_blank\"><img loading=\"lazy\" decoding=\"async\" aria-describedby=\"caption-attachment-6874\" class=\"wp-image-6874\" src=\"http:\/\/unser-niedersaubach.de\/wp-content\/uploads\/2015\/04\/KEB-1024x860.jpg\" alt=\"Winfried Fandel, Dominik Wilhelm und Lothar Schmidt, Foto: Schmidt\" width=\"550\" height=\"462\" srcset=\"https:\/\/unser-niedersaubach.de\/wp-content\/uploads\/2015\/04\/KEB-1024x860.jpg 1024w, https:\/\/unser-niedersaubach.de\/wp-content\/uploads\/2015\/04\/KEB-300x252.jpg 300w\" sizes=\"auto, (max-width: 550px) 100vw, 550px\" \/><\/a><p id=\"caption-attachment-6874\" class=\"wp-caption-text\">Winfried Fandel, Dominik Wilhelm und Lothar Schmidt, Foto: Schmidt<\/p><\/div>\n<p style=\"text-align: justify;\"><span style=\"color: #000000;\">Lothar Schmidt durfte nun die Geld-Spende f\u00fcr die Gemeinschaftskasse der KEB Lebach am 15. April dieses Jahres zusammen mit Winfried Fandel im Namen der Enkel unseres Dorfschullehrers Peter Adam \u00fcbergeben.<\/span><\/p>\n","protected":false},"excerpt":{"rendered":"<p>KEB stellt Sitzb\u00e4nke auf Bitten der Nachfahren des ersten Dorfschullehrers Peter Adam auf Der Peter-Adam-Platz, auf dem ehedem unsere erste eigene Volksschule stand, ist ein richtig sch\u00f6ner Dorfgemeinschaftsplatz geworden. Nicht nur an der Antoniuskirmes bezaubert er uns unter den alten &hellip; <a href=\"https:\/\/unser-niedersaubach.de\/?p=6873\">Weiterlesen <span class=\"meta-nav\">&rarr;<\/span><\/a><\/p>\n","protected":false},"author":2,"featured_media":6546,"comment_status":"open","ping_status":"open","sticky":false,"template":"","format":"gallery","meta":{"ngg_post_thumbnail":0,"footnotes":""},"categories":[72,28,59],"tags":[393,261,394],"class_list":["post-6873","post","type-post","status-publish","format-gallery","has-post-thumbnail","hentry","category-dorfgemeinschaft","category-projekte","category-schule","tag-keb","tag-peter-adam-platz","tag-winfried-fandel","post_format-post-format-gallery"],"_links":{"self":[{"href":"https:\/\/unser-niedersaubach.de\/index.php?rest_route=\/wp\/v2\/posts\/6873","targetHints":{"allow":["GET"]}}],"collection":[{"href":"https:\/\/unser-niedersaubach.de\/index.php?rest_route=\/wp\/v2\/posts"}],"about":[{"href":"https:\/\/unser-niedersaubach.de\/index.php?rest_route=\/wp\/v2\/types\/post"}],"author":[{"embeddable":true,"href":"https:\/\/unser-niedersaubach.de\/index.php?rest_route=\/wp\/v2\/users\/2"}],"replies":[{"embeddable":true,"href":"https:\/\/unser-niedersaubach.de\/index.php?rest_route=%2Fwp%2Fv2%2Fcomments&post=6873"}],"version-history":[{"count":2,"href":"https:\/\/unser-niedersaubach.de\/index.php?rest_route=\/wp\/v2\/posts\/6873\/revisions"}],"predecessor-version":[{"id":6876,"href":"https:\/\/unser-niedersaubach.de\/index.php?rest_route=\/wp\/v2\/posts\/6873\/revisions\/6876"}],"wp:featuredmedia":[{"embeddable":true,"href":"https:\/\/unser-niedersaubach.de\/index.php?rest_route=\/wp\/v2\/media\/6546"}],"wp:attachment":[{"href":"https:\/\/unser-niedersaubach.de\/index.php?rest_route=%2Fwp%2Fv2%2Fmedia&parent=6873"}],"wp:term":[{"taxonomy":"category","embeddable":true,"href":"https:\/\/unser-niedersaubach.de\/index.php?rest_route=%2Fwp%2Fv2%2Fcategories&post=6873"},{"taxonomy":"post_tag","embeddable":true,"href":"https:\/\/unser-niedersaubach.de\/index.php?rest_route=%2Fwp%2Fv2%2Ftags&post=6873"}],"curies":[{"name":"wp","href":"https:\/\/api.w.org\/{rel}","templated":true}]}}