{"id":6917,"date":"2015-05-12T15:18:32","date_gmt":"2015-05-12T14:18:32","guid":{"rendered":"http:\/\/unser-niedersaubach.de\/?p=6917"},"modified":"2015-05-12T15:19:51","modified_gmt":"2015-05-12T14:19:51","slug":"seniorenverein-niedersaubach","status":"publish","type":"post","link":"https:\/\/unser-niedersaubach.de\/?p=6917","title":{"rendered":"Seniorenverein Niedersaubach"},"content":{"rendered":"<h1>Warum nicht Mitglied im \u201eSeniorenverein\u201c Niedersaubach werden?<\/h1>\n<p><strong>Definition: Was ist ein Senior?<\/strong><\/p>\n<p style=\"text-align: justify;\"><span style=\"color: #000000;\">Am h\u00e4ufigsten werden in Deutschland 55 Jahre als untere Altersgrenze genannt. Eine Altersgrenze f\u00fcr die Mitgliedschaft in unserem Verein gibt es nicht. Typisch f\u00fcr die Mehrheit der Senioren ist der in K\u00fcrze anstehende oder bereits vollzogene R\u00fcckzug aus dem Erwerbsleben.<\/span><\/p>\n<p style=\"text-align: justify;\"><span style=\"color: #000000;\">Was nun?<\/span><\/p>\n<p style=\"text-align: justify;\"><span style=\"color: #000000;\">Die Zeitung ist schnell gelesen , die Fernbedienung vom Fernseher ist schon vom Hin- und Herschalten hei\u00df. Wie kann ich oder k\u00f6nnen wir einen Teil der neuen Freizeit sinnvoller gestalten?<\/span><\/p>\n<p style=\"text-align: justify;\"><a href=\"http:\/\/unser-niedersaubach.de\/wp-content\/uploads\/2015\/05\/100_5343.jpg\" target=\"_blank\"><img loading=\"lazy\" decoding=\"async\" class=\"aligncenter wp-image-6921 size-large\" src=\"http:\/\/unser-niedersaubach.de\/wp-content\/uploads\/2015\/05\/100_5343-1024x771.jpg\" alt=\"100_5343\" width=\"640\" height=\"482\" srcset=\"https:\/\/unser-niedersaubach.de\/wp-content\/uploads\/2015\/05\/100_5343-1024x771.jpg 1024w, https:\/\/unser-niedersaubach.de\/wp-content\/uploads\/2015\/05\/100_5343-300x226.jpg 300w\" sizes=\"auto, (max-width: 640px) 100vw, 640px\" \/><\/a><\/p>\n<p style=\"text-align: justify;\"><span style=\"color: #000000;\">In unserem Verein gibt es viele Aktivit\u00e4ten: Fastnachtveranstaltung mit Vortr\u00e4gen ,Theater und Gesang. Einen Vereinsausflug mit \u00dcberraschungen. Wandern im Fr\u00fchjahr und Herbst in abschlie\u00dfender fr\u00f6hlicher Runde.<\/span><\/p>\n<p style=\"text-align: justify;\"><span style=\"color: #000000;\">Bei unserer Antoniuskirmes sind wir mit Kaffee und Kuchen dabei.<\/span><\/p>\n<p style=\"text-align: justify;\"><span style=\"color: #000000;\">Die Weihnachtsfeier ist besinnlich und heiter.<\/span><\/p>\n<p style=\"text-align: justify;\"><span style=\"color: #000000;\">Dabei sind wir auch am Weihnachtsmarkt mit Budenbetrieb und bei vielem mehr.<\/span><\/p>\n<p style=\"text-align: justify;\"><a href=\"http:\/\/unser-niedersaubach.de\/wp-content\/uploads\/2015\/05\/100_5329.jpg\" target=\"_blank\"><img loading=\"lazy\" decoding=\"async\" class=\"aligncenter wp-image-6920 size-full\" src=\"http:\/\/unser-niedersaubach.de\/wp-content\/uploads\/2015\/05\/100_5329.jpg\" alt=\"100_5329\" width=\"1020\" height=\"768\" srcset=\"https:\/\/unser-niedersaubach.de\/wp-content\/uploads\/2015\/05\/100_5329.jpg 1020w, https:\/\/unser-niedersaubach.de\/wp-content\/uploads\/2015\/05\/100_5329-300x226.jpg 300w\" sizes=\"auto, (max-width: 1020px) 100vw, 1020px\" \/><\/a><\/p>\n<p style=\"text-align: justify;\"><span style=\"color: #000000;\">Unter dem Motto \u201eUnser Niedersaubach, mach mit &#8211; bleib fit!\u201c findet 2 mal in der Woche montags und donnerstags jeweils um17.30Uhr im Antoniusheim eine Gymnastikstunde f\u00fcr Senioren unter der Leitung von Birgit Mai statt. Einmal reinschnuppern tut nicht weh!<\/span><\/p>\n<p style=\"text-align: justify;\"><span style=\"color: #000000;\">\u00a0<\/span><\/p>\n<h1 style=\"text-align: justify;\"><span style=\"color: #000000;\">\u201eWannerdaach\u201c<\/span><\/h1>\n<p style=\"text-align: justify;\"><span style=\"color: #000000;\">Am 14.05. findet unser diesj\u00e4hriger\u201c Wannerdaach\u201c statt. Treffpunkt ist am Sportplatz um 14.00Uhr<\/span><\/p>\n<p style=\"text-align: justify;\"><span style=\"color: #000000;\">Alle Saubacher und Nichtsaubacher sowie die \u201eBeigepl\u00e4tschten\u201c sind herzlich eingeladen.<\/span><\/p>\n<p style=\"text-align: justify;\"><span style=\"color: #000000;\">F\u00fcr Essen und Getr\u00e4nke ist ausreichend gesorgt.<\/span><\/p>\n<p style=\"text-align: justify;\"><span style=\"color: #000000;\">Mir hann beim Hl. Antonius scheen Wedder bestellt.<\/span><\/p>\n<p style=\"text-align: justify;\"><span style=\"color: #000000;\">\u00a0<\/span><\/p>\n<h1 style=\"text-align: justify;\"><span style=\"color: #000000;\">Vereinsausflug am 19.06.2015<\/span><\/h1>\n<p style=\"text-align: justify;\"><span style=\"color: #000000;\">Der diesj\u00e4hrige Vereinsausflug f\u00fchrt uns nach Manderscheid in die Eifel. Dort erwartet uns eine F\u00fchrung durch die Wachsmanufaktur Moll. Anschlie\u00dfend bringt uns der Bus zur Heidsm\u00fchle, wo wir zum Mittagessen erwartet werden. Am Nachmittag geht die Fahrt weiter nach Dhron an die Mosel zum Winzer Harald mit Weinprobe und belegten Winzerbroten (Winzerbrote anstelle eines Abendessens). Der Fahrkostenbeitrag betr\u00e4gt 10\u20ac zuz\u00fcglich 5\u20ac f\u00fcr die F\u00fchrung durch die Wachsmanufaktur sowie Weinprobe und Winzerbrote.<\/span><\/p>\n<p style=\"text-align: justify;\"><span style=\"color: #000000;\">Abfahrt ist um 9.00 Uhr bei der S\u00e4kaul und gegen 9.15 Uhr bei der Haltestelle Kronen Anna.<\/span><\/p>\n<p style=\"text-align: justify;\"><span style=\"color: #000000;\">Da Hemm sin me ca. 21.00 Auer.<\/span><\/p>\n<p style=\"text-align: justify;\"><span style=\"color: #000000;\">Anmeldung zum Vereinsausflug nimmt Irene Alt <a style=\"color: #000000;\" href=\"Tel:06881-2730\">Tel: 06881 &#8211; 2730<\/a> entgegen.<\/span><\/p>\n<p style=\"text-align: justify;\"><span style=\"color: #000000;\">Anmeldeschluss ist der 10.06.2015!<\/span><\/p>\n<p style=\"text-align: justify;\"><span style=\"color: #000000;\">Der Vorstand<\/span><\/p>\n","protected":false},"excerpt":{"rendered":"<p>Warum nicht Mitglied im \u201eSeniorenverein\u201c Niedersaubach werden? Definition: Was ist ein Senior? Am h\u00e4ufigsten werden in Deutschland 55 Jahre als untere Altersgrenze genannt. Eine Altersgrenze f\u00fcr die Mitgliedschaft in unserem Verein gibt es nicht. Typisch f\u00fcr die Mehrheit der Senioren &hellip; <a href=\"https:\/\/unser-niedersaubach.de\/?p=6917\">Weiterlesen <span class=\"meta-nav\">&rarr;<\/span><\/a><\/p>\n","protected":false},"author":2,"featured_media":6919,"comment_status":"open","ping_status":"open","sticky":false,"template":"","format":"gallery","meta":{"ngg_post_thumbnail":0,"footnotes":""},"categories":[132,12],"tags":[403,414,402],"class_list":["post-6917","post","type-post","status-publish","format-gallery","has-post-thumbnail","hentry","category-veranstaltungen","category-vereine","tag-ausflug","tag-seniorenverein","tag-wandertag","post_format-post-format-gallery"],"_links":{"self":[{"href":"https:\/\/unser-niedersaubach.de\/index.php?rest_route=\/wp\/v2\/posts\/6917","targetHints":{"allow":["GET"]}}],"collection":[{"href":"https:\/\/unser-niedersaubach.de\/index.php?rest_route=\/wp\/v2\/posts"}],"about":[{"href":"https:\/\/unser-niedersaubach.de\/index.php?rest_route=\/wp\/v2\/types\/post"}],"author":[{"embeddable":true,"href":"https:\/\/unser-niedersaubach.de\/index.php?rest_route=\/wp\/v2\/users\/2"}],"replies":[{"embeddable":true,"href":"https:\/\/unser-niedersaubach.de\/index.php?rest_route=%2Fwp%2Fv2%2Fcomments&post=6917"}],"version-history":[{"count":3,"href":"https:\/\/unser-niedersaubach.de\/index.php?rest_route=\/wp\/v2\/posts\/6917\/revisions"}],"predecessor-version":[{"id":6924,"href":"https:\/\/unser-niedersaubach.de\/index.php?rest_route=\/wp\/v2\/posts\/6917\/revisions\/6924"}],"wp:featuredmedia":[{"embeddable":true,"href":"https:\/\/unser-niedersaubach.de\/index.php?rest_route=\/wp\/v2\/media\/6919"}],"wp:attachment":[{"href":"https:\/\/unser-niedersaubach.de\/index.php?rest_route=%2Fwp%2Fv2%2Fmedia&parent=6917"}],"wp:term":[{"taxonomy":"category","embeddable":true,"href":"https:\/\/unser-niedersaubach.de\/index.php?rest_route=%2Fwp%2Fv2%2Fcategories&post=6917"},{"taxonomy":"post_tag","embeddable":true,"href":"https:\/\/unser-niedersaubach.de\/index.php?rest_route=%2Fwp%2Fv2%2Ftags&post=6917"}],"curies":[{"name":"wp","href":"https:\/\/api.w.org\/{rel}","templated":true}]}}