{"id":7004,"date":"2015-11-03T14:12:00","date_gmt":"2015-11-03T13:12:00","guid":{"rendered":"http:\/\/unser-niedersaubach.de\/?p=7004"},"modified":"2015-11-03T14:13:18","modified_gmt":"2015-11-03T13:13:18","slug":"wegkreuz-zwischen-niedersaubach-und-aschbach","status":"publish","type":"post","link":"https:\/\/unser-niedersaubach.de\/?p=7004","title":{"rendered":"Wegkreuz zwischen Niedersaubach und Aschbach"},"content":{"rendered":"<h1>Ruhebank l\u00e4dt wieder zum Verweilen ein<\/h1>\n<p style=\"text-align: justify;\"><span style=\"color: #000000;\">Leo Willms, Vorsitzender des Historischen Vereins Aschbach, hat zusammen mit seinem Sohn Mario oberhalb des \u201eDeiwelgrawens\u201c (Teufelsgraben) exakt auf der alten Banngrenze zwischen Niedersaubach und Aschbach die Ruhebank erneuert, die am Grabkreuz seiner Urgro\u00dfmutter Barbara Warken steht. <\/span><br \/>\n<span style=\"color: #000000;\">Das Holz hierf\u00fcr hat dankenswerterweise, vermittelt durch den Lebacher Revierf\u00f6rster Winfried Fandel, die KEB Lebach zur Verf\u00fcgung gestellt.<\/span><\/p>\n<div id=\"attachment_7005\" style=\"width: 560px\" class=\"wp-caption aligncenter\"><a href=\"http:\/\/unser-niedersaubach.de\/wp-content\/uploads\/2015\/11\/Grabkreuz_Barbara-Caryot.jpg\" target=\"_blank\"><img loading=\"lazy\" decoding=\"async\" aria-describedby=\"caption-attachment-7005\" class=\"wp-image-7005\" src=\"http:\/\/unser-niedersaubach.de\/wp-content\/uploads\/2015\/11\/Grabkreuz_Barbara-Caryot-1024x681.jpg\" alt=\"Grabkreuz_Barbara-Caryot\" width=\"550\" height=\"366\" srcset=\"https:\/\/unser-niedersaubach.de\/wp-content\/uploads\/2015\/11\/Grabkreuz_Barbara-Caryot-1024x681.jpg 1024w, https:\/\/unser-niedersaubach.de\/wp-content\/uploads\/2015\/11\/Grabkreuz_Barbara-Caryot-300x199.jpg 300w\" sizes=\"auto, (max-width: 550px) 100vw, 550px\" \/><\/a><p id=\"caption-attachment-7005\" class=\"wp-caption-text\">Grabkreuz von Barbara Warken, aufgestellt als Wegkreuz zwischen Aschbach und Niedersaubach, Foto: Leo Willms<\/p><\/div>\n<h2 style=\"text-align: justify;\"><span style=\"color: #000000;\">Zur Geschichte dieses ehemaligen Grabkreuzes \u2013 nach Aufzeichnungen von Leo Willms, eingebracht in der Warken-Familienbuch (Hasborn)<\/span><\/h2>\n<p style=\"text-align: justify;\"><span style=\"color: #000000;\">Bis Ende 1945 war Aschbach ein Teil der Pfarrei Thalexweiler. Man hatte bis zu diesem Zeitpunkt weder eine eigene Kirche noch einen eigenen Friedhof. Die verstorbenen Aschbacher B\u00fcrger wurden auf dem Friedhof in Thalexweiler beerdigt. 1946 segnete man eine Notkirche ein und legte einen neuen Friedhof an.<\/span><br \/>\n<span style=\"color: #000000;\">Die Anlegung des neuen Friedhofes war f\u00fcr viele Aschbacher der Auftakt, die sterblichen \u00dcberreste ihrer Verwandten in Thalexweiler auszugraben und auf dem Aschbacher Friedhof zu bestatten. <\/span><br \/>\n<span style=\"color: #000000;\">So machten sich auch der Gro\u00dfvater von Leo Willms, Alois Heinrich, sein Urgro\u00dfvater Ludwig Warken und dessen \u00e4ltester Sohn Ludwig Warken mit einem Kuhgespann auf den Weg zum Friedhof in Thalexweiler. Man wollte die sterblichen \u00dcberreste der Schwiegermutter, Ehefrau und Mutter (Barbara Warken, geb. Caryot) nach Aschbach zur\u00fcckholen. Sie war am 3. Juni 1920, 45-j\u00e4hrig, verstorben und somit fast 26 Jahre lang auf dem Friedhof Thalexweiler begraben. Nach einer Nacht im Keller seines Gro\u00dfvaters, dessen Haus in der N\u00e4he des Friedhofes stand, wurden die sterblichen \u00dcberreste einen Tag sp\u00e4ter auf dem Aschbacher Friedhof beigesetzt.<\/span><br \/>\n<span style=\"color: #000000;\">Zusammen mit den sterblichen \u00dcberresten wurden auch die Grabkreuze mitgenommen. Zwei dieser Kreuze stehen heute noch auf dem Aschbacher Bann als Wegekreuze. Eins am Verbindungsweg (an der Banngrenze) von Aschbach nach Niedersaubach und das zweite am Verbindungsweg zwischen Aschbach und Calmesweiler.<\/span><br \/>\n<span style=\"color: #000000;\">Barbara Warken (geb. Caryot) verstarb etwa ein Jahr nach der Geburt ist j\u00fcngsten Kindes Martha Warken (verh. Schmidt) an einem b\u00f6sartigen Tumor im R\u00fcckenmark, der ihr gro\u00dfe Schmerzen bescherte. Von daher ist das, was auf ihrem \u201eTotenbildchen\u201c geschrieben steht (das Totenbildchen ziert jetzt den Altar ihres Kreuzes), besch\u00f6nigend; es hei\u00dft da, sie sei \u201efriedlich entschlafen\u201c.<\/span><br \/>\n<span style=\"color: #000000;\">Sie brachte Ludwig Warken 9 Kinder zur Welt. Nach ihrem Tod blieben die schon erwachsenen S\u00f6hne und T\u00f6chter in Aschbach. Die kleinen zogen mit ihrem verwitweten Vater in die Niedersaubacher Kreuzwies, woher er geb\u00fcrtig stammte. Dort betrieb er f\u00fcrderhin die Dorfschmiede.<\/span><\/p>\n<p style=\"text-align: justify;\"><em>L. Sch.<\/em><\/p>\n","protected":false},"excerpt":{"rendered":"<p>Ruhebank l\u00e4dt wieder zum Verweilen ein Leo Willms, Vorsitzender des Historischen Vereins Aschbach, hat zusammen mit seinem Sohn Mario oberhalb des \u201eDeiwelgrawens\u201c (Teufelsgraben) exakt auf der alten Banngrenze zwischen Niedersaubach und Aschbach die Ruhebank erneuert, die am Grabkreuz seiner Urgro\u00dfmutter &hellip; <a href=\"https:\/\/unser-niedersaubach.de\/?p=7004\">Weiterlesen <span class=\"meta-nav\">&rarr;<\/span><\/a><\/p>\n","protected":false},"author":2,"featured_media":7005,"comment_status":"open","ping_status":"open","sticky":false,"template":"","format":"gallery","meta":{"ngg_post_thumbnail":0,"footnotes":""},"categories":[66,6,145,150],"tags":[435,434,436],"class_list":["post-7004","post","type-post","status-publish","format-gallery","has-post-thumbnail","hentry","category-bilder","category-denkmaler","category-familien","category-wegkreuz","tag-barbara-caryot","tag-barbara-warken","tag-leo-willms","post_format-post-format-gallery"],"_links":{"self":[{"href":"https:\/\/unser-niedersaubach.de\/index.php?rest_route=\/wp\/v2\/posts\/7004","targetHints":{"allow":["GET"]}}],"collection":[{"href":"https:\/\/unser-niedersaubach.de\/index.php?rest_route=\/wp\/v2\/posts"}],"about":[{"href":"https:\/\/unser-niedersaubach.de\/index.php?rest_route=\/wp\/v2\/types\/post"}],"author":[{"embeddable":true,"href":"https:\/\/unser-niedersaubach.de\/index.php?rest_route=\/wp\/v2\/users\/2"}],"replies":[{"embeddable":true,"href":"https:\/\/unser-niedersaubach.de\/index.php?rest_route=%2Fwp%2Fv2%2Fcomments&post=7004"}],"version-history":[{"count":3,"href":"https:\/\/unser-niedersaubach.de\/index.php?rest_route=\/wp\/v2\/posts\/7004\/revisions"}],"predecessor-version":[{"id":7008,"href":"https:\/\/unser-niedersaubach.de\/index.php?rest_route=\/wp\/v2\/posts\/7004\/revisions\/7008"}],"wp:featuredmedia":[{"embeddable":true,"href":"https:\/\/unser-niedersaubach.de\/index.php?rest_route=\/wp\/v2\/media\/7005"}],"wp:attachment":[{"href":"https:\/\/unser-niedersaubach.de\/index.php?rest_route=%2Fwp%2Fv2%2Fmedia&parent=7004"}],"wp:term":[{"taxonomy":"category","embeddable":true,"href":"https:\/\/unser-niedersaubach.de\/index.php?rest_route=%2Fwp%2Fv2%2Fcategories&post=7004"},{"taxonomy":"post_tag","embeddable":true,"href":"https:\/\/unser-niedersaubach.de\/index.php?rest_route=%2Fwp%2Fv2%2Ftags&post=7004"}],"curies":[{"name":"wp","href":"https:\/\/api.w.org\/{rel}","templated":true}]}}