{"id":7012,"date":"2015-11-11T18:48:46","date_gmt":"2015-11-11T17:48:46","guid":{"rendered":"http:\/\/unser-niedersaubach.de\/?p=7012"},"modified":"2015-11-11T18:48:46","modified_gmt":"2015-11-11T17:48:46","slug":"konzertreihe-des-mgv-fidelio-landsweiler","status":"publish","type":"post","link":"https:\/\/unser-niedersaubach.de\/?p=7012","title":{"rendered":"Konzertreihe des MGV Fidelio Landsweiler"},"content":{"rendered":"<h1>Der Auftakt ist gegl\u00fcckt!<\/h1>\n<h2>Einladung zum Konzert in der Antoniuskapelle am 21. November<\/h2>\n<p style=\"text-align: justify;\"><span style=\"color: #000000;\">Am Sonntag, dem 08.11.15, luden die S\u00e4nger des MGV &#8222;Fidelio&#8220; unter der Leitung von Dirigent Wolfram Schiffler zu ihrem ersten Konzert der Reihe &#8222;Junge S\u00e4nger &#8211; junge Kl\u00e4nge&#8220; in die evangelische Kirche in Lebach ein. Hier staunte man nicht schlecht, als in das gem\u00fctliche Gotteshaus doch deutlich \u00fcber 100 Zuh\u00f6rer ihren Weg fanden, so dass es kaum noch freie Pl\u00e4tze gab und die letzten G\u00e4ste schon etwas nach Sitzgelegenheiten suchen mussten. Scheinbar befl\u00fcgelt von diesem unerwartet starken Andrang gingen die S\u00e4nger unter Anleitung von Wolfram dann zu Werk. Mit bekannten Titeln wie &#8222;Die kleine Kneipe&#8220; (vor allem bekannt durch die Version von Peter Alexander) und drei Schlagern von Udo J\u00fcrgens wurde das Publikum auf das abwechslungsreiche und f\u00fcr M\u00e4nnerch\u00f6re \u00fcberraschend moderne Programm eingestimmt. Die gewohnt souver\u00e4ne und mit interessanten Informationen gespickte Moderation von Sangesbruder All\u00e9 Biesel und die Anschl\u00e4ge der erstklassigen und renommierten Pianistin Jelena Selemenko rundeten einen (fast) perfekten Konzertauftritt ab. Dirigent Wolfram Schiffler lobte, dass sein Chor nach einer guten Generalprobe nochmal seine Leistung steigerte und ihm so ein w\u00fcrdiges Heimspiel verschaffte, da er doch als Kantor der evangelischen Gemeinde t\u00e4tig ist. An dieser Stelle sei auch nochmal dem Team der evangelischen Gemeinde, Frau Pfarrerin Sattler, sowie der K\u00fcsterin gedankt, die den Chor warmherzig und gastfreundlich empfangen und dieses Konzert dadurch erst erm\u00f6glicht haben.<\/span><\/p>\n<p style=\"text-align: justify;\"><span style=\"color: #000000;\">Zu den weiteren Liedbeitr\u00e4gen soll an dieser Stelle nichts mehr verraten werden. Wenn es Sie interessiert, kommen Sie einfach zu unserem n\u00e4chsten Konzert in der katholischen Kirche in Landsweiler an diesem Samstag um 19:00 Uhr oder <strong>zum dritten Auftritt in der katholischen Kirche in Niedersaubach am 21.11.15 um 19 Uhr<\/strong>! Sie werden es nicht bereuen!<\/span><\/p>\n<p style=\"text-align: justify;\"><span style=\"color: #000000;\">Ihr MGV &#8222;Fidelio&#8220;<\/span><\/p>\n<p style=\"text-align: justify;\">P.S.:<br \/>\n<strong><span style=\"color: #0000ff;\"><a href=\"http:\/\/lebach-landsweiler.de\/\" target=\"_blank\">Hier der Bericht auf der Landweilerer Seite!<\/a><\/span><\/strong><\/p>\n","protected":false},"excerpt":{"rendered":"<p>Der Auftakt ist gegl\u00fcckt! Einladung zum Konzert in der Antoniuskapelle am 21. November Am Sonntag, dem 08.11.15, luden die S\u00e4nger des MGV &#8222;Fidelio&#8220; unter der Leitung von Dirigent Wolfram Schiffler zu ihrem ersten Konzert der Reihe &#8222;Junge S\u00e4nger &#8211; junge &hellip; <a href=\"https:\/\/unser-niedersaubach.de\/?p=7012\">Weiterlesen <span class=\"meta-nav\">&rarr;<\/span><\/a><\/p>\n","protected":false},"author":2,"featured_media":0,"comment_status":"open","ping_status":"open","sticky":false,"template":"","format":"gallery","meta":{"ngg_post_thumbnail":0,"footnotes":""},"categories":[72],"tags":[],"class_list":["post-7012","post","type-post","status-publish","format-gallery","hentry","category-dorfgemeinschaft","post_format-post-format-gallery"],"_links":{"self":[{"href":"https:\/\/unser-niedersaubach.de\/index.php?rest_route=\/wp\/v2\/posts\/7012","targetHints":{"allow":["GET"]}}],"collection":[{"href":"https:\/\/unser-niedersaubach.de\/index.php?rest_route=\/wp\/v2\/posts"}],"about":[{"href":"https:\/\/unser-niedersaubach.de\/index.php?rest_route=\/wp\/v2\/types\/post"}],"author":[{"embeddable":true,"href":"https:\/\/unser-niedersaubach.de\/index.php?rest_route=\/wp\/v2\/users\/2"}],"replies":[{"embeddable":true,"href":"https:\/\/unser-niedersaubach.de\/index.php?rest_route=%2Fwp%2Fv2%2Fcomments&post=7012"}],"version-history":[{"count":2,"href":"https:\/\/unser-niedersaubach.de\/index.php?rest_route=\/wp\/v2\/posts\/7012\/revisions"}],"predecessor-version":[{"id":7014,"href":"https:\/\/unser-niedersaubach.de\/index.php?rest_route=\/wp\/v2\/posts\/7012\/revisions\/7014"}],"wp:attachment":[{"href":"https:\/\/unser-niedersaubach.de\/index.php?rest_route=%2Fwp%2Fv2%2Fmedia&parent=7012"}],"wp:term":[{"taxonomy":"category","embeddable":true,"href":"https:\/\/unser-niedersaubach.de\/index.php?rest_route=%2Fwp%2Fv2%2Fcategories&post=7012"},{"taxonomy":"post_tag","embeddable":true,"href":"https:\/\/unser-niedersaubach.de\/index.php?rest_route=%2Fwp%2Fv2%2Ftags&post=7012"}],"curies":[{"name":"wp","href":"https:\/\/api.w.org\/{rel}","templated":true}]}}