{"id":7016,"date":"2015-11-22T14:41:42","date_gmt":"2015-11-22T13:41:42","guid":{"rendered":"http:\/\/unser-niedersaubach.de\/?p=7016"},"modified":"2015-11-28T02:11:04","modified_gmt":"2015-11-28T01:11:04","slug":"generalversammlung-2015","status":"publish","type":"post","link":"https:\/\/unser-niedersaubach.de\/?p=7016","title":{"rendered":"Generalversammlung 2015"},"content":{"rendered":"<h3><strong>Einladung zur Jahreshauptversammlung am 22. November, 18.45 Uhr, im Antoniusheim<\/strong><\/h3>\n<p style=\"text-align: justify;\"><span style=\"color: #000000;\">Wir laden alle Mitglieder ganz herzlich zur Versammlung ein und hoffen auf eine rege Teilnahme.<\/span><\/p>\n<p style=\"text-align: justify;\"><span style=\"color: #000000;\"><strong><u>Tagesordnung:<\/u><\/strong><\/span><\/p>\n<ol style=\"text-align: justify;\">\n<li><span style=\"color: #000000;\">Begr\u00fc\u00dfung<\/span><\/li>\n<li><span style=\"color: #000000;\">Berichte mit anschlie\u00dfender Aussprache<\/span><\/li>\n<\/ol>\n<p style=\"text-align: justify;\"><span style=\"color: #000000;\">2.1\u00a0\u00a0\u00a0\u00a0\u00a0 Vorsitzender<\/span><\/p>\n<p style=\"text-align: justify;\"><span style=\"color: #000000;\">2.2\u00a0\u00a0\u00a0\u00a0\u00a0 Schatzmeister\/Kassierer<\/span><\/p>\n<p style=\"text-align: justify;\"><span style=\"color: #000000;\">2.3\u00a0\u00a0\u00a0\u00a0\u00a0 Internetbeauftragter\/Chronist<\/span><\/p>\n<p style=\"text-align: justify;\"><span style=\"color: #000000;\">2.4\u00a0\u00a0\u00a0\u00a0\u00a0 Projektleiter<\/span><\/p>\n<ol style=\"text-align: justify;\" start=\"3\">\n<li><span style=\"color: #000000;\">Regularien zur Beitragserhebung*<\/span><\/li>\n<li><span style=\"color: #000000;\">Vorstellung unserer Gesch\u00e4ftsordnung<\/span><\/li>\n<li><span style=\"color: #000000;\">Neuwahl des Vorstandes<\/span><\/li>\n<\/ol>\n<p style=\"text-align: justify;\"><span style=\"color: #000000;\">5.1\u00a0\u00a0\u00a0\u00a0\u00a0 Wahl eines Versammlungsleiters**<\/span><\/p>\n<p style=\"text-align: justify;\"><span style=\"color: #000000;\">5.2\u00a0\u00a0\u00a0\u00a0\u00a0 Entlastung des Vorstandes<\/span><\/p>\n<p style=\"text-align: justify;\"><span style=\"color: #000000;\">5.3\u00a0\u00a0\u00a0\u00a0\u00a0 Wahl eines Vorsitzenden<\/span><\/p>\n<p style=\"text-align: justify;\"><span style=\"color: #000000;\">5.4\u00a0\u00a0\u00a0\u00a0\u00a0 Wahl der Stellvertretenden Vorsitzenden<\/span><\/p>\n<p style=\"text-align: justify;\"><span style=\"color: #000000;\">5.5\u00a0\u00a0\u00a0\u00a0\u00a0 Wahl der Beisitzer<\/span><\/p>\n<ol style=\"text-align: justify;\" start=\"6\">\n<li><span style=\"color: #000000;\">Mitgliederwerbung<\/span><\/li>\n<li><span style=\"color: #000000;\">Verschiedenes (Weihnachtsmarkt, \u2026)<\/span><\/li>\n<\/ol>\n<p style=\"text-align: justify;\"><span style=\"color: #000000;\">* <strong>Beitragserhebung:<\/strong><\/span><\/p>\n<p style=\"text-align: justify;\"><span style=\"color: #000000;\">Da sich der Bareinzug unseres Mitgliedsbeitrages nicht bew\u00e4hrt hat, wollen wir ab dem kommenden Gesch\u00e4ftsjahr die Mitgliedsbeitr\u00e4ge per Dauerauftrag erheben. Die dazu notwendigen Formalien werden in der Versammlung erl\u00e4utert.<\/span><\/p>\n<p style=\"text-align: justify;\"><span style=\"color: #000000;\">** <strong>Hinweis nach dem Allgemeinen Gleichbehandlungsgesetz:<\/strong><\/span><\/p>\n<p style=\"text-align: justify;\"><span style=\"color: #000000;\">Zur besseren Lesbarkeit werden die Funktionsbezeichnungen in m\u00e4nnlicher Form genannt.<\/span><\/p>\n<p style=\"text-align: justify;\"><span style=\"color: #000000;\">Der Vorstand<\/span><\/p>\n","protected":false},"excerpt":{"rendered":"<p>Einladung zur Jahreshauptversammlung am 22. November, 18.45 Uhr, im Antoniusheim Wir laden alle Mitglieder ganz herzlich zur Versammlung ein und hoffen auf eine rege Teilnahme. Tagesordnung: Begr\u00fc\u00dfung Berichte mit anschlie\u00dfender Aussprache 2.1\u00a0\u00a0\u00a0\u00a0\u00a0 Vorsitzender 2.2\u00a0\u00a0\u00a0\u00a0\u00a0 Schatzmeister\/Kassierer 2.3\u00a0\u00a0\u00a0\u00a0\u00a0 Internetbeauftragter\/Chronist 2.4\u00a0\u00a0\u00a0\u00a0\u00a0 Projektleiter Regularien &hellip; <a href=\"https:\/\/unser-niedersaubach.de\/?p=7016\">Weiterlesen <span class=\"meta-nav\">&rarr;<\/span><\/a><\/p>\n","protected":false},"author":2,"featured_media":0,"comment_status":"open","ping_status":"open","sticky":false,"template":"","format":"gallery","meta":{"ngg_post_thumbnail":0,"footnotes":""},"categories":[132,12],"tags":[437],"class_list":["post-7016","post","type-post","status-publish","format-gallery","hentry","category-veranstaltungen","category-vereine","tag-generalversammlung-2015","post_format-post-format-gallery"],"_links":{"self":[{"href":"https:\/\/unser-niedersaubach.de\/index.php?rest_route=\/wp\/v2\/posts\/7016","targetHints":{"allow":["GET"]}}],"collection":[{"href":"https:\/\/unser-niedersaubach.de\/index.php?rest_route=\/wp\/v2\/posts"}],"about":[{"href":"https:\/\/unser-niedersaubach.de\/index.php?rest_route=\/wp\/v2\/types\/post"}],"author":[{"embeddable":true,"href":"https:\/\/unser-niedersaubach.de\/index.php?rest_route=\/wp\/v2\/users\/2"}],"replies":[{"embeddable":true,"href":"https:\/\/unser-niedersaubach.de\/index.php?rest_route=%2Fwp%2Fv2%2Fcomments&post=7016"}],"version-history":[{"count":1,"href":"https:\/\/unser-niedersaubach.de\/index.php?rest_route=\/wp\/v2\/posts\/7016\/revisions"}],"predecessor-version":[{"id":7017,"href":"https:\/\/unser-niedersaubach.de\/index.php?rest_route=\/wp\/v2\/posts\/7016\/revisions\/7017"}],"wp:attachment":[{"href":"https:\/\/unser-niedersaubach.de\/index.php?rest_route=%2Fwp%2Fv2%2Fmedia&parent=7016"}],"wp:term":[{"taxonomy":"category","embeddable":true,"href":"https:\/\/unser-niedersaubach.de\/index.php?rest_route=%2Fwp%2Fv2%2Fcategories&post=7016"},{"taxonomy":"post_tag","embeddable":true,"href":"https:\/\/unser-niedersaubach.de\/index.php?rest_route=%2Fwp%2Fv2%2Ftags&post=7016"}],"curies":[{"name":"wp","href":"https:\/\/api.w.org\/{rel}","templated":true}]}}