{"id":7076,"date":"2016-01-29T16:21:42","date_gmt":"2016-01-29T15:21:42","guid":{"rendered":"http:\/\/unser-niedersaubach.de\/?p=7076"},"modified":"2016-01-29T16:47:52","modified_gmt":"2016-01-29T15:47:52","slug":"vorstandsneuwahlen-bei-unser-niedersaubach","status":"publish","type":"post","link":"https:\/\/unser-niedersaubach.de\/?p=7076","title":{"rendered":"Vorstandsneuwahlen bei Unser Niedersaubach"},"content":{"rendered":"<h1 style=\"text-align: justify;\">Veranstaltungskalender 2016 auf den Weg gebracht<\/h1>\n<p style=\"text-align: justify;\"><span style=\"color: #000000;\">Nach der Neuwahl unseres Vorstandes am 22. November vorigen Jahres und der Vorstandssitzung am 20. Januar dieses Jahres setzt sich der Vorstand des Vereines wie folgt zusammen:<\/span><\/p>\n<p style=\"text-align: justify;\"><span style=\"color: #000000;\">Vorsitzender und Beauftragter f\u00fcr das Brauchtum: Hans Schmitz <\/span><br \/>\n<span style=\"color: #000000;\">Stellvertretende Vorsitzende:<\/span><br \/>\n<span style=\"color: #000000;\">Bernd K\u00f6nigl (Schatzmeister\/ Kassierer), Silke Noss-Schedler (Schriftf\u00fchrerin),<\/span><br \/>\n<span style=\"color: #000000;\">Lothar Schmidt (Beauftragter f\u00fcr Dorfgeschichte, Chronik, Internetportal),<\/span><br \/>\n<span style=\"color: #000000;\">Werner Schmidt (Kultur), Siggi Steimer (Dorfmitte R\u00fcmmelbach). <\/span><\/p>\n<div id=\"attachment_7079\" style=\"width: 559px\" class=\"wp-caption aligncenter\"><a href=\"http:\/\/unser-niedersaubach.de\/wp-content\/uploads\/2016\/01\/IMG_20160120_203943.jpg\" target=\"_blank\" rel=\"attachment wp-att-7079\"><img loading=\"lazy\" decoding=\"async\" aria-describedby=\"caption-attachment-7079\" class=\"wp-image-7079\" src=\"http:\/\/unser-niedersaubach.de\/wp-content\/uploads\/2016\/01\/IMG_20160120_203943-1024x576.jpg\" alt=\"Konstituierung des neuen Vorstandes im Antoniusheim am 20. Januar 2016, Fotos: L. Schmidt\" width=\"549\" height=\"309\" srcset=\"https:\/\/unser-niedersaubach.de\/wp-content\/uploads\/2016\/01\/IMG_20160120_203943-1024x576.jpg 1024w, https:\/\/unser-niedersaubach.de\/wp-content\/uploads\/2016\/01\/IMG_20160120_203943-300x169.jpg 300w, https:\/\/unser-niedersaubach.de\/wp-content\/uploads\/2016\/01\/IMG_20160120_203943-768x432.jpg 768w\" sizes=\"auto, (max-width: 549px) 100vw, 549px\" \/><\/a><p id=\"caption-attachment-7079\" class=\"wp-caption-text\">Konstituierung des neuen Vorstandes im Antoniusheim am 20. Januar 2016, Fotos: L. Schmidt<\/p><\/div>\n<div id=\"attachment_7080\" style=\"width: 560px\" class=\"wp-caption aligncenter\"><a href=\"http:\/\/unser-niedersaubach.de\/wp-content\/uploads\/2016\/01\/IMG_20160120_203948.jpg\" target=\"_blank\" rel=\"attachment wp-att-7080\"><img loading=\"lazy\" decoding=\"async\" aria-describedby=\"caption-attachment-7080\" class=\"wp-image-7080\" src=\"http:\/\/unser-niedersaubach.de\/wp-content\/uploads\/2016\/01\/IMG_20160120_203948-1024x576.jpg\" alt=\"Engagierte Leute muss man haben: Deshalb der Aufruf zum Mitmachen!\" width=\"550\" height=\"309\" srcset=\"https:\/\/unser-niedersaubach.de\/wp-content\/uploads\/2016\/01\/IMG_20160120_203948-1024x576.jpg 1024w, https:\/\/unser-niedersaubach.de\/wp-content\/uploads\/2016\/01\/IMG_20160120_203948-300x169.jpg 300w, https:\/\/unser-niedersaubach.de\/wp-content\/uploads\/2016\/01\/IMG_20160120_203948-768x432.jpg 768w\" sizes=\"auto, (max-width: 550px) 100vw, 550px\" \/><\/a><p id=\"caption-attachment-7080\" class=\"wp-caption-text\">Engagierte Leute muss man haben: Deshalb der Aufruf zum Mitmachen!<\/p><\/div>\n<div id=\"attachment_7081\" style=\"width: 560px\" class=\"wp-caption aligncenter\"><a href=\"http:\/\/unser-niedersaubach.de\/wp-content\/uploads\/2016\/01\/IMG_20160120_212257.jpg\" rel=\"attachment wp-att-7081\"><img loading=\"lazy\" decoding=\"async\" aria-describedby=\"caption-attachment-7081\" class=\"wp-image-7081\" src=\"http:\/\/unser-niedersaubach.de\/wp-content\/uploads\/2016\/01\/IMG_20160120_212257-1024x576.jpg\" alt=\"Nach der Sitzung noch ein Bier in Freundschaft: alter und neuer Vorsitzender\" width=\"550\" height=\"309\" srcset=\"https:\/\/unser-niedersaubach.de\/wp-content\/uploads\/2016\/01\/IMG_20160120_212257-1024x576.jpg 1024w, https:\/\/unser-niedersaubach.de\/wp-content\/uploads\/2016\/01\/IMG_20160120_212257-300x169.jpg 300w, https:\/\/unser-niedersaubach.de\/wp-content\/uploads\/2016\/01\/IMG_20160120_212257-768x432.jpg 768w\" sizes=\"auto, (max-width: 550px) 100vw, 550px\" \/><\/a><p id=\"caption-attachment-7081\" class=\"wp-caption-text\">Nach der Sitzung noch ein Bier in Freundschaft: alter und neuer Vorsitzender<\/p><\/div>\n<p style=\"text-align: justify;\"><span style=\"color: #000000;\">Liebe Mitb\u00fcrgerinnen und Mitb\u00fcrger, liebe Mitglieder, wir bedanken uns bei unserem langj\u00e4hrigen Vorsitzenden und Gr\u00fcndungsmitglied Werner Schmidt f\u00fcr seinen Einsatz, unser Dorf wieder zu einer lebendigen Gemeinschaft zu f\u00fchren. Von unserer 800-Jahr-Feier an ist es gelungen, vielen unserer Mitb\u00fcrgerinnen und Mitb\u00fcrgern wieder ein Wir-Gef\u00fchl zu vermitteln. Werner Schmidt \u00fcbernimmt den Vorstandsbereich Kultur, den er bereits als Vorsitzender betreute (zuletzt veranstaltete er einen Wiener Kaffee-Nachmittag).<\/span><br \/>\n<span style=\"color: #000000;\">Machen auch Sie mit bei \u201eUnser Niedersaubach\u201c. Gestalten Sie unsere Dorfgemeinschaft auch mit Ihren eigenen Ideen. Nur wir alle gemeinsam k\u00f6nnen dazu beitragen, ein Ortsgeschehen zu schaffen, mit dem sich die meisten B\u00fcrger\/innen identifizieren. Bestimmen Sie mit, was f\u00fcr unsere Dorfgemeinschaft wichtig ist.<\/span><br \/>\n<span style=\"color: #000000;\">Mit einem obligatorischen Beitrag von 3,00 \u20ac im Jahr kann man Mitglied werden.<\/span><\/p>\n<p style=\"text-align: justify;\"><span style=\"color: #000000;\">Hans Schmidt, Vorsitzender des gemeinn\u00fctzigen Vereins \u201eUnser Niedersaubach\u201c, eines gemeinn\u00fctzigen Vereins f\u00fcr Brauchtum, Kultur sowie Jugend- und Altenhilfe<\/span><\/p>\n<p style=\"text-align: justify;\">P.S.:<br \/>\nBei der Vorstandssitzung haben wir auch den Veranstaltungskalender 2016 beschlossen:<\/p>\n<p style=\"padding-left: 30px;\"><span style=\"color: #000000;\">Unplugged-Konzert\u00a0\u00a0\u00a0\u00a0\u00a0\u00a0\u00a0\u00a0\u00a0\u00a0\u00a0 12.03.16<\/span><\/p>\n<p style=\"padding-left: 30px;\"><span style=\"color: #000000;\">Antoniuskirmes\u00a0\u00a0\u00a0\u00a0\u00a0\u00a0\u00a0\u00a0\u00a0\u00a0\u00a0\u00a0\u00a0\u00a0\u00a0\u00a0\u00a0\u00a0 12.06.16<\/span><\/p>\n<p style=\"padding-left: 30px;\"><span style=\"color: #000000;\">Jugendzeltlager\u00a0\u00a0\u00a0\u00a0\u00a0\u00a0\u00a0\u00a0\u00a0\u00a0\u00a0\u00a0\u00a0\u00a0\u00a0\u00a0\u00a0\u00a0 18. \u2013 21.08.16<\/span><\/p>\n<p style=\"padding-left: 30px;\"><span style=\"color: #000000;\">Flamenco-Nachmittag\u00a0\u00a0\u00a0\u00a0\u00a0\u00a0 23.10.16<\/span><\/p>\n<p style=\"padding-left: 30px;\"><span style=\"color: #000000;\">Martinsfeier\u00a0\u00a0\u00a0\u00a0\u00a0\u00a0\u00a0\u00a0\u00a0\u00a0\u00a0\u00a0\u00a0\u00a0\u00a0\u00a0\u00a0\u00a0\u00a0\u00a0\u00a0\u00a0\u00a0\u00a0 11.11.16<\/span><\/p>\n<p style=\"padding-left: 30px;\"><span style=\"color: #000000;\">Gefallenenehrung\u00a0\u00a0\u00a0\u00a0\u00a0\u00a0\u00a0\u00a0\u00a0\u00a0\u00a0\u00a0\u00a0\u00a0 13.11.16<\/span><\/p>\n<p style=\"padding-left: 30px;\"><span style=\"color: #000000;\">Weihnachtsmarkt\u00a0\u00a0\u00a0\u00a0\u00a0\u00a0\u00a0\u00a0\u00a0\u00a0\u00a0\u00a0\u00a0\u00a0 03.12.16<\/span><\/p>\n<p style=\"text-align: justify; padding-left: 30px;\"><span style=\"color: #000000;\">Zu terminieren:<\/span><br \/>\n<span style=\"color: #000000;\"> Einsegnung des Napoleonkreuzes auf dem Brunnenplatz in R\u00fcmmelbach<\/span><\/p>\n","protected":false},"excerpt":{"rendered":"<p>Veranstaltungskalender 2016 auf den Weg gebracht Nach der Neuwahl unseres Vorstandes am 22. November vorigen Jahres und der Vorstandssitzung am 20. Januar dieses Jahres setzt sich der Vorstand des Vereines wie folgt zusammen: Vorsitzender und Beauftragter f\u00fcr das Brauchtum: Hans &hellip; <a href=\"https:\/\/unser-niedersaubach.de\/?p=7076\">Weiterlesen <span class=\"meta-nav\">&rarr;<\/span><\/a><\/p>\n","protected":false},"author":2,"featured_media":7080,"comment_status":"open","ping_status":"open","sticky":false,"template":"","format":"gallery","meta":{"ngg_post_thumbnail":0,"footnotes":""},"categories":[278,4],"tags":[446],"class_list":["post-7076","post","type-post","status-publish","format-gallery","has-post-thumbnail","hentry","category-unser-niedersaubach","category-unsere-ziele","tag-vorstand-2016","post_format-post-format-gallery"],"_links":{"self":[{"href":"https:\/\/unser-niedersaubach.de\/index.php?rest_route=\/wp\/v2\/posts\/7076","targetHints":{"allow":["GET"]}}],"collection":[{"href":"https:\/\/unser-niedersaubach.de\/index.php?rest_route=\/wp\/v2\/posts"}],"about":[{"href":"https:\/\/unser-niedersaubach.de\/index.php?rest_route=\/wp\/v2\/types\/post"}],"author":[{"embeddable":true,"href":"https:\/\/unser-niedersaubach.de\/index.php?rest_route=\/wp\/v2\/users\/2"}],"replies":[{"embeddable":true,"href":"https:\/\/unser-niedersaubach.de\/index.php?rest_route=%2Fwp%2Fv2%2Fcomments&post=7076"}],"version-history":[{"count":4,"href":"https:\/\/unser-niedersaubach.de\/index.php?rest_route=\/wp\/v2\/posts\/7076\/revisions"}],"predecessor-version":[{"id":7083,"href":"https:\/\/unser-niedersaubach.de\/index.php?rest_route=\/wp\/v2\/posts\/7076\/revisions\/7083"}],"wp:featuredmedia":[{"embeddable":true,"href":"https:\/\/unser-niedersaubach.de\/index.php?rest_route=\/wp\/v2\/media\/7080"}],"wp:attachment":[{"href":"https:\/\/unser-niedersaubach.de\/index.php?rest_route=%2Fwp%2Fv2%2Fmedia&parent=7076"}],"wp:term":[{"taxonomy":"category","embeddable":true,"href":"https:\/\/unser-niedersaubach.de\/index.php?rest_route=%2Fwp%2Fv2%2Fcategories&post=7076"},{"taxonomy":"post_tag","embeddable":true,"href":"https:\/\/unser-niedersaubach.de\/index.php?rest_route=%2Fwp%2Fv2%2Ftags&post=7076"}],"curies":[{"name":"wp","href":"https:\/\/api.w.org\/{rel}","templated":true}]}}