{"id":7096,"date":"2016-01-31T21:49:58","date_gmt":"2016-01-31T20:49:58","guid":{"rendered":"http:\/\/unser-niedersaubach.de\/?p=7096"},"modified":"2016-01-31T21:51:10","modified_gmt":"2016-01-31T20:51:10","slug":"kidzz-treff-2","status":"publish","type":"post","link":"https:\/\/unser-niedersaubach.de\/?p=7096","title":{"rendered":"Kidzz-Treff"},"content":{"rendered":"<h1>Unser Dorf lebt &#8211; die Kinder sind unsere Zukunft!<\/h1>\n<p style=\"text-align: justify;\"><span style=\"color: #000000;\">Fred Kiefer berichtet in der SZ vom 29.01.2016 \u00fcber den Kidzz-Treff in unserem Dorf. Er hat uns erlaubt, seinen Artikel hier abzudrucken. Selbstverst\u00e4ndlich sind auch die Bilder von Joanna Schmitz und Manfred Mai autorisiert (alle Rechte vorbehalten). Danke daf\u00fcr!<\/span><\/p>\n<div id=\"attachment_7097\" style=\"width: 560px\" class=\"wp-caption aligncenter\"><a href=\"http:\/\/unser-niedersaubach.de\/wp-content\/uploads\/2016\/01\/SZ_Dillingen_29-01-2016_S-C3.jpg\" rel=\"attachment wp-att-7097\"><img loading=\"lazy\" decoding=\"async\" aria-describedby=\"caption-attachment-7097\" class=\"wp-image-7097\" src=\"http:\/\/unser-niedersaubach.de\/wp-content\/uploads\/2016\/01\/SZ_Dillingen_29-01-2016_S-C3-1024x912.jpg\" alt=\"SZ Dillingen vom 29. Januar 2016, Autor: Fred Kiefer; Bilder von Joanna Schmitz und Manfred Mai\" width=\"550\" height=\"490\" srcset=\"https:\/\/unser-niedersaubach.de\/wp-content\/uploads\/2016\/01\/SZ_Dillingen_29-01-2016_S-C3-1024x912.jpg 1024w, https:\/\/unser-niedersaubach.de\/wp-content\/uploads\/2016\/01\/SZ_Dillingen_29-01-2016_S-C3-300x267.jpg 300w, https:\/\/unser-niedersaubach.de\/wp-content\/uploads\/2016\/01\/SZ_Dillingen_29-01-2016_S-C3-768x684.jpg 768w\" sizes=\"auto, (max-width: 550px) 100vw, 550px\" \/><\/a><p id=\"caption-attachment-7097\" class=\"wp-caption-text\">SZ Dillingen vom 29. Januar 2016, Autor: Fred Kiefer; Bilder von Joanna Schmitz und Manfred Mai<\/p><\/div>\n<p>L. Sch.<\/p>\n","protected":false},"excerpt":{"rendered":"<p>Unser Dorf lebt &#8211; die Kinder sind unsere Zukunft! Fred Kiefer berichtet in der SZ vom 29.01.2016 \u00fcber den Kidzz-Treff in unserem Dorf. Er hat uns erlaubt, seinen Artikel hier abzudrucken. Selbstverst\u00e4ndlich sind auch die Bilder von Joanna Schmitz und &hellip; <a href=\"https:\/\/unser-niedersaubach.de\/?p=7096\">Weiterlesen <span class=\"meta-nav\">&rarr;<\/span><\/a><\/p>\n","protected":false},"author":2,"featured_media":7021,"comment_status":"open","ping_status":"open","sticky":false,"template":"","format":"gallery","meta":{"ngg_post_thumbnail":0,"footnotes":""},"categories":[72,363,132],"tags":[444,438,450],"class_list":["post-7096","post","type-post","status-publish","format-gallery","has-post-thumbnail","hentry","category-dorfgemeinschaft","category-jugendarbeit","category-veranstaltungen","tag-fred-kiefer","tag-kidzz-treff","tag-saubach-lebt-saubach-hat-zukunft","post_format-post-format-gallery"],"_links":{"self":[{"href":"https:\/\/unser-niedersaubach.de\/index.php?rest_route=\/wp\/v2\/posts\/7096","targetHints":{"allow":["GET"]}}],"collection":[{"href":"https:\/\/unser-niedersaubach.de\/index.php?rest_route=\/wp\/v2\/posts"}],"about":[{"href":"https:\/\/unser-niedersaubach.de\/index.php?rest_route=\/wp\/v2\/types\/post"}],"author":[{"embeddable":true,"href":"https:\/\/unser-niedersaubach.de\/index.php?rest_route=\/wp\/v2\/users\/2"}],"replies":[{"embeddable":true,"href":"https:\/\/unser-niedersaubach.de\/index.php?rest_route=%2Fwp%2Fv2%2Fcomments&post=7096"}],"version-history":[{"count":2,"href":"https:\/\/unser-niedersaubach.de\/index.php?rest_route=\/wp\/v2\/posts\/7096\/revisions"}],"predecessor-version":[{"id":7099,"href":"https:\/\/unser-niedersaubach.de\/index.php?rest_route=\/wp\/v2\/posts\/7096\/revisions\/7099"}],"wp:featuredmedia":[{"embeddable":true,"href":"https:\/\/unser-niedersaubach.de\/index.php?rest_route=\/wp\/v2\/media\/7021"}],"wp:attachment":[{"href":"https:\/\/unser-niedersaubach.de\/index.php?rest_route=%2Fwp%2Fv2%2Fmedia&parent=7096"}],"wp:term":[{"taxonomy":"category","embeddable":true,"href":"https:\/\/unser-niedersaubach.de\/index.php?rest_route=%2Fwp%2Fv2%2Fcategories&post=7096"},{"taxonomy":"post_tag","embeddable":true,"href":"https:\/\/unser-niedersaubach.de\/index.php?rest_route=%2Fwp%2Fv2%2Ftags&post=7096"}],"curies":[{"name":"wp","href":"https:\/\/api.w.org\/{rel}","templated":true}]}}