{"id":7278,"date":"2016-12-04T18:31:40","date_gmt":"2016-12-04T17:31:40","guid":{"rendered":"http:\/\/unser-niedersaubach.de\/?p=7278"},"modified":"2016-12-04T18:34:06","modified_gmt":"2016-12-04T17:34:06","slug":"das-friedenslicht-aus-betlehem-kommt-nach-niedersaubach","status":"publish","type":"post","link":"https:\/\/unser-niedersaubach.de\/?p=7278","title":{"rendered":"Das Friedenslicht aus Betlehem kommt nach Niedersaubach"},"content":{"rendered":"<p style=\"text-align: justify;\"><span style=\"color: #000000;\">Am Sonntag, 11. Dezember (3. Advent), um 19:00 Uhr wird in einem \u00f6kumenischen Gottesdienst das Licht an alle Menschen ausgeteilt, die ein Zeichen des Friedens setzen m\u00f6chten.<\/span><\/p>\n<p style=\"text-align: justify;\"><a href=\"http:\/\/unser-niedersaubach.de\/wp-content\/uploads\/2016\/12\/Friedenslicht.jpg\"><img loading=\"lazy\" decoding=\"async\" class=\"aligncenter wp-image-7279 size-full\" src=\"http:\/\/unser-niedersaubach.de\/wp-content\/uploads\/2016\/12\/Friedenslicht.jpg\" alt=\"friedenslicht\" width=\"200\" height=\"201\" srcset=\"https:\/\/unser-niedersaubach.de\/wp-content\/uploads\/2016\/12\/Friedenslicht.jpg 200w, https:\/\/unser-niedersaubach.de\/wp-content\/uploads\/2016\/12\/Friedenslicht-150x150.jpg 150w, https:\/\/unser-niedersaubach.de\/wp-content\/uploads\/2016\/12\/Friedenslicht-144x144.jpg 144w\" sizes=\"auto, (max-width: 200px) 100vw, 200px\" \/><\/a><span style=\"color: #000000;\">Die Flamme wurde in der Geburtsgrotte Jesu Christi in Betlehem entz\u00fcndet und von Vertretern der anerkannten Pfadfinderinnen- und Pfadfinderverb\u00e4nde in Wien abgeholt. Per Zug wird das Licht am Sonntag, 11. Dezember, in \u00fcber 30 zentrale Bahnh\u00f6fe in Deutschland getragen: von M\u00fcnchen bis Kiel und von Aachen bis G\u00f6rlitz \u2013 sowie in andere L\u00e4nder Europas und sogar bis nach Amerika. Bereits seit 1994 beteiligen sich deutsche Pfadfinder an der Aktion, die auf eine Initiative des ORF Linz zur\u00fcckgeht, der bis heute das Licht in Betlehem abholt. Als Symbol f\u00fcr Frieden, W\u00e4rme, Solidarit\u00e4t und Mitgef\u00fchl soll das Licht an alle \u201eMenschen guten Willens\u201c weitergegeben werden. Wer das Licht empf\u00e4ngt, kann damit selbst die Kerzen von Freunden und Bekannten entz\u00fcnden, damit an vielen Orten ein Schimmer des Friedens erfahrbar wird, auf den die Menschen in der Weihnachtszeit besonders hoffen.<\/span><\/p>\n<p style=\"text-align: justify;\"><span style=\"color: #000000;\">Elmar Sch\u00fctzek<\/span><\/p>\n","protected":false},"excerpt":{"rendered":"<p>Am Sonntag, 11. Dezember (3. Advent), um 19:00 Uhr wird in einem \u00f6kumenischen Gottesdienst das Licht an alle Menschen ausgeteilt, die ein Zeichen des Friedens setzen m\u00f6chten. Die Flamme wurde in der Geburtsgrotte Jesu Christi in Betlehem entz\u00fcndet und von &hellip; <a href=\"https:\/\/unser-niedersaubach.de\/?p=7278\">Weiterlesen <span class=\"meta-nav\">&rarr;<\/span><\/a><\/p>\n","protected":false},"author":2,"featured_media":7283,"comment_status":"open","ping_status":"open","sticky":false,"template":"","format":"gallery","meta":{"ngg_post_thumbnail":0,"footnotes":""},"categories":[13,132],"tags":[488,487,490,489,35],"class_list":["post-7278","post","type-post","status-publish","format-gallery","has-post-thumbnail","hentry","category-antoniuskapelle","category-veranstaltungen","tag-bethlehem","tag-friedenslicht","tag-oekumenischer-gottesdienst","tag-pfadfinder","tag-weihnachten","post_format-post-format-gallery"],"_links":{"self":[{"href":"https:\/\/unser-niedersaubach.de\/index.php?rest_route=\/wp\/v2\/posts\/7278","targetHints":{"allow":["GET"]}}],"collection":[{"href":"https:\/\/unser-niedersaubach.de\/index.php?rest_route=\/wp\/v2\/posts"}],"about":[{"href":"https:\/\/unser-niedersaubach.de\/index.php?rest_route=\/wp\/v2\/types\/post"}],"author":[{"embeddable":true,"href":"https:\/\/unser-niedersaubach.de\/index.php?rest_route=\/wp\/v2\/users\/2"}],"replies":[{"embeddable":true,"href":"https:\/\/unser-niedersaubach.de\/index.php?rest_route=%2Fwp%2Fv2%2Fcomments&post=7278"}],"version-history":[{"count":2,"href":"https:\/\/unser-niedersaubach.de\/index.php?rest_route=\/wp\/v2\/posts\/7278\/revisions"}],"predecessor-version":[{"id":7282,"href":"https:\/\/unser-niedersaubach.de\/index.php?rest_route=\/wp\/v2\/posts\/7278\/revisions\/7282"}],"wp:featuredmedia":[{"embeddable":true,"href":"https:\/\/unser-niedersaubach.de\/index.php?rest_route=\/wp\/v2\/media\/7283"}],"wp:attachment":[{"href":"https:\/\/unser-niedersaubach.de\/index.php?rest_route=%2Fwp%2Fv2%2Fmedia&parent=7278"}],"wp:term":[{"taxonomy":"category","embeddable":true,"href":"https:\/\/unser-niedersaubach.de\/index.php?rest_route=%2Fwp%2Fv2%2Fcategories&post=7278"},{"taxonomy":"post_tag","embeddable":true,"href":"https:\/\/unser-niedersaubach.de\/index.php?rest_route=%2Fwp%2Fv2%2Ftags&post=7278"}],"curies":[{"name":"wp","href":"https:\/\/api.w.org\/{rel}","templated":true}]}}