{"id":7296,"date":"2016-12-17T03:30:06","date_gmt":"2016-12-17T02:30:06","guid":{"rendered":"http:\/\/unser-niedersaubach.de\/?p=7296"},"modified":"2016-12-22T12:17:25","modified_gmt":"2016-12-22T11:17:25","slug":"weihnachtsgruss-und-veranstaltungskalender-2017","status":"publish","type":"post","link":"https:\/\/unser-niedersaubach.de\/?p=7296","title":{"rendered":"Weihnachtsgru\u00df und Veranstaltungskalender 2017"},"content":{"rendered":"<p style=\"text-align: justify;\">Liebe Mitb\u00fcrgerinnen, liebe Mitb\u00fcrger,<\/p>\n<p style=\"text-align: justify;\">das Jahr 2016 n\u00e4hert sich dem Ende.<\/p>\n<p style=\"text-align: justify;\">Zeit, all den Menschen <strong>Danke <\/strong>zu sagen, die sich in diesem Jahr wieder einmal f\u00fcr die Gemeinschaft eingesetzt haben. Sei es bei den Festen, in ihren Vereinen oder Institutionen oder gar in der Nachbarschaftshilfe. Eine Dorfgemeinschaft lebt von diesem Miteinander.<\/p>\n<p style=\"text-align: justify;\">Leider ging der Wunsch vieler B\u00fcrger, endlich Beruhigung in unsere Antonius- und Hermannstra\u00dfe zu bringen, nicht in Erf\u00fcllung. Doch werden wir dies nochmals vorbringen in der Hoffnung, dass die Vernunft siegt.<\/p>\n<p style=\"text-align: justify;\">In diesem Sinne w\u00fcnsche ich Ihnen ein besinnliches Weihnachtsfest und ein friedliches und gesundes neues Jahr.<\/p>\n<p style=\"text-align: justify;\">Hans Schmitz, Ortsvorsteher<\/p>\n<p style=\"text-align: justify;\">P.S.:<\/p>\n<p style=\"text-align: justify;\">Das Jahr 2016 verabschiedet sich ganz langsam.<\/p>\n<p style=\"text-align: justify;\">In Niedersaubach und R\u00fcmmelbach strahlen unsere Weihnachtsb\u00e4ume und schenken uns ihr Licht. Lassen sie sich und uns einstimmen auf das Weihnachtsfest und einen guten Abschluss f\u00fcr dieses Jahr.<\/p>\n<div id=\"attachment_7297\" style=\"width: 594px\" class=\"wp-caption aligncenter\"><a href=\"http:\/\/unser-niedersaubach.de\/wp-content\/uploads\/2016\/12\/Weihnachtsbaum_Antoniuskapelle.jpg\"><img loading=\"lazy\" decoding=\"async\" aria-describedby=\"caption-attachment-7297\" class=\"size-large wp-image-7297\" src=\"http:\/\/unser-niedersaubach.de\/wp-content\/uploads\/2016\/12\/Weihnachtsbaum_Antoniuskapelle-1024x683.jpg\" alt=\"\" width=\"584\" height=\"390\" srcset=\"https:\/\/unser-niedersaubach.de\/wp-content\/uploads\/2016\/12\/Weihnachtsbaum_Antoniuskapelle-1024x683.jpg 1024w, https:\/\/unser-niedersaubach.de\/wp-content\/uploads\/2016\/12\/Weihnachtsbaum_Antoniuskapelle-300x200.jpg 300w, https:\/\/unser-niedersaubach.de\/wp-content\/uploads\/2016\/12\/Weihnachtsbaum_Antoniuskapelle-768x512.jpg 768w, https:\/\/unser-niedersaubach.de\/wp-content\/uploads\/2016\/12\/Weihnachtsbaum_Antoniuskapelle-450x300.jpg 450w\" sizes=\"auto, (max-width: 584px) 100vw, 584px\" \/><\/a><p id=\"caption-attachment-7297\" class=\"wp-caption-text\">Weihnachtsbaum an der Antoniuskapelle, Fotos: H. Schmitz<\/p><\/div>\n<div id=\"attachment_7298\" style=\"width: 594px\" class=\"wp-caption aligncenter\"><a href=\"http:\/\/unser-niedersaubach.de\/wp-content\/uploads\/2016\/12\/Weihnachtsbaum_Burren.jpg\"><img loading=\"lazy\" decoding=\"async\" aria-describedby=\"caption-attachment-7298\" class=\"size-large wp-image-7298\" src=\"http:\/\/unser-niedersaubach.de\/wp-content\/uploads\/2016\/12\/Weihnachtsbaum_Burren-1024x683.jpg\" alt=\"\" width=\"584\" height=\"390\" srcset=\"https:\/\/unser-niedersaubach.de\/wp-content\/uploads\/2016\/12\/Weihnachtsbaum_Burren-1024x683.jpg 1024w, https:\/\/unser-niedersaubach.de\/wp-content\/uploads\/2016\/12\/Weihnachtsbaum_Burren-300x200.jpg 300w, https:\/\/unser-niedersaubach.de\/wp-content\/uploads\/2016\/12\/Weihnachtsbaum_Burren-768x512.jpg 768w, https:\/\/unser-niedersaubach.de\/wp-content\/uploads\/2016\/12\/Weihnachtsbaum_Burren-450x300.jpg 450w\" sizes=\"auto, (max-width: 584px) 100vw, 584px\" \/><\/a><p id=\"caption-attachment-7298\" class=\"wp-caption-text\">Weihnachtsbaum am Burren<\/p><\/div>\n<div id=\"attachment_7299\" style=\"width: 594px\" class=\"wp-caption aligncenter\"><a href=\"http:\/\/unser-niedersaubach.de\/wp-content\/uploads\/2016\/12\/Weihnachtsbaum_Ruemmelbacher-Brunnen.jpg\"><img loading=\"lazy\" decoding=\"async\" aria-describedby=\"caption-attachment-7299\" class=\"size-large wp-image-7299\" src=\"http:\/\/unser-niedersaubach.de\/wp-content\/uploads\/2016\/12\/Weihnachtsbaum_Ruemmelbacher-Brunnen-1024x683.jpg\" alt=\"\" width=\"584\" height=\"390\" srcset=\"https:\/\/unser-niedersaubach.de\/wp-content\/uploads\/2016\/12\/Weihnachtsbaum_Ruemmelbacher-Brunnen-1024x683.jpg 1024w, https:\/\/unser-niedersaubach.de\/wp-content\/uploads\/2016\/12\/Weihnachtsbaum_Ruemmelbacher-Brunnen-300x200.jpg 300w, https:\/\/unser-niedersaubach.de\/wp-content\/uploads\/2016\/12\/Weihnachtsbaum_Ruemmelbacher-Brunnen-768x512.jpg 768w, https:\/\/unser-niedersaubach.de\/wp-content\/uploads\/2016\/12\/Weihnachtsbaum_Ruemmelbacher-Brunnen-450x300.jpg 450w\" sizes=\"auto, (max-width: 584px) 100vw, 584px\" \/><\/a><p id=\"caption-attachment-7299\" class=\"wp-caption-text\">Weihnachtsbaum am R\u00fcmmelbacher Dorfbrunnen<\/p><\/div>\n<p style=\"text-align: justify;\">\u00a0\u201eUnser Niedersaubach\u201c w\u00fcnscht sch\u00f6ne Weihnachtstage und ein friedliches gesundes neues Jahr!<\/p>\n<p style=\"text-align: justify;\">Hier ist schon mal der Plan f\u00fcr die Veranstaltungen in 2017!<\/p>\n<p style=\"text-align: justify;\"><a href=\"http:\/\/unser-niedersaubach.de\/wp-content\/uploads\/2016\/12\/Veranstaltungskalender_Page_2.jpeg\" target=\"_blank\"><img loading=\"lazy\" decoding=\"async\" class=\"aligncenter wp-image-7310 size-large\" src=\"http:\/\/unser-niedersaubach.de\/wp-content\/uploads\/2016\/12\/Veranstaltungskalender_Page_1-1024x724.jpeg\" width=\"584\" height=\"413\" srcset=\"https:\/\/unser-niedersaubach.de\/wp-content\/uploads\/2016\/12\/Veranstaltungskalender_Page_1-1024x724.jpeg 1024w, https:\/\/unser-niedersaubach.de\/wp-content\/uploads\/2016\/12\/Veranstaltungskalender_Page_1-300x212.jpeg 300w, https:\/\/unser-niedersaubach.de\/wp-content\/uploads\/2016\/12\/Veranstaltungskalender_Page_1-768x543.jpeg 768w, https:\/\/unser-niedersaubach.de\/wp-content\/uploads\/2016\/12\/Veranstaltungskalender_Page_1-424x300.jpeg 424w\" sizes=\"auto, (max-width: 584px) 100vw, 584px\" \/><img loading=\"lazy\" decoding=\"async\" class=\"aligncenter wp-image-7301 size-large\" src=\"http:\/\/unser-niedersaubach.de\/wp-content\/uploads\/2016\/12\/Veranstaltungskalender_Page_2-1024x724.jpeg\" width=\"584\" height=\"413\" srcset=\"https:\/\/unser-niedersaubach.de\/wp-content\/uploads\/2016\/12\/Veranstaltungskalender_Page_2-1024x724.jpeg 1024w, https:\/\/unser-niedersaubach.de\/wp-content\/uploads\/2016\/12\/Veranstaltungskalender_Page_2-300x212.jpeg 300w, https:\/\/unser-niedersaubach.de\/wp-content\/uploads\/2016\/12\/Veranstaltungskalender_Page_2-768x543.jpeg 768w, https:\/\/unser-niedersaubach.de\/wp-content\/uploads\/2016\/12\/Veranstaltungskalender_Page_2-424x300.jpeg 424w\" sizes=\"auto, (max-width: 584px) 100vw, 584px\" \/><\/a><\/p>\n","protected":false},"excerpt":{"rendered":"<p>Liebe Mitb\u00fcrgerinnen, liebe Mitb\u00fcrger, das Jahr 2016 n\u00e4hert sich dem Ende. Zeit, all den Menschen Danke zu sagen, die sich in diesem Jahr wieder einmal f\u00fcr die Gemeinschaft eingesetzt haben. Sei es bei den Festen, in ihren Vereinen oder Institutionen &hellip; <a href=\"https:\/\/unser-niedersaubach.de\/?p=7296\">Weiterlesen <span class=\"meta-nav\">&rarr;<\/span><\/a><\/p>\n","protected":false},"author":2,"featured_media":7298,"comment_status":"open","ping_status":"open","sticky":false,"template":"","format":"gallery","meta":{"ngg_post_thumbnail":0,"footnotes":""},"categories":[72,129,278],"tags":[491,313],"class_list":["post-7296","post","type-post","status-publish","format-gallery","has-post-thumbnail","hentry","category-dorfgemeinschaft","category-kulturprogramm","category-unser-niedersaubach","tag-veranstaltungskalender-2017","tag-weihnachtsgruss","post_format-post-format-gallery"],"_links":{"self":[{"href":"https:\/\/unser-niedersaubach.de\/index.php?rest_route=\/wp\/v2\/posts\/7296","targetHints":{"allow":["GET"]}}],"collection":[{"href":"https:\/\/unser-niedersaubach.de\/index.php?rest_route=\/wp\/v2\/posts"}],"about":[{"href":"https:\/\/unser-niedersaubach.de\/index.php?rest_route=\/wp\/v2\/types\/post"}],"author":[{"embeddable":true,"href":"https:\/\/unser-niedersaubach.de\/index.php?rest_route=\/wp\/v2\/users\/2"}],"replies":[{"embeddable":true,"href":"https:\/\/unser-niedersaubach.de\/index.php?rest_route=%2Fwp%2Fv2%2Fcomments&post=7296"}],"version-history":[{"count":3,"href":"https:\/\/unser-niedersaubach.de\/index.php?rest_route=\/wp\/v2\/posts\/7296\/revisions"}],"predecessor-version":[{"id":7311,"href":"https:\/\/unser-niedersaubach.de\/index.php?rest_route=\/wp\/v2\/posts\/7296\/revisions\/7311"}],"wp:featuredmedia":[{"embeddable":true,"href":"https:\/\/unser-niedersaubach.de\/index.php?rest_route=\/wp\/v2\/media\/7298"}],"wp:attachment":[{"href":"https:\/\/unser-niedersaubach.de\/index.php?rest_route=%2Fwp%2Fv2%2Fmedia&parent=7296"}],"wp:term":[{"taxonomy":"category","embeddable":true,"href":"https:\/\/unser-niedersaubach.de\/index.php?rest_route=%2Fwp%2Fv2%2Fcategories&post=7296"},{"taxonomy":"post_tag","embeddable":true,"href":"https:\/\/unser-niedersaubach.de\/index.php?rest_route=%2Fwp%2Fv2%2Ftags&post=7296"}],"curies":[{"name":"wp","href":"https:\/\/api.w.org\/{rel}","templated":true}]}}