{"id":7315,"date":"2016-12-22T12:29:30","date_gmt":"2016-12-22T11:29:30","guid":{"rendered":"http:\/\/unser-niedersaubach.de\/?p=7315"},"modified":"2016-12-22T12:30:42","modified_gmt":"2016-12-22T11:30:42","slug":"weihnachtsgruss","status":"publish","type":"post","link":"https:\/\/unser-niedersaubach.de\/?p=7315","title":{"rendered":"Weihnachtsgru\u00df"},"content":{"rendered":"<h1>Mit zwei sch\u00f6nen Bildern von Manfred Mai w\u00fcnschen wir nochmals<\/h1>\n<h1>frohe Weihnachten und alles Gute im neuen Jahr!<\/h1>\n<p style=\"text-align: justify;\"><span style=\"color: #000000;\">Wie man im <a href=\"http:\/\/unser-niedersaubach.de\/?page_id=7312\">Veranstaltungskalender 2017<\/a> sieht, ist auch im n\u00e4chsten Jahr wieder allerhand in unserem Dorf los. Wir freuen uns darauf. Es tut der Dorfgemeinschaft gut.<\/span><\/p>\n<p style=\"text-align: justify;\">Unser Niedersaubach<\/p>\n<div id=\"attachment_7316\" style=\"width: 594px\" class=\"wp-caption aligncenter\"><a href=\"http:\/\/unser-niedersaubach.de\/wp-content\/uploads\/2016\/12\/Ruemmelbacher-Weihnachtsbaum.jpg\" target=\"_blank\"><img loading=\"lazy\" decoding=\"async\" aria-describedby=\"caption-attachment-7316\" class=\"wp-image-7316 size-large\" src=\"http:\/\/unser-niedersaubach.de\/wp-content\/uploads\/2016\/12\/Ruemmelbacher-Weihnachtsbaum-1024x644.jpg\" width=\"584\" height=\"367\" srcset=\"https:\/\/unser-niedersaubach.de\/wp-content\/uploads\/2016\/12\/Ruemmelbacher-Weihnachtsbaum.jpg 1024w, https:\/\/unser-niedersaubach.de\/wp-content\/uploads\/2016\/12\/Ruemmelbacher-Weihnachtsbaum-300x189.jpg 300w, https:\/\/unser-niedersaubach.de\/wp-content\/uploads\/2016\/12\/Ruemmelbacher-Weihnachtsbaum-768x483.jpg 768w, https:\/\/unser-niedersaubach.de\/wp-content\/uploads\/2016\/12\/Ruemmelbacher-Weihnachtsbaum-477x300.jpg 477w\" sizes=\"auto, (max-width: 584px) 100vw, 584px\" \/><\/a><p id=\"caption-attachment-7316\" class=\"wp-caption-text\">R\u00fcmmelbacher Weihnachtsbaum am Dorfbrunnen 2016, Fotos: Manfred Mai<\/p><\/div>\n<div id=\"attachment_7317\" style=\"width: 594px\" class=\"wp-caption aligncenter\"><a href=\"http:\/\/unser-niedersaubach.de\/wp-content\/uploads\/2016\/12\/Sonnenuntergang_Hahn.jpg\" target=\"_blank\"><img loading=\"lazy\" decoding=\"async\" aria-describedby=\"caption-attachment-7317\" class=\"wp-image-7317 size-large\" src=\"http:\/\/unser-niedersaubach.de\/wp-content\/uploads\/2016\/12\/Sonnenuntergang_Hahn-1024x664.jpg\" width=\"584\" height=\"379\" srcset=\"https:\/\/unser-niedersaubach.de\/wp-content\/uploads\/2016\/12\/Sonnenuntergang_Hahn.jpg 1024w, https:\/\/unser-niedersaubach.de\/wp-content\/uploads\/2016\/12\/Sonnenuntergang_Hahn-300x195.jpg 300w, https:\/\/unser-niedersaubach.de\/wp-content\/uploads\/2016\/12\/Sonnenuntergang_Hahn-768x498.jpg 768w, https:\/\/unser-niedersaubach.de\/wp-content\/uploads\/2016\/12\/Sonnenuntergang_Hahn-463x300.jpg 463w\" sizes=\"auto, (max-width: 584px) 100vw, 584px\" \/><\/a><p id=\"caption-attachment-7317\" class=\"wp-caption-text\">Sonnenuntergang am Hahn 2016<\/p><\/div>\n","protected":false},"excerpt":{"rendered":"<p>Mit zwei sch\u00f6nen Bildern von Manfred Mai w\u00fcnschen wir nochmals frohe Weihnachten und alles Gute im neuen Jahr! Wie man im Veranstaltungskalender 2017 sieht, ist auch im n\u00e4chsten Jahr wieder allerhand in unserem Dorf los. Wir freuen uns darauf. Es &hellip; <a href=\"https:\/\/unser-niedersaubach.de\/?p=7315\">Weiterlesen <span class=\"meta-nav\">&rarr;<\/span><\/a><\/p>\n","protected":false},"author":2,"featured_media":7317,"comment_status":"open","ping_status":"open","sticky":false,"template":"","format":"gallery","meta":{"ngg_post_thumbnail":0,"footnotes":""},"categories":[278,132],"tags":[],"class_list":["post-7315","post","type-post","status-publish","format-gallery","has-post-thumbnail","hentry","category-unser-niedersaubach","category-veranstaltungen","post_format-post-format-gallery"],"_links":{"self":[{"href":"https:\/\/unser-niedersaubach.de\/index.php?rest_route=\/wp\/v2\/posts\/7315","targetHints":{"allow":["GET"]}}],"collection":[{"href":"https:\/\/unser-niedersaubach.de\/index.php?rest_route=\/wp\/v2\/posts"}],"about":[{"href":"https:\/\/unser-niedersaubach.de\/index.php?rest_route=\/wp\/v2\/types\/post"}],"author":[{"embeddable":true,"href":"https:\/\/unser-niedersaubach.de\/index.php?rest_route=\/wp\/v2\/users\/2"}],"replies":[{"embeddable":true,"href":"https:\/\/unser-niedersaubach.de\/index.php?rest_route=%2Fwp%2Fv2%2Fcomments&post=7315"}],"version-history":[{"count":3,"href":"https:\/\/unser-niedersaubach.de\/index.php?rest_route=\/wp\/v2\/posts\/7315\/revisions"}],"predecessor-version":[{"id":7319,"href":"https:\/\/unser-niedersaubach.de\/index.php?rest_route=\/wp\/v2\/posts\/7315\/revisions\/7319"}],"wp:featuredmedia":[{"embeddable":true,"href":"https:\/\/unser-niedersaubach.de\/index.php?rest_route=\/wp\/v2\/media\/7317"}],"wp:attachment":[{"href":"https:\/\/unser-niedersaubach.de\/index.php?rest_route=%2Fwp%2Fv2%2Fmedia&parent=7315"}],"wp:term":[{"taxonomy":"category","embeddable":true,"href":"https:\/\/unser-niedersaubach.de\/index.php?rest_route=%2Fwp%2Fv2%2Fcategories&post=7315"},{"taxonomy":"post_tag","embeddable":true,"href":"https:\/\/unser-niedersaubach.de\/index.php?rest_route=%2Fwp%2Fv2%2Ftags&post=7315"}],"curies":[{"name":"wp","href":"https:\/\/api.w.org\/{rel}","templated":true}]}}