{"id":7376,"date":"2017-04-26T14:24:26","date_gmt":"2017-04-26T13:24:26","guid":{"rendered":"http:\/\/unser-niedersaubach.de\/?p=7376"},"modified":"2017-04-26T14:31:38","modified_gmt":"2017-04-26T13:31:38","slug":"lebsen-os-schaut-zurueck","status":"publish","type":"post","link":"https:\/\/unser-niedersaubach.de\/?p=7376","title":{"rendered":"Lebsen Os schaut zur\u00fcck"},"content":{"rendered":"<h1>80 Jahre Feuerwehr Niedersaubach 1906 &#8211; 1986<\/h1>\n<p>Der k\u00fcrzlich im Alter von 88 Jahren verstorbene Oskar Sch\u00e4fer hielt 1986 anl\u00e4sslich des 80. Geburtstags der Niedersaubacher Feuerwehr als stellv. L\u00f6schbezirksf\u00fchrer die Festrede.<\/p>\n<p>Diese Festrede hat er dem amtierenden L\u00f6schbezirksf\u00fchrer Florian Wagner \u00fcberlassen. Hier soll sie nun im Andenken an Lebsen Os und zur Bewahrung der Geschichte der Niedersaubacher Feuerwehr hinterlegt werden: <a href=\"http:\/\/unser-niedersaubach.de\/wp-content\/uploads\/2017\/04\/1986_Feuerwehr_80-Jahre.pdf\" target=\"_blank\" rel=\"noopener noreferrer\">1986_Feuerwehr_80-Jahre.<\/a><\/p>\n<p><a href=\"http:\/\/unser-niedersaubach.de\/?p=4193\">Schon im Februar 2012 hatte er uns entsprechende Bilder und einschl\u00e4gige <\/a><a href=\"http:\/\/unser-niedersaubach.de\/?p=4193\">Zeitungsartikel \u00fcberlassen.<\/a><\/p>\n<div id=\"attachment_739\" style=\"width: 590px\" class=\"wp-caption aligncenter\"><a href=\"http:\/\/unser-niedersaubach.de\/wp-content\/uploads\/2009\/08\/peter-warken.jpg\"><img loading=\"lazy\" decoding=\"async\" aria-describedby=\"caption-attachment-739\" class=\"size-full wp-image-739\" src=\"http:\/\/unser-niedersaubach.de\/wp-content\/uploads\/2009\/08\/peter-warken.jpg\" alt=\"\" width=\"580\" height=\"692\" srcset=\"https:\/\/unser-niedersaubach.de\/wp-content\/uploads\/2009\/08\/peter-warken.jpg 580w, https:\/\/unser-niedersaubach.de\/wp-content\/uploads\/2009\/08\/peter-warken-251x300.jpg 251w\" sizes=\"auto, (max-width: 580px) 100vw, 580px\" \/><\/a><p id=\"caption-attachment-739\" class=\"wp-caption-text\">Peter Warken, Begr\u00fcnder der Feuerwehr Niedersaubach, Foto: Maria Eckert (Kreuzwies)<\/p><\/div>\n<p><em>L. Sch.<\/em><\/p>\n<p><em>Anm.: Peter Warken (\u00fcbrigens der Bruder meines Gro\u00dfvaters Ludwig Warken) war der Bruder des Kopfes des Niedersaubacher Kapellenbauvereins Mathias Warken, der den Bau unserer Kapelle gegen gro\u00dfe Widerst\u00e4nde durchsetzte. Die Kreuzwieser waren im Dorfleben sehr engagiert.<br \/>\n<\/em><\/p>\n","protected":false},"excerpt":{"rendered":"<p>80 Jahre Feuerwehr Niedersaubach 1906 &#8211; 1986 Der k\u00fcrzlich im Alter von 88 Jahren verstorbene Oskar Sch\u00e4fer hielt 1986 anl\u00e4sslich des 80. Geburtstags der Niedersaubacher Feuerwehr als stellv. L\u00f6schbezirksf\u00fchrer die Festrede. Diese Festrede hat er dem amtierenden L\u00f6schbezirksf\u00fchrer Florian Wagner &hellip; <a href=\"https:\/\/unser-niedersaubach.de\/?p=7376\">Weiterlesen <span class=\"meta-nav\">&rarr;<\/span><\/a><\/p>\n","protected":false},"author":2,"featured_media":0,"comment_status":"open","ping_status":"open","sticky":false,"template":"","format":"gallery","meta":{"ngg_post_thumbnail":0,"footnotes":""},"categories":[72,188,48],"tags":[507,510,508,509],"class_list":["post-7376","post","type-post","status-publish","format-gallery","hentry","category-dorfgemeinschaft","category-feuerwehr","category-jubilaum","tag-80-jahre-feuerwehr-niedersaubach","tag-florian-wagner","tag-oskar-schaefer","tag-peter-warken","post_format-post-format-gallery"],"_links":{"self":[{"href":"https:\/\/unser-niedersaubach.de\/index.php?rest_route=\/wp\/v2\/posts\/7376","targetHints":{"allow":["GET"]}}],"collection":[{"href":"https:\/\/unser-niedersaubach.de\/index.php?rest_route=\/wp\/v2\/posts"}],"about":[{"href":"https:\/\/unser-niedersaubach.de\/index.php?rest_route=\/wp\/v2\/types\/post"}],"author":[{"embeddable":true,"href":"https:\/\/unser-niedersaubach.de\/index.php?rest_route=\/wp\/v2\/users\/2"}],"replies":[{"embeddable":true,"href":"https:\/\/unser-niedersaubach.de\/index.php?rest_route=%2Fwp%2Fv2%2Fcomments&post=7376"}],"version-history":[{"count":4,"href":"https:\/\/unser-niedersaubach.de\/index.php?rest_route=\/wp\/v2\/posts\/7376\/revisions"}],"predecessor-version":[{"id":7379,"href":"https:\/\/unser-niedersaubach.de\/index.php?rest_route=\/wp\/v2\/posts\/7376\/revisions\/7379"}],"wp:attachment":[{"href":"https:\/\/unser-niedersaubach.de\/index.php?rest_route=%2Fwp%2Fv2%2Fmedia&parent=7376"}],"wp:term":[{"taxonomy":"category","embeddable":true,"href":"https:\/\/unser-niedersaubach.de\/index.php?rest_route=%2Fwp%2Fv2%2Fcategories&post=7376"},{"taxonomy":"post_tag","embeddable":true,"href":"https:\/\/unser-niedersaubach.de\/index.php?rest_route=%2Fwp%2Fv2%2Ftags&post=7376"}],"curies":[{"name":"wp","href":"https:\/\/api.w.org\/{rel}","templated":true}]}}