{"id":7414,"date":"2017-06-09T16:26:20","date_gmt":"2017-06-09T15:26:20","guid":{"rendered":"http:\/\/unser-niedersaubach.de\/?p=7414"},"modified":"2017-07-04T11:36:37","modified_gmt":"2017-07-04T10:36:37","slug":"sound-of-silence","status":"publish","type":"post","link":"https:\/\/unser-niedersaubach.de\/?p=7414","title":{"rendered":"Sound of Silence &#8211; 9. Juli 2017, 17 Uhr, Antoniuskapelle"},"content":{"rendered":"<p><a href=\"http:\/\/unser-niedersaubach.de\/wp-content\/uploads\/2017\/06\/sound_of_silence_flyerA5-1_Page_1.jpeg\" target=\"_blank\" rel=\"noopener noreferrer\"><img loading=\"lazy\" decoding=\"async\" class=\"aligncenter wp-image-7416 size-large\" src=\"http:\/\/unser-niedersaubach.de\/wp-content\/uploads\/2017\/06\/sound_of_silence_flyerA5-1_Page_1-722x1024.jpeg\" alt=\"\" width=\"584\" height=\"828\" srcset=\"https:\/\/unser-niedersaubach.de\/wp-content\/uploads\/2017\/06\/sound_of_silence_flyerA5-1_Page_1-722x1024.jpeg 722w, https:\/\/unser-niedersaubach.de\/wp-content\/uploads\/2017\/06\/sound_of_silence_flyerA5-1_Page_1-211x300.jpeg 211w, https:\/\/unser-niedersaubach.de\/wp-content\/uploads\/2017\/06\/sound_of_silence_flyerA5-1_Page_1-768x1090.jpeg 768w, https:\/\/unser-niedersaubach.de\/wp-content\/uploads\/2017\/06\/sound_of_silence_flyerA5-1_Page_1.jpeg 1165w\" sizes=\"auto, (max-width: 584px) 100vw, 584px\" \/><\/a><a href=\"http:\/\/unser-niedersaubach.de\/wp-content\/uploads\/2017\/06\/sound_of_silence_flyerA5-1_Page_2.jpeg\" target=\"_blank\" rel=\"noopener noreferrer\"><img loading=\"lazy\" decoding=\"async\" class=\"aligncenter wp-image-7417 size-large\" src=\"http:\/\/unser-niedersaubach.de\/wp-content\/uploads\/2017\/06\/sound_of_silence_flyerA5-1_Page_2-722x1024.jpeg\" alt=\"\" width=\"584\" height=\"828\" srcset=\"https:\/\/unser-niedersaubach.de\/wp-content\/uploads\/2017\/06\/sound_of_silence_flyerA5-1_Page_2-722x1024.jpeg 722w, https:\/\/unser-niedersaubach.de\/wp-content\/uploads\/2017\/06\/sound_of_silence_flyerA5-1_Page_2-211x300.jpeg 211w, https:\/\/unser-niedersaubach.de\/wp-content\/uploads\/2017\/06\/sound_of_silence_flyerA5-1_Page_2-768x1090.jpeg 768w, https:\/\/unser-niedersaubach.de\/wp-content\/uploads\/2017\/06\/sound_of_silence_flyerA5-1_Page_2.jpeg 1165w\" sizes=\"auto, (max-width: 584px) 100vw, 584px\" \/><\/a><a href=\"http:\/\/unser-niedersaubach.de\/wp-content\/uploads\/2017\/06\/sound_of_silence_flyerA5-1.pdf\" target=\"_blank\" rel=\"noopener noreferrer\">sound_of_silence_flyerA5-1 \u00a9 Prof. Ivica Maksimovic<\/a><\/p>\n<p style=\"margin: 0cm; margin-bottom: .0001pt; text-align: center;\" align=\"center\"><strong><span style=\"font-family: 'Arial','sans-serif'; color: black;\">Musikalische Reise durch Europa<\/span><\/strong><\/p>\n<p style=\"margin: 0cm; margin-bottom: .0001pt; text-align: justify;\"><span style=\"font-size: 10.0pt; font-family: 'Arial','sans-serif'; color: black;\">\u00a0<\/span><\/p>\n<p style=\"margin: 0cm; margin-bottom: .0001pt; text-align: justify;\"><span style=\"font-size: 10.0pt; font-family: 'Arial','sans-serif'; color: black;\">Der Heimatverein \u201eUnser Niedersaubach\u201c setzt seine musikalische Reise durch Europa fort. Mit Unterst\u00fctzung\u00a0des Kulturamtes der Stadt <span class=\"cmpparsedlocation1\">Lebach<\/span> haben wir\u00a0in diesem Jahr Musiker aus der Westukraine zu Gast.<\/span><\/p>\n<p style=\"margin: 0cm; margin-bottom: .0001pt; text-align: justify;\"><span style=\"font-size: 10.0pt; font-family: 'Arial','sans-serif'; color: black;\">\u00a0<\/span><\/p>\n<p style=\"margin: 0cm; margin-bottom: .0001pt; text-align: justify;\"><span style=\"font-size: 10.0pt; font-family: 'Arial','sans-serif'; color: black;\">Wir erinnern uns an den Wiener Kaffeenachmittag im Jahre 2015 mit dem Geiger Wolfgang Wehner, der mit dem \u201eUngarischen Tanz\u201c, \u201eMonti Czardaz\u201c, \u201eLippen schweigen\u201c oder \u201eSous le ciel de Paris\u201c die Caf\u00e9hausluft zum Schwingen brachte. Die Veranstalter leisteten mit viel Phantasie und k\u00fcnstlerischem Geschick ihren Beitrag zum Caf\u00e9haus-Ambiente.<\/span><\/p>\n<p style=\"margin: 0cm; margin-bottom: .0001pt; text-align: justify;\"><span style=\"font-size: 10.0pt; font-family: 'Arial','sans-serif'; color: black;\">\u00a0<\/span><\/p>\n<p style=\"margin: 0cm; margin-bottom: .0001pt; text-align: justify;\"><span style=\"font-size: 10.0pt; font-family: 'Arial','sans-serif'; color: black;\">2016 war Flamenco und andalusische Musik der Gruppe Lodani angesagt. Auch zu dieser Veranstaltung hatte man mit der \u201eBodega San Antonio\u201c den K\u00fcnstlern einen Rahmen geschaffen, in dem sie ihre G\u00e4ste in den hei\u00dfen S\u00fcden entf\u00fchren sollten. Zudem stimmten Sangria und Tapas die Zuschauer auf das nun folgende Feuerwerk spanischer Kultur und Lebensfreude ein.<\/span><\/p>\n<p style=\"margin: 0cm; margin-bottom: .0001pt; text-align: justify;\"><span style=\"font-size: 10.0pt; font-family: 'Arial','sans-serif'; color: black;\">\u00a0<\/span><\/p>\n<p style=\"margin: 0cm; margin-bottom: .0001pt; text-align: justify;\"><span style=\"font-size: 10.0pt; font-family: 'Arial','sans-serif'; color: black;\">2017 erwarten wir eine K\u00fcnstlertruppe aus der Ukraine, die uns schon zweimal in den vergangenen Jahren mit Folkloreshows erfreute. Am Sonntag, dem 9. Juli, laden sie uns um 17.00 Uhr zu einem Konzert der besonderen Art in die Antoniuskapelle ein. Heimatverein und Kulturamt\u00a0bewirten die G\u00e4ste anschlie\u00dfend mit einem kleinen Umtrunk.<\/span><\/p>\n<p style=\"margin: 0cm; margin-bottom: .0001pt; text-align: justify;\"><span style=\"font-size: 10.0pt; font-family: 'Arial','sans-serif'; color: black;\">\u00a0<\/span><\/p>\n<p style=\"margin: 0cm; margin-bottom: .0001pt; text-align: justify;\"><span style=\"font-size: 10.0pt; font-family: 'Arial','sans-serif'; color: black;\">Werner Schmidt<\/span><\/p>\n<p>&nbsp;<\/p>\n<p style=\"margin: 0cm; margin-bottom: .0001pt; text-align: center;\" align=\"center\"><strong><span style=\"font-family: 'Arial','sans-serif'; color: black;\">Ukraine-Ensemble &#8222;Sbrutsch&#8220;<\/span><\/strong><\/p>\n<p style=\"margin: 0cm; margin-bottom: .0001pt; text-align: center;\" align=\"center\"><strong><span style=\"font-family: 'Arial','sans-serif'; color: black;\">in concert<\/span><\/strong><\/p>\n<p style=\"margin: 0cm; margin-bottom: .0001pt;\"><strong><span style=\"font-size: 10.0pt; font-family: 'Arial','sans-serif'; color: black;\">\u00a0<\/span><\/strong><\/p>\n<p style=\"margin: 0cm; margin-bottom: .0001pt; text-align: justify;\"><span style=\"font-size: 10.0pt; font-family: 'Arial','sans-serif'; color: black;\">Das Ensemble \u201eSbrutsch\u201c aus der Ukraine hat sich nach dem Fluss benannt, der durch ihre Heimatstadt Ternopil im Westen der Ukraine flie\u00dft. Die Mitglieder haben alle eine professionelle Ausbildung und sind als Musiker und Musikerzieher an der Philharmomie der Stadt Ternopil und am dortigen Konservatorium t\u00e4tig. Sie verstehen sich auch als kulturelle Botschafterinnen und Botschafter ihres Landes. So sind sie bereits als Interpreten ihrer heimatlichen Folklore auch hierzulande gut bekannt.<\/span><\/p>\n<p style=\"margin: 0cm; margin-bottom: .0001pt; text-align: justify;\"><span style=\"font-size: 10.0pt; font-family: 'Arial','sans-serif'; color: black;\">\u00a0<\/span><\/p>\n<p style=\"margin: 0cm; margin-bottom: .0001pt; text-align: justify;\"><span style=\"font-size: 10.0pt; font-family: 'Arial','sans-serif'; color: black;\">Bei ihrem Konzert in der Antonius-Kapelle in Niedersaubach zeigen sie nun, dass sie auch die \u201eHits\u201c der europ\u00e4ischen und amerikanischen Musik-Tradition beherrschen. Unter dem Motto \u201eThe Sound of Silence\u201c beginnen sie im Barock mit Georg Friedrich H\u00e4ndel und kommen \u00fcber Komponisten wie etwa Schubert, Franck oder Puccini zu bekannten Titeln aus Popmusik und Musicals. Sie werden dabei die virtuose Beherrschung ihrer Stimmen und ihrer Instrumente unter Beweis stellen.<\/span><\/p>\n<p style=\"margin: 0cm; margin-bottom: .0001pt; text-align: justify;\"><span style=\"font-size: 10.0pt; font-family: 'Arial','sans-serif'; color: black;\">\u00a0<\/span><\/p>\n<p style=\"margin: 0cm; margin-bottom: .0001pt; text-align: justify;\"><span style=\"font-size: 10.0pt; font-family: 'Arial','sans-serif'; color: black;\">Der Eintritt sei frei, um Spenden am Ausgang wird aber gebeten. Das Ensemble ,Sbrutsch\u2018 hilft kranken Menschen in der Ukraine. Die Spenden kommen Menschen in der Ukraine zugute, die der Solidarit\u00e4t bed\u00fcrfen, etwa das Waisenhaus in Ternopil. Aufgrund der politischen Entwicklung ist dieses Engagement noch dringender als in den Jahren zuvor.<\/span><\/p>\n<p style=\"margin: 0cm; margin-bottom: .0001pt; text-align: justify;\"><span style=\"font-size: 10.0pt; font-family: 'Arial','sans-serif'; color: black;\">\u00a0<\/span><\/p>\n<p style=\"margin: 0cm; margin-bottom: .0001pt;\"><span style=\"font-size: 10.0pt; font-family: 'Arial','sans-serif'; color: black;\">Walter Nimmesgern<\/span><\/p>\n","protected":false},"excerpt":{"rendered":"<p>sound_of_silence_flyerA5-1 \u00a9 Prof. Ivica Maksimovic Musikalische Reise durch Europa \u00a0 Der Heimatverein \u201eUnser Niedersaubach\u201c setzt seine musikalische Reise durch Europa fort. Mit Unterst\u00fctzung\u00a0des Kulturamtes der Stadt Lebach haben wir\u00a0in diesem Jahr Musiker aus der Westukraine zu Gast. \u00a0 Wir erinnern &hellip; <a href=\"https:\/\/unser-niedersaubach.de\/?p=7414\">Weiterlesen <span class=\"meta-nav\">&rarr;<\/span><\/a><\/p>\n","protected":false},"author":2,"featured_media":7416,"comment_status":"open","ping_status":"open","sticky":false,"template":"","format":"gallery","meta":{"ngg_post_thumbnail":0,"footnotes":""},"categories":[13,129,132],"tags":[130,514],"class_list":["post-7414","post","type-post","status-publish","format-gallery","has-post-thumbnail","hentry","category-antoniuskapelle","category-kulturprogramm","category-veranstaltungen","tag-sbrutsch","tag-sound-of-silence","post_format-post-format-gallery"],"_links":{"self":[{"href":"https:\/\/unser-niedersaubach.de\/index.php?rest_route=\/wp\/v2\/posts\/7414","targetHints":{"allow":["GET"]}}],"collection":[{"href":"https:\/\/unser-niedersaubach.de\/index.php?rest_route=\/wp\/v2\/posts"}],"about":[{"href":"https:\/\/unser-niedersaubach.de\/index.php?rest_route=\/wp\/v2\/types\/post"}],"author":[{"embeddable":true,"href":"https:\/\/unser-niedersaubach.de\/index.php?rest_route=\/wp\/v2\/users\/2"}],"replies":[{"embeddable":true,"href":"https:\/\/unser-niedersaubach.de\/index.php?rest_route=%2Fwp%2Fv2%2Fcomments&post=7414"}],"version-history":[{"count":5,"href":"https:\/\/unser-niedersaubach.de\/index.php?rest_route=\/wp\/v2\/posts\/7414\/revisions"}],"predecessor-version":[{"id":7424,"href":"https:\/\/unser-niedersaubach.de\/index.php?rest_route=\/wp\/v2\/posts\/7414\/revisions\/7424"}],"wp:featuredmedia":[{"embeddable":true,"href":"https:\/\/unser-niedersaubach.de\/index.php?rest_route=\/wp\/v2\/media\/7416"}],"wp:attachment":[{"href":"https:\/\/unser-niedersaubach.de\/index.php?rest_route=%2Fwp%2Fv2%2Fmedia&parent=7414"}],"wp:term":[{"taxonomy":"category","embeddable":true,"href":"https:\/\/unser-niedersaubach.de\/index.php?rest_route=%2Fwp%2Fv2%2Fcategories&post=7414"},{"taxonomy":"post_tag","embeddable":true,"href":"https:\/\/unser-niedersaubach.de\/index.php?rest_route=%2Fwp%2Fv2%2Ftags&post=7414"}],"curies":[{"name":"wp","href":"https:\/\/api.w.org\/{rel}","templated":true}]}}