{"id":7474,"date":"2017-10-22T21:42:04","date_gmt":"2017-10-22T20:42:04","guid":{"rendered":"https:\/\/unser-niedersaubach.de\/?p=7474"},"modified":"2017-11-23T13:36:11","modified_gmt":"2017-11-23T12:36:11","slug":"volkstrauertag-3","status":"publish","type":"post","link":"https:\/\/unser-niedersaubach.de\/?p=7474","title":{"rendered":"Volkstrauertag am Sonntag, 19. November 2017"},"content":{"rendered":"<p><strong><em>Einladung zur Einweihungsfeier<\/em><\/strong><\/p>\n<p><strong><em>des Napoleonkreuzes<\/em><\/strong><\/p>\n<p><strong><em>am Volkstrauertag<br \/>\n<\/em><\/strong><\/p>\n<p><em>\u00a0<\/em><\/p>\n<p><em>Getreu nach dem Leitspruch unseres Internetportals \u201e<strong><u>unser-niedersaubach.de<\/u><\/strong>\u201c von Stefan Zweig \u201e<strong>Wer seine Wurzeln nicht kennt, kennt keinen Halt\u201c<\/strong> recherchieren und dokumentieren wir seit Gr\u00fcndung unseres Portals im Jahre 2009 nicht nur ein buntes Kaleidoskop unseres Dorflebens, sondern auch seine\u00a0 Historie, soweit wir noch f\u00fcndig werden. <\/em><\/p>\n<p><em>Anfang 2015 haben wir einen historischen Schatz geborgen: Ein Wegekreuz aus der napoleonischen Zeit! <\/em><em>Das Mahnmal stand urspr\u00fcnglich weit au\u00dferhalb unseres Dorfes an der \u201eRennstra\u00dfe\u201c zwischen Schmelz und Lebach auf Saubacher Bann. Es war in einem j\u00e4mmerlichen Zustand und erf\u00fcllte nicht mehr seinen ihm zugedachten Zweck des Erinnerns an die Gefallenen unseres Dorfes in den Napoleonischen Feldz\u00fcgen. <\/em><em>Wir beschlossen, dieses Mahnmal restaurieren zu lassen und fanden kulturbeflissene Sponsoren: Saartoto, Lions-Club Lebach, KSK Saarlouis, LevoBank.\u00a0 Vielen herzlichen Dank!<\/em><\/p>\n<p><em>Mit der \u00a0Restauration beauftragten wir Edwin Reis aus \u00dcberroth, der uns bereits mit dem R\u00fcmmelbacher Napoleonkreuz restlos \u00fcberzeugte. Edwin hat ein wahres Barockkunstwerk als Mahnmal des Friedens geschaffen. Mit \u00e4u\u00dferst sensiblem Feingef\u00fchl hat er aus dem verwitterten Block die kaum noch erkennbaren Konturen herausgearbeitet und da, wo notwendig, nicht mehr vorhandene Strukturen dem urspr\u00fcnglichen Werk nachempfunden. Wertvolle historische Unterst\u00fctzung erfuhr er von Walter Lesch, einem B\u00fcrger aus Thalexweiler, der sich als Sanierer von alten Wegekreuzen einen Namen gemacht hat. <\/em><em>Er war es, der diesen Stein als Wegekreuz aus der Napoleonzeit identifizierte und die umlaufende Schrift entzifferte. Danken m\u00f6chten wir auch unserem Mitb\u00fcrger Dietmar Scherer, der uns wieder \u2013 wie schon des \u00d6fteren \u2013 zur Seite stand und das Fundament gegossen hat.<\/em><\/p>\n<p><em>In unserem Dorf f\u00fcgt man jetzt auf Beschluss des Ortsrates den Gefallenen- und Opfertafeln in unserer Kapelle ein weiteres Mahnmal eingedenk der stetigen Kriege zwischen den europ\u00e4ischen V\u00f6lkern hinzu. <\/em><\/p>\n<p><strong><em>M\u00f6gen unsere nachfolgenden Generationen wie wir voller Dankbarkeit an dem gro\u00dfen Friedensprojekt &#8211; dem Vereinigten Europa &#8211; \u00a0festhalten, damit sich niemals mehr Franzosen und Deutsche einander auf dem Schlachtfeld gegen\u00fcber stehen. \u00a0\u00a0\u00a0 \u00a0\u00a0<\/em><\/strong><\/p>\n<p><em>Das eindrucksvolle Mahnmal soll am Volkstrauertag im Rahmen der Gedenkfeier enth\u00fcllt, eingeweiht und seiner Bestimmung vor unserer Antoniuskapelle \u00fcbergeben werden. (<strong>Programm folgt!<\/strong>)<\/em><\/p>\n<p><strong><em>Wir laden ganz herzlich zu dieser Feier ein.<\/em><\/strong><\/p>\n<p><strong><em>Werner Schmidt<\/em><\/strong><\/p>\n<div id=\"attachment_7475\" style=\"width: 594px\" class=\"wp-caption aligncenter\"><a href=\"https:\/\/unser-niedersaubach.de\/wp-content\/uploads\/2017\/10\/Begutachtung.jpg\" target=\"_blank\" rel=\"noopener\"><img loading=\"lazy\" decoding=\"async\" aria-describedby=\"caption-attachment-7475\" class=\"wp-image-7475 size-large\" src=\"https:\/\/unser-niedersaubach.de\/wp-content\/uploads\/2017\/10\/Begutachtung-1024x768.jpg\" alt=\"\" width=\"584\" height=\"438\" srcset=\"https:\/\/unser-niedersaubach.de\/wp-content\/uploads\/2017\/10\/Begutachtung-1024x768.jpg 1024w, https:\/\/unser-niedersaubach.de\/wp-content\/uploads\/2017\/10\/Begutachtung-300x225.jpg 300w, https:\/\/unser-niedersaubach.de\/wp-content\/uploads\/2017\/10\/Begutachtung-768x576.jpg 768w, https:\/\/unser-niedersaubach.de\/wp-content\/uploads\/2017\/10\/Begutachtung-400x300.jpg 400w\" sizes=\"auto, (max-width: 584px) 100vw, 584px\" \/><\/a><p id=\"caption-attachment-7475\" class=\"wp-caption-text\">Ein verwitterter Steinbrocken wird auf Saubacher Bann geborgen; \u00a9 Lothar Schmidt<\/p><\/div>\n<div id=\"attachment_7476\" style=\"width: 594px\" class=\"wp-caption aligncenter\"><a href=\"https:\/\/unser-niedersaubach.de\/wp-content\/uploads\/2017\/10\/Entzifferung.jpg\" target=\"_blank\" rel=\"noopener\"><img loading=\"lazy\" decoding=\"async\" aria-describedby=\"caption-attachment-7476\" class=\"wp-image-7476 size-large\" src=\"https:\/\/unser-niedersaubach.de\/wp-content\/uploads\/2017\/10\/Entzifferung-1024x768.jpg\" alt=\"\" width=\"584\" height=\"438\" srcset=\"https:\/\/unser-niedersaubach.de\/wp-content\/uploads\/2017\/10\/Entzifferung-1024x768.jpg 1024w, https:\/\/unser-niedersaubach.de\/wp-content\/uploads\/2017\/10\/Entzifferung-300x225.jpg 300w, https:\/\/unser-niedersaubach.de\/wp-content\/uploads\/2017\/10\/Entzifferung-768x576.jpg 768w, https:\/\/unser-niedersaubach.de\/wp-content\/uploads\/2017\/10\/Entzifferung-400x300.jpg 400w\" sizes=\"auto, (max-width: 584px) 100vw, 584px\" \/><\/a><p id=\"caption-attachment-7476\" class=\"wp-caption-text\">Walter Lesch entziffert die Umlaufschrift: 1813 f\u00fcr die Gefallenen errichtet; \u00a9 Lothar Schmidt<\/p><\/div>\n<div id=\"attachment_7477\" style=\"width: 586px\" class=\"wp-caption aligncenter\"><a href=\"https:\/\/unser-niedersaubach.de\/wp-content\/uploads\/2017\/10\/Meisterwerk.jpg\" target=\"_blank\" rel=\"noopener\"><img loading=\"lazy\" decoding=\"async\" aria-describedby=\"caption-attachment-7477\" class=\"wp-image-7477 size-large\" src=\"https:\/\/unser-niedersaubach.de\/wp-content\/uploads\/2017\/10\/Meisterwerk-576x1024.jpg\" alt=\"\" width=\"576\" height=\"1024\" srcset=\"https:\/\/unser-niedersaubach.de\/wp-content\/uploads\/2017\/10\/Meisterwerk-576x1024.jpg 576w, https:\/\/unser-niedersaubach.de\/wp-content\/uploads\/2017\/10\/Meisterwerk-169x300.jpg 169w, https:\/\/unser-niedersaubach.de\/wp-content\/uploads\/2017\/10\/Meisterwerk-768x1365.jpg 768w, https:\/\/unser-niedersaubach.de\/wp-content\/uploads\/2017\/10\/Meisterwerk.jpg 1872w\" sizes=\"auto, (max-width: 576px) 100vw, 576px\" \/><\/a><p id=\"caption-attachment-7477\" class=\"wp-caption-text\">Edwin Reis vollendet ein Meisterwerk; \u00a9 Lothar Schmidt<\/p><\/div>\n","protected":false},"excerpt":{"rendered":"<p>Einladung zur Einweihungsfeier des Napoleonkreuzes am Volkstrauertag \u00a0 Getreu nach dem Leitspruch unseres Internetportals \u201eunser-niedersaubach.de\u201c von Stefan Zweig \u201eWer seine Wurzeln nicht kennt, kennt keinen Halt\u201c recherchieren und dokumentieren wir seit Gr\u00fcndung unseres Portals im Jahre 2009 nicht nur ein &hellip; <a href=\"https:\/\/unser-niedersaubach.de\/?p=7474\">Weiterlesen <span class=\"meta-nav\">&rarr;<\/span><\/a><\/p>\n","protected":false},"author":2,"featured_media":7476,"comment_status":"open","ping_status":"open","sticky":false,"template":"","format":"gallery","meta":{"ngg_post_thumbnail":0,"footnotes":""},"categories":[13,54,25,132,150],"tags":[431,378,517],"class_list":["post-7474","post","type-post","status-publish","format-gallery","has-post-thumbnail","hentry","category-antoniuskapelle","category-bauwerke","category-gefallene","category-veranstaltungen","category-wegkreuz","tag-edwin-reis","tag-napoleonkreuz","tag-walter-lesch","post_format-post-format-gallery"],"_links":{"self":[{"href":"https:\/\/unser-niedersaubach.de\/index.php?rest_route=\/wp\/v2\/posts\/7474","targetHints":{"allow":["GET"]}}],"collection":[{"href":"https:\/\/unser-niedersaubach.de\/index.php?rest_route=\/wp\/v2\/posts"}],"about":[{"href":"https:\/\/unser-niedersaubach.de\/index.php?rest_route=\/wp\/v2\/types\/post"}],"author":[{"embeddable":true,"href":"https:\/\/unser-niedersaubach.de\/index.php?rest_route=\/wp\/v2\/users\/2"}],"replies":[{"embeddable":true,"href":"https:\/\/unser-niedersaubach.de\/index.php?rest_route=%2Fwp%2Fv2%2Fcomments&post=7474"}],"version-history":[{"count":3,"href":"https:\/\/unser-niedersaubach.de\/index.php?rest_route=\/wp\/v2\/posts\/7474\/revisions"}],"predecessor-version":[{"id":7513,"href":"https:\/\/unser-niedersaubach.de\/index.php?rest_route=\/wp\/v2\/posts\/7474\/revisions\/7513"}],"wp:featuredmedia":[{"embeddable":true,"href":"https:\/\/unser-niedersaubach.de\/index.php?rest_route=\/wp\/v2\/media\/7476"}],"wp:attachment":[{"href":"https:\/\/unser-niedersaubach.de\/index.php?rest_route=%2Fwp%2Fv2%2Fmedia&parent=7474"}],"wp:term":[{"taxonomy":"category","embeddable":true,"href":"https:\/\/unser-niedersaubach.de\/index.php?rest_route=%2Fwp%2Fv2%2Fcategories&post=7474"},{"taxonomy":"post_tag","embeddable":true,"href":"https:\/\/unser-niedersaubach.de\/index.php?rest_route=%2Fwp%2Fv2%2Ftags&post=7474"}],"curies":[{"name":"wp","href":"https:\/\/api.w.org\/{rel}","templated":true}]}}