{"id":7558,"date":"2018-03-20T00:49:27","date_gmt":"2018-03-19T23:49:27","guid":{"rendered":"https:\/\/unser-niedersaubach.de\/?p=7558"},"modified":"2018-07-20T11:00:50","modified_gmt":"2018-07-20T10:00:50","slug":"startschuss-fuer-schnelles-internet-in-niedersaubach","status":"publish","type":"post","link":"https:\/\/unser-niedersaubach.de\/?p=7558","title":{"rendered":"Startschuss f\u00fcr schnelles Internet in Niedersaubach"},"content":{"rendered":"<p>Hallo und Guten Tag,<\/p>\n<p>gaaaanz kurzfristig (also eben) hat sich ergeben, dass wir \u00fcbermorgen, also am 21. M\u00e4rz, um 11.00 Uhr mit der Telekom den lang ersehnten Spatenstich durchf\u00fchren k\u00f6nnen. Dieser Spatenstich ist gewisserma\u00dfen der Startschuss f\u00fcr schnelles Internet in Lebach bis Ende des Jahres. Niedersaubach ist mittlerweile der letzte ganz wei\u00dfe Fleck in Punkto Internet stadtweit, weswegen die B\u00fcrgerinnen und B\u00fcrger dort froh sein d\u00fcrften, dass auch ihr Stadtteil nun in Angriff genommen wird.<\/p>\n<p>Hierzu lade ich Sie auch im Namen der Telekom herzlich ein. Treffpunkt ist der graue Kabelverzweiger direkt vor dem Anwesen Antoniusstra\u00dfe 27. Ich empfehle, vor dem Antoniusheim zu parken.<\/p>\n<p>Wir w\u00fcrden uns \u00fcber Ihre Teilnahme freuen.<\/p>\n<p>Einstweilen viele Gr\u00fc\u00dfe aus dem Lebacher Rathaus<\/p>\n<p><b><i>Toni Bartz<\/i><\/b><\/p>\n<p>Leiter der Stabsstelle<\/p>\n<p>Presse- und \u00d6ffentlichkeitsarbeit<\/p>\n","protected":false},"excerpt":{"rendered":"<p>Hallo und Guten Tag, gaaaanz kurzfristig (also eben) hat sich ergeben, dass wir \u00fcbermorgen, also am 21. M\u00e4rz, um 11.00 Uhr mit der Telekom den lang ersehnten Spatenstich durchf\u00fchren k\u00f6nnen. Dieser Spatenstich ist gewisserma\u00dfen der Startschuss f\u00fcr schnelles Internet in &hellip; <a href=\"https:\/\/unser-niedersaubach.de\/?p=7558\">Weiterlesen <span class=\"meta-nav\">&rarr;<\/span><\/a><\/p>\n","protected":false},"author":2,"featured_media":0,"comment_status":"open","ping_status":"open","sticky":false,"template":"","format":"gallery","meta":{"ngg_post_thumbnail":0,"footnotes":""},"categories":[297,132],"tags":[305,527,528,529],"class_list":["post-7558","post","type-post","status-publish","format-gallery","hentry","category-kommunalpolitik","category-veranstaltungen","tag-schnelles-internet","tag-startschuss","tag-telekom","tag-toni-bartz","post_format-post-format-gallery"],"_links":{"self":[{"href":"https:\/\/unser-niedersaubach.de\/index.php?rest_route=\/wp\/v2\/posts\/7558","targetHints":{"allow":["GET"]}}],"collection":[{"href":"https:\/\/unser-niedersaubach.de\/index.php?rest_route=\/wp\/v2\/posts"}],"about":[{"href":"https:\/\/unser-niedersaubach.de\/index.php?rest_route=\/wp\/v2\/types\/post"}],"author":[{"embeddable":true,"href":"https:\/\/unser-niedersaubach.de\/index.php?rest_route=\/wp\/v2\/users\/2"}],"replies":[{"embeddable":true,"href":"https:\/\/unser-niedersaubach.de\/index.php?rest_route=%2Fwp%2Fv2%2Fcomments&post=7558"}],"version-history":[{"count":2,"href":"https:\/\/unser-niedersaubach.de\/index.php?rest_route=\/wp\/v2\/posts\/7558\/revisions"}],"predecessor-version":[{"id":7750,"href":"https:\/\/unser-niedersaubach.de\/index.php?rest_route=\/wp\/v2\/posts\/7558\/revisions\/7750"}],"wp:attachment":[{"href":"https:\/\/unser-niedersaubach.de\/index.php?rest_route=%2Fwp%2Fv2%2Fmedia&parent=7558"}],"wp:term":[{"taxonomy":"category","embeddable":true,"href":"https:\/\/unser-niedersaubach.de\/index.php?rest_route=%2Fwp%2Fv2%2Fcategories&post=7558"},{"taxonomy":"post_tag","embeddable":true,"href":"https:\/\/unser-niedersaubach.de\/index.php?rest_route=%2Fwp%2Fv2%2Ftags&post=7558"}],"curies":[{"name":"wp","href":"https:\/\/api.w.org\/{rel}","templated":true}]}}